{"id":41333,"date":"2025-08-20T07:54:53","date_gmt":"2025-08-20T07:54:53","guid":{"rendered":"https:\/\/calatorinromania.com\/?p=41333"},"modified":"2025-08-20T07:54:54","modified_gmt":"2025-08-20T07:54:54","slug":"sotul-meu-se-mutase-cu-amanta-lui","status":"publish","type":"post","link":"https:\/\/calatorinromania.com\/?p=41333","title":{"rendered":"So\u021bul meu se mutase cu amanta lui"},"content":{"rendered":"\n<h1><\/h1>\n\n\n\n<p>M-am uitat la el cu o lini\u0219te pe care nici eu nu o recuno\u0219team. \u00cen sufletul meu nu mai era loc de lacrimi, doar de hot\u0103r\u00e2re.<\/p>\n\n\n\n<p><\/p>\n\n\n\n<p>\u201e\u00ce\u021bi las mama. E a ta. Ai spus mereu c\u0103 eu m\u0103 pricep mai bine. Dar adev\u0103rul e c\u0103 tu ai fugit de responsabilit\u0103\u021bi. Eu mi-am f\u0103cut partea, acum \u021bi-o predau \u021bie.\u201d<\/p>\n\n\n\n<p><\/p>\n\n\n\n<p>Soacra mea l-a privit cu un z\u00e2mbet larg, ne\u0219tiind nimic. \u201eMihai, dragul mamei, am venit s\u0103 stau la tine c\u00e2teva zile. Ce bine c\u0103 te v\u0103d.\u201d<\/p>\n\n\n\n<p><\/p>\n\n\n\n<p>El a r\u0103mas mut. Femeia de l\u00e2ng\u0103 el, cu bra\u021bele str\u00e2nse la piept, \u00eencerca s\u0103 par\u0103 st\u0103p\u00e2n\u0103 pe situa\u021bie, dar i se citea nervozitatea \u00een priviri.<\/p>\n\n\n\n<p><\/p>\n\n\n\n<p>Am inspirat ad\u00e2nc \u0219i am continuat:<br>\u201eAi ales s\u0103 pleci. Nu am s\u0103 te opresc. Dar nu mai l\u0103sa altora povara ta. E\u0219ti fiul ei. Tu e\u0219ti cel care trebuie s\u0103 fie aici, nu eu. Eu am un copil de crescut \u0219i o via\u021b\u0103 de reconstruit.\u201d<\/p>\n\n\n\n<p><\/p>\n\n\n\n<p><\/p>\n\n\n\n<p>\u00cen odaie s-a l\u0103sat o t\u0103cere ap\u0103s\u0103toare. Mirosul dulceag de parfum nu mai ascundea ru\u0219inea care se a\u0219ternuse \u00eentre noi.<\/p>\n\n\n\n<p><\/p>\n\n\n\n<p>Am s\u0103rutat-o pe frunte pe soacra mea \u0219i am \u0219optit: \u201eAi grij\u0103 de tine, mam\u0103. Eu mi-am f\u0103cut datoria.\u201d<\/p>\n\n\n\n<p><\/p>\n\n\n\n<p>Apoi am privit ultima dat\u0103 chipul lui Mihai. Nu mai era b\u0103rbatul pe care-l iubisem, ci un str\u0103in. Am \u00eentors spatele \u0219i am ie\u0219it din apartament cu pa\u0219i fermi.<\/p>\n\n\n\n<p><\/p>\n\n\n\n<p>Pe drum, frigul serii mi-a p\u0103truns \u00een oase, dar \u00een inim\u0103 mi se aprindea o c\u0103ldur\u0103 nou\u0103. Era libertatea. Libertatea de a nu mai tr\u0103i \u00een umbra tr\u0103d\u0103rii \u0219i a greut\u0103\u021bilor impuse.<\/p>\n\n\n\n<p>Acas\u0103 m-a \u00eent\u00e2mpinat fiul meu. S-a ag\u0103\u021bat de g\u00e2tul meu, iar eu i-am z\u00e2mbit cu o for\u021b\u0103 pe care nu \u0219tiam c\u0103 o am. \u201eDe acum suntem doar noi doi\u201d, i-am spus. \u201e\u0218i asta e suficient.\u201d<\/p>\n\n\n\n<p>\u00cen zilele ce au urmat, am redescoperit bucurii simple. Dimine\u021bile cu miros de cafea proasp\u0103t\u0103. Seara, pove\u0219tile la culcare. Am \u00eenceput s\u0103 pictez din nou, ceva ce abandonasem cu ani \u00een urm\u0103. Culorile se \u00eentindeau pe p\u00e2nz\u0103 ca o via\u021b\u0103 nou\u0103, curat\u0103.<\/p>\n\n\n\n<p>Vecinele m\u0103 priveau cu uimire. \u201eCum rezi\u0219ti?\u201d, m\u0103 \u00eentrebau. Eu doar ridicam din umeri. Rom\u00e2nca \u0219tie s\u0103 duc\u0103 greul, dar \u0219tie \u0219i s\u0103 renasc\u0103 din propria suferin\u021b\u0103. A\u0219a am fost crescute: s\u0103 nu ne pl\u00e2ngem, ci s\u0103 ne ridic\u0103m \u0219i s\u0103 mergem mai departe.<\/p>\n\n\n\n<p>\u00centr-o duminic\u0103 am mers la biseric\u0103. Am aprins o lum\u00e2nare pentru lini\u0219tea mea \u0219i pentru s\u0103n\u0103tatea soacrei mele. Nu din obliga\u021bie, ci din inim\u0103. Am sim\u021bit c\u0103, eliber\u00e2ndu-m\u0103 de ur\u0103, \u00eemi redob\u00e2ndesc sufletul.<\/p>\n\n\n\n<p>\u00cen curtea bisericii, b\u0103tr\u00e2nele \u0219u\u0219oteau, dar eu le-am z\u00e2mbit tuturor. Nu mai aveam nimic de ascuns. Povestea mea era una de durere, dar \u0219i de putere.<\/p>\n\n\n\n<p>\u00cen timp, Mihai a \u00eenceput s\u0103 sune. \u00cent\u00e2i timid, apoi insistent. \u201eNu m\u0103 descurc\u2026 nu pot singur\u2026\u201d Dar eu nu am mai r\u0103spuns. Fiecare om \u00ee\u0219i duce crucea. Eu mi-am dus-o pe a mea, iar acum era r\u00e2ndul lui.<\/p>\n\n\n\n<p>C\u00e2nd l-am v\u0103zut ultima dat\u0103, era schimbat. Sl\u0103bit, cu cearc\u0103ne ad\u00e2nci, purt\u00e2nd \u00een priviri oboseala unei vie\u021bi tr\u0103ite pe fug\u0103. Nu i-am spus nimic. Doar m-am uitat la el \u0219i am \u0219tiut: dreptatea se face singur\u0103, \u00een t\u0103cere.<\/p>\n\n\n\n<p>Ast\u0103zi, tr\u0103iesc cu fruntea sus. Nu mai sunt \u201enora\u201d care tace \u0219i rabd\u0103. Sunt femeia care a \u00eenv\u0103\u021bat c\u0103 dragostea adev\u0103rat\u0103 nu \u00eenseamn\u0103 sacrificiu f\u0103r\u0103 sf\u00e2r\u0219it, ci respect \u0219i demnitate.<\/p>\n\n\n\n<p>\u0218i dac\u0103 via\u021ba m-a \u00eenv\u0103\u021bat ceva, e c\u0103 atunci c\u00e2nd alegi s\u0103-\u021bi p\u0103strezi demnitatea, c\u00e2\u0219tigi totul. Chiar \u0219i atunci c\u00e2nd pare c\u0103 pierzi.<\/p>\n\n\n\n<p><em>Aceast\u0103 lucrare este inspirat\u0103 din evenimente \u0219i persoane reale, \u00eens\u0103 a fost fic\u021bionalizat\u0103 \u00een scopuri creative. Numele, personajele \u0219i detaliile au fost schimbate pentru a proteja intimitatea \u0219i pentru a \u00eembun\u0103t\u0103\u021bi nara\u021biunea. Orice asem\u0103nare cu persoane reale, \u00een via\u021b\u0103 sau decedate, sau cu evenimente reale este pur \u00eent\u00e2mpl\u0103toare \u0219i nu este inten\u021bionat\u0103 de c\u0103tre autor.<\/em><\/p>\n\n\n\n<p><em>Autorul \u0219i editorul nu \u00ee\u0219i asum\u0103 responsabilitatea pentru exactitatea evenimentelor sau pentru modul \u00een care sunt portretizate personajele \u0219i nu sunt r\u0103spunz\u0103tori pentru eventuale interpret\u0103ri gre\u0219ite. Aceast\u0103 poveste este oferit\u0103 \u201eca atare\u201d, iar orice opinii exprimate apar\u021bin personajelor \u0219i nu reflect\u0103 punctele de vedere ale autorului sau ale editorului.<\/em><\/p>\n","protected":false},"excerpt":{"rendered":"<p>M-am uitat la el cu o lini\u0219te pe care nici eu nu o recuno\u0219team. \u00cen sufletul meu nu mai era loc de lacrimi, doar de<\/p>\n","protected":false},"author":1,"featured_media":40939,"comment_status":"closed","ping_status":"closed","sticky":false,"template":"","format":"standard","meta":[],"categories":[1],"tags":[],"_links":{"self":[{"href":"https:\/\/calatorinromania.com\/index.php?rest_route=\/wp\/v2\/posts\/41333"}],"collection":[{"href":"https:\/\/calatorinromania.com\/index.php?rest_route=\/wp\/v2\/posts"}],"about":[{"href":"https:\/\/calatorinromania.com\/index.php?rest_route=\/wp\/v2\/types\/post"}],"author":[{"embeddable":true,"href":"https:\/\/calatorinromania.com\/index.php?rest_route=\/wp\/v2\/users\/1"}],"replies":[{"embeddable":true,"href":"https:\/\/calatorinromania.com\/index.php?rest_route=%2Fwp%2Fv2%2Fcomments&post=41333"}],"version-history":[{"count":1,"href":"https:\/\/calatorinromania.com\/index.php?rest_route=\/wp\/v2\/posts\/41333\/revisions"}],"predecessor-version":[{"id":41334,"href":"https:\/\/calatorinromania.com\/index.php?rest_route=\/wp\/v2\/posts\/41333\/revisions\/41334"}],"wp:featuredmedia":[{"embeddable":true,"href":"https:\/\/calatorinromania.com\/index.php?rest_route=\/wp\/v2\/media\/40939"}],"wp:attachment":[{"href":"https:\/\/calatorinromania.com\/index.php?rest_route=%2Fwp%2Fv2%2Fmedia&parent=41333"}],"wp:term":[{"taxonomy":"category","embeddable":true,"href":"https:\/\/calatorinromania.com\/index.php?rest_route=%2Fwp%2Fv2%2Fcategories&post=41333"},{"taxonomy":"post_tag","embeddable":true,"href":"https:\/\/calatorinromania.com\/index.php?rest_route=%2Fwp%2Fv2%2Ftags&post=41333"}],"curies":[{"name":"wp","href":"https:\/\/api.w.org\/{rel}","templated":true}]}}