{"id":41329,"date":"2025-08-20T07:43:50","date_gmt":"2025-08-20T07:43:50","guid":{"rendered":"https:\/\/calatorinromania.com\/?p=41329"},"modified":"2025-08-20T07:43:50","modified_gmt":"2025-08-20T07:43:50","slug":"milionarul-si-a-gasit-angajata-alaptandu-si-copilul-iar-decizia-pe-care-a-luat-o-apoi-i-a-surprins-pe-toti-continuarea","status":"publish","type":"post","link":"https:\/\/calatorinromania.com\/?p=41329","title":{"rendered":"\u201dMilionarul \u0219i-a g\u0103sit angajata al\u0103pt\u00e2ndu-\u0219i copilul, iar decizia pe care a luat-o apoi i-a surprins pe to\u021bi\u201d \u2013 continuarea"},"content":{"rendered":"\n<p>Milionarul \u0219i-a g\u0103sit angajata al\u0103pt\u00e2ndu-\u0219i copilul, iar decizia pe care a luat-o apoi i-a surprins pe to\u021bi.<\/p>\n\n\n\n<p><\/p>\n\n\n\n<p>\u2014 Camelia.<\/p>\n\n\n\n<p><\/p>\n\n\n\n<p>Vocea lui Andrei Mure\u0219an a spart lini\u0219tea ca un cu\u021bit care taie sticla.<\/p>\n\n\n\n<p><\/p>\n\n\n\n<p>Pantofii s\u0103i scumpi s-au oprit pe marmura lucioas\u0103 a apartamentului din centrul Clujului, iar servieta din piele a c\u0103zut din m\u00e2na dreapt\u0103.<\/p>\n\n\n\n<p><\/p>\n\n\n\n<p>Camelia Pop a ridicat privirea din fotoliul bej, cu ochii mari, plini de panic\u0103.<\/p>\n\n\n\n<p><\/p>\n\n\n\n<p>\u00cen bra\u021bele ei, \u00eenf\u0103\u0219at\u0103 \u00eentr-o p\u0103turic\u0103 roz, o feti\u021b\u0103 de doar c\u00e2teva s\u0103pt\u0103m\u00e2ni sugea lini\u0219tit\u0103.<\/p>\n\n\n\n<p><\/p>\n\n\n\n<p>M\u0103nu\u0219ile de menaj, galbene, at\u00e2rnau de la \u00eencheieturi, \u00een contrast cu duio\u0219ia acelui moment.<\/p>\n\n\n\n<p><\/p>\n\n\n\n<p>\u2014 Domnule Mure\u0219an\u2026 Nu credeam c\u0103 v\u0103 \u00eentoarce\u021bi at\u00e2t de repede din Bucure\u0219ti, \u2014 \u00eeng\u0103im\u0103 ea, str\u00e2ng\u00e2nd copilul instinctiv la piept.<\/p>\n\n\n\n<p><\/p>\n\n\n\n<p>Andrei r\u0103mase \u00eencremenit.<\/p>\n\n\n\n<p>Avea 34 de ani \u0219i ridicase de unul singur un lan\u021b de distribu\u021bie de cafea premium, plec\u00e2nd de la afacerea modest\u0103 a p\u0103rin\u021bilor din Maramure\u0219. Trecuse prin falimente, negocieri dure \u0219i dou\u0103 divor\u021buri. Dar asta\u2026 \u00eel dezarma.<\/p>\n\n\n\n<p>\u2014 Ai un copil, \u2014 a rostit, f\u0103r\u0103 s\u0103 cear\u0103 confirmare.<\/p>\n\n\n\n<p>\u2014 O cheam\u0103 Irina. Are trei s\u0103pt\u0103m\u00e2ni, \u2014 a spus Camelia, ridic\u00e2nd fruntea cu acea demnitate t\u0103cut\u0103 care \u00eei atr\u0103sese respectul \u00eenc\u0103 de c\u00e2nd o angajase, cu doi ani \u00een urm\u0103.<\/p>\n\n\n\n<p>Apartamentul lui, de obicei ordonat \u0219i t\u0103cut ca o galerie de art\u0103, p\u0103rea brusc uman. L\u00e2ng\u0103 masa de sticl\u0103 st\u0103tea o pung\u0103 de scutece. Un p\u0103tu\u021b mic, pliabil, era ascuns timid \u00een spatele canapelei.<\/p>\n\n\n\n<p>\u2014 De ce nu mi-ai spus c\u0103 e\u0219ti \u00eens\u0103rcinat\u0103?<\/p>\n\n\n\n<p>Camelia \u00eenchise ochii pentru o clip\u0103, ca s\u0103 \u00ee\u0219i adune puterea. C\u00e2nd \u00eei deschise, privirea ei tr\u0103da oboseal\u0103, dar \u0219i demnitate.<\/p>\n\n\n\n<p>\u2014 Pentru c\u0103 nu \u00eemi permit s\u0103 pierd acest loc de munc\u0103. Familia mea din Satu Mare tr\u0103ie\u0219te din ce le trimit. Tata e bolnav, are diabet, \u0219i mama nu mai poate merge la lucru. Nici nu am contract. Dac\u0103 lipsesc c\u00e2teva luni, altcineva \u00eemi ia locul.<\/p>\n\n\n\n<p>Cuvintele ei \u00eel lovir\u0103 mai dur dec\u00e2t ar fi crezut.<\/p>\n\n\n\n<p>Timp de doi ani, Camelia \u021binuse apartamentul \u00een cea mai bun\u0103 ordine. Ajungea la \u0219ase diminea\u021ba, pleca la \u0219ase seara. \u0218tia cum \u00eei pl\u0103cea m\u00e2ncarea, cum s\u0103-i calce hainele, cum s\u0103 ude plantele astfel \u00eenc\u00e2t s\u0103 nu moar\u0103. \u0218i totu\u0219i\u2026 el nu \u0219tia nimic din via\u021ba ei.<\/p>\n\n\n\n<p>\u2014 Ai dreptul la concediu de maternitate\u2026 \u2014 zise el, \u00eencerc\u00e2nd s\u0103-\u0219i aminteasc\u0103 un articol citit demult.<\/p>\n\n\n\n<p>\u2014 Cu tot respectul\u2026 eu lucrez \u201ecu ziua\u201d, domnule. F\u0103r\u0103 contract. F\u0103r\u0103 asigurare. Dac\u0103 dispar optsprezece s\u0103pt\u0103m\u00e2ni, deja alt\u0103 femeie va fi aici \u00een locul meu.<\/p>\n\n\n\n<p>Adev\u0103rul \u00eel izbi.<\/p>\n\n\n\n<p>Presupusese c\u0103 salariul oferit era suficient. Nu se g\u00e2ndise niciodat\u0103 la drepturi, stabilitate, siguran\u021b\u0103.<\/p>\n\n\n\n<p>\u2014 Tat\u0103l copilului?<\/p>\n\n\n\n<p>\u2014 A plecat c\u00e2nd a aflat c\u0103 sunt \u00eens\u0103rcinat\u0103. A spus c\u0103 nu-l prive\u0219te. Nu l-am mai v\u0103zut.<\/p>\n\n\n\n<p>Feti\u021ba s-a mi\u0219cat \u00een bra\u021bele mamei \u0219i a scos un sc\u00e2ncet slab.<\/p>\n\n\n\n<p>Camelia a lini\u0219tit-o c\u00e2nt\u00e2nd u\u0219or o melodie veche, probabil din copil\u0103ria ei, una pe care Andrei nu o mai auzise niciodat\u0103.<\/p>\n\n\n\n<p>Telefonul i-a vibrat. Un mesaj de la avocat.<\/p>\n\n\n\n<p>\u201eS\u0103pt\u0103m\u00e2na viitoare e programat un control privind legalitatea angaj\u0103rilor casnice. Sper c\u0103 e\u0219ti \u00een regul\u0103.\u201d<\/p>\n\n\n\n<p>Andrei \u00eenchise telefonul f\u0103r\u0103 s\u0103 r\u0103spund\u0103.<\/p>\n\n\n\n<p>\u2014 Camelia, \u2014 a spus rar, cu o voce sc\u0103zut\u0103, \u2014 trebuie s\u0103 avem o discu\u021bie.<\/p>\n\n\n\n<p>Ea a \u00eencuviin\u021bat \u00eencet, preg\u0103tit\u0103 pentru ce era mai r\u0103u. Tr\u0103ise deja acest moment \u00een alte case. C\u00e2nd st\u0103p\u00e2nii afl\u0103 prea mult, devine prea complicat\u2026 prea omenesc.<\/p>\n\n\n\n<p>Doar c\u0103 de data aceasta, lucrurile aveau s\u0103 fie altfel.<\/p>\n\n\n\n<p>Andrei a luat loc \u00een fa\u021ba ei. T\u0103cerea dintre ei nu era st\u00e2njenitoare, ci profund\u0103.<\/p>\n\n\n\n<p>\u2014 Camelia, vreau s\u0103 te \u00eentreb ceva. Dac\u0103 \u021bi-a\u0219 oferi un contract real, pe termen lung, cu salariu complet, asigurare, zile libere \u0219i\u2026 posibilitatea s\u0103 r\u0103m\u00e2i cu copilul aici, ai accepta?<\/p>\n\n\n\n<p>Femeia l-a privit uluit\u0103.<\/p>\n\n\n\n<p>\u2014 Nu vreau mil\u0103, domnule.<\/p>\n\n\n\n<p>\u2014 Nu e mil\u0103, e recuno\u0219tin\u021b\u0103. \u0218i\u2026 umanitate, cred. Ai avut grij\u0103 de casa mea, de ritmul meu de via\u021b\u0103. A venit timpul s\u0103 \u00eentorc \u0219i eu ceva \u00eenapoi.<\/p>\n\n\n\n<p>Dou\u0103 s\u0103pt\u0103m\u00e2ni mai t\u00e2rziu, Camelia avea contract de munc\u0103, salariu dublu \u0219i program flexibil. \u00ce\u0219i putea aduce feti\u021ba la munc\u0103, iar Andrei a angajat un consultant care s\u0103-i ofere sprijin legal.<\/p>\n\n\n\n<p>\u00cen scurt timp, Irina avea p\u0103tu\u021bul ei \u00eentr-o camer\u0103 special amenajat\u0103. Iar Camelia, pentru prima dat\u0103 \u00een via\u021b\u0103, \u00eencepea s\u0103 simt\u0103 c\u0103 apar\u021bine cuiva, c\u0103 poate respira f\u0103r\u0103 team\u0103.<\/p>\n\n\n\n<p>\u00centr-o sear\u0103, Andrei a venit mai devreme acas\u0103. Le-a g\u0103sit pe am\u00e2ndou\u0103 dormind pe canapea. Irina cu m\u00e2nu\u021ba pe pieptul mamei, iar Camelia, z\u00e2mbind \u00een somn.<\/p>\n\n\n\n<p>A realizat c\u0103 nu era doar un apartament. \u00cencepuse s\u0103 se simt\u0103 ca acas\u0103.<\/p>\n\n\n\n<p>Iar \u00eentr-un col\u021b al sufletului s\u0103u, \u00eencol\u021bea o \u00eentrebare: \u0219i dac\u0103\u2026 familia pe care o c\u0103utase mereu n-a venit dintr-o c\u0103snicie perfect\u0103, ci dintr-un moment imperfect de umanitate?<\/p>\n\n\n\n<p>Dar asta era o \u00eentrebare pentru mai t\u00e2rziu. Deocamdat\u0103, tot ce conta era c\u0103 Irina r\u00e2dea. \u0218i c\u0103 nimeni nu pleca nic\u0103ieri.<\/p>\n\n\n\n<p>Dac\u0103 \u021bi-a pl\u0103cut povestea, nu uita s\u0103 o distribui cu prietenii t\u0103i! \u00cempreun\u0103 putem duce mai departe emo\u021bia \u0219i inspira\u021bia.<\/p>\n\n\n\n<p>\u201dAceast\u0103 poveste este inspirat\u0103 din evenimente \u0219i persoane reale, \u00eens\u0103 a fost fic\u021bionalizat\u0103 \u00een scopuri creative. Numele, personajele \u0219i detaliile au fost schimbate pentru a proteja intimitatea \u0219i pentru a \u00eembun\u0103t\u0103\u021bi nara\u021biunea. Orice asem\u0103nare cu persoane reale, sau cu evenimente reale este pur \u00eent\u00e2mpl\u0103toare \u0219i nu este inten\u021bionat\u0103 de c\u0103tre autor.<\/p>\n\n\n\n<p>Autorul \u0219i editorul nu \u00ee\u0219i asum\u0103 responsabilitatea pentru exactitatea evenimentelor sau pentru modul \u00een care sunt portretizate personajele \u0219i nu sunt r\u0103spunz\u0103tori pentru eventuale interpret\u0103ri gre\u0219ite. Aceast\u0103 poveste este oferit\u0103 \u201eca atare\u201d, iar orice opinii exprimate apar\u021bin personajelor \u0219i nu reflect\u0103 punctele de vedere ale autorului sau ale editorului.\u201d<\/p>\n","protected":false},"excerpt":{"rendered":"<p>Milionarul \u0219i-a g\u0103sit angajata al\u0103pt\u00e2ndu-\u0219i copilul, iar decizia pe care a luat-o apoi i-a surprins pe to\u021bi. \u2014 Camelia. Vocea lui Andrei Mure\u0219an a spart<\/p>\n","protected":false},"author":1,"featured_media":40939,"comment_status":"closed","ping_status":"closed","sticky":false,"template":"","format":"standard","meta":[],"categories":[1],"tags":[],"_links":{"self":[{"href":"https:\/\/calatorinromania.com\/index.php?rest_route=\/wp\/v2\/posts\/41329"}],"collection":[{"href":"https:\/\/calatorinromania.com\/index.php?rest_route=\/wp\/v2\/posts"}],"about":[{"href":"https:\/\/calatorinromania.com\/index.php?rest_route=\/wp\/v2\/types\/post"}],"author":[{"embeddable":true,"href":"https:\/\/calatorinromania.com\/index.php?rest_route=\/wp\/v2\/users\/1"}],"replies":[{"embeddable":true,"href":"https:\/\/calatorinromania.com\/index.php?rest_route=%2Fwp%2Fv2%2Fcomments&post=41329"}],"version-history":[{"count":1,"href":"https:\/\/calatorinromania.com\/index.php?rest_route=\/wp\/v2\/posts\/41329\/revisions"}],"predecessor-version":[{"id":41330,"href":"https:\/\/calatorinromania.com\/index.php?rest_route=\/wp\/v2\/posts\/41329\/revisions\/41330"}],"wp:featuredmedia":[{"embeddable":true,"href":"https:\/\/calatorinromania.com\/index.php?rest_route=\/wp\/v2\/media\/40939"}],"wp:attachment":[{"href":"https:\/\/calatorinromania.com\/index.php?rest_route=%2Fwp%2Fv2%2Fmedia&parent=41329"}],"wp:term":[{"taxonomy":"category","embeddable":true,"href":"https:\/\/calatorinromania.com\/index.php?rest_route=%2Fwp%2Fv2%2Fcategories&post=41329"},{"taxonomy":"post_tag","embeddable":true,"href":"https:\/\/calatorinromania.com\/index.php?rest_route=%2Fwp%2Fv2%2Ftags&post=41329"}],"curies":[{"name":"wp","href":"https:\/\/api.w.org\/{rel}","templated":true}]}}