{"id":41327,"date":"2025-08-20T07:34:19","date_gmt":"2025-08-20T07:34:19","guid":{"rendered":"https:\/\/calatorinromania.com\/?p=41327"},"modified":"2025-08-20T07:34:20","modified_gmt":"2025-08-20T07:34:20","slug":"tatal-meu-a-avut-o-relatie-intima-cu-logodnica-mea-chiar-in-noaptea-dinaintea-nuntii-continuarea","status":"publish","type":"post","link":"https:\/\/calatorinromania.com\/?p=41327","title":{"rendered":"\u201dTat\u0103l meu a avut o rela\u021bie intim\u0103 cu logodnica mea chiar \u00een noaptea dinaintea nun\u021bii\u201d \u2013 continuarea"},"content":{"rendered":"\n<p>Tat\u0103l meu a avut o rela\u021bie intim\u0103 cu logodnica mea chiar \u00een noaptea dinaintea nun\u021bii. Am p\u0103strat aparen\u021bele p\u00e2n\u0103 \u00een fa\u021ba altarului. Iar la momentul \u00een care trebuia s\u0103 spun \u201eDa\u201d\u2026 ceea ce am f\u0103cut i-a l\u0103sat pe to\u021bi f\u0103r\u0103 replic\u0103.<\/p>\n\n\n\n<p><\/p>\n\n\n\n<p>M\u0103 numesc Ion C\u0103lin. Am 32 de ani \u0219i am crezut mereu c\u0103 \u00eencrederea este piatra de temelie a oric\u0103rei leg\u0103turi sincere. Lucram ca manager de proiect la o firm\u0103 de tehnologie din Bucure\u0219ti \u0219i c\u00e2\u0219tigam suficient c\u00e2t s\u0103 tr\u0103iesc bine \u00eentr-un apartament cochet din zona Floreasca.<\/p>\n\n\n\n<p><\/p>\n\n\n\n<p>Via\u021ba p\u0103rea stabil\u0103 \u0219i ordonat\u0103. M\u0103 preg\u0103team s\u0103 m\u0103 c\u0103s\u0103toresc cu femeia pe care o consideram jum\u0103tatea mea, Larisa, iar rela\u021bia mea cu tat\u0103l meu, Radu C\u0103lin, era modelul ideal pentru orice fiu. \u00cel vedeam ca pe un mentor, un sprijin, omul care mi-a transmis valori solide precum cinstea \u0219i loialitatea.<\/p>\n\n\n\n<p><\/p>\n\n\n\n<p>Tat\u0103l meu, la 60 de ani, era un agent imobiliar respectat, cu o carier\u0103 de peste trei decenii. El \u0219i mama mea, Maria, erau c\u0103s\u0103tori\u021bi de 35 de ani, o rela\u021bie care pentru mine era etalonul iubirii adev\u0103rate. C\u00e2nd le-am prezentat-o pe Larisa, cu doi ani \u00een urm\u0103, tata a primit-o cu bra\u021bele deschise \u0219i adesea spunea c\u0103 e fata pe care nu a avut-o niciodat\u0103.<\/p>\n\n\n\n<p><\/p>\n\n\n\n<p>Larisa avea 30 de ani, era specialist \u00een marketing \u0219i se eviden\u021bia prin inteligen\u021b\u0103 \u0219i gra\u021bie. Ne-am cunoscut \u00eentr-o zi de var\u0103, la un gr\u0103tar organizat de colegi, \u0219i \u00een mai pu\u021bin de trei luni am \u0219tiut c\u0103 e femeia cu care vreau s\u0103 \u00eemb\u0103tr\u00e2nesc. S-a integrat u\u0219or \u00een familia mea. Mama o iubea, iar tata p\u0103rea sincer bucuros c\u0103 o avem \u00een preajm\u0103.<\/p>\n\n\n\n<p><\/p>\n\n\n\n<p>Ziua nun\u021bii noastre fusese stabilit\u0103 pentru o s\u00e2mb\u0103t\u0103 de octombrie, cu aer r\u0103coros \u0219i frunze ruginii. Ceremonia urma s\u0103 aib\u0103 loc la Biserica Sf. Andrei din Cotroceni, iar petrecerea la un restaurant elegant de l\u00e2ng\u0103 Her\u0103str\u0103u. Invitasem 150 de persoane \u0219i m\u0103 ocupasem atent de toate detaliile: de la lista cu vinuri vechi p\u00e2n\u0103 la cvartetul de coarde. Totul era planificat la minut.<\/p>\n\n\n\n<p><\/p>\n\n\n\n<p>Cu o zi \u00eenainte, eram cazat \u00eempreun\u0103 cu tata la un hotel din centrul ora\u0219ului, respect\u00e2nd obiceiul ca mirii s\u0103 nu se vad\u0103 \u00eenainte de nunt\u0103. Mama \u0219i Larisa st\u0103teau \u00eentr-o camer\u0103 dintr-un alt hotel. \u00cen acea sear\u0103, revizuiam programul evenimentului \u00eempreun\u0103 cu tata \u0219i m\u00e2ncam ceva comandat \u00een camer\u0103. La un moment dat, el s-a ridicat s\u0103 mearg\u0103 la baie, l\u0103s\u00e2nd telefonul pe mas\u0103.<\/p>\n\n\n\n<p><\/p>\n\n\n\n<p>Nu aveam inten\u021bia s\u0103 m\u0103 uit. Dar o notificare ap\u0103rut\u0103 pe ecran mi-a captat aten\u021bia \u0219i, f\u0103r\u0103 s\u0103 vreau, ochii mi-au fugit spre ea. Ce am citit mi-a \u00eenghe\u021bat s\u00e2ngele.<\/p>\n\n\n\n<p><\/p>\n\n\n\n<p>Era un mesaj de la Larisa, trimis cu pu\u021bin timp \u00eenainte. Spunea:<br>\u201e\u00ce\u021bi mul\u021bumesc pentru noaptea de neuitat, Radu. \u00cenc\u0103 simt pe piele atingerea ta \u0219i nu-mi pot scoate din minte clipele acelea. Abia a\u0219tept s\u0103 se repete. Te ador. P.S. S\u0103 nu afle nimeni niciodat\u0103.\u201d<\/p>\n\n\n\n<p>Mesajul avea \u0219i o fotografie ata\u0219at\u0103. O imagine clar\u0103, intim\u0103, cu ei doi \u00eentr-o camer\u0103 de hotel. Datat\u0103 cu o noapte \u00eenainte.<\/p>\n\n\n\n<p>Tot universul meu s-a pr\u0103bu\u0219it \u00een acel moment. Femeia pe care trebuia s-o iau de so\u021bie peste doar c\u00e2teva ore dormise cu tat\u0103l meu. Omul pe care \u00eel admiram, \u00eel respectam, \u00eel iubeam.<\/p>\n\n\n\n<p>Tremuram din toate \u00eencheieturile, dar mintea mea, obi\u0219nuit\u0103 cu organizarea \u0219i rezolvarea problemelor, a reac\u021bionat imediat. Nu era nicio gre\u0219eal\u0103. Am verificat detaliile fotografiei: fusese f\u0103cut\u0103 la 23:47, exact c\u00e2nd eu eram cu prietenii la petrecerea de burlac, toast\u00e2nd pentru un viitor care, iat\u0103, era o fars\u0103.<\/p>\n\n\n\n<p>C\u00e2nd tat\u0103l meu s-a \u00eentors de la baie, salvasem deja totul \u00een telefonul meu, cu backup \u00een cloud. L-am privit calm.<\/p>\n\n\n\n<p>\u2014 Sunt cam obosit\u2026 cred c\u0103 ar trebui s\u0103 m\u0103 odihnesc pentru ziua de m\u00e2ine, i-am spus, ascunz\u00e2nd tumultul din suflet.<\/p>\n\n\n\n<p>\u2014 F\u0103 bine, fiule. M\u00e2ine va fi cea mai frumoas\u0103 zi din via\u021ba ta, mi-a r\u0103spuns el, z\u00e2mbind larg.<\/p>\n\n\n\n<p>Ironia acelei replici m-a sf\u00e2\u0219iat \u00een interior.<\/p>\n\n\n\n<p>Diminea\u021ba nun\u021bii a fost senin\u0103. Mi-am \u00eembr\u0103cat costumul, mi-am f\u0103cut apari\u021bia la biseric\u0103 \u0219i am z\u00e2mbit tuturor. Nimeni nu b\u0103nuia nimic.<\/p>\n\n\n\n<p>Larisa a ap\u0103rut, frumoas\u0103 ca o poveste, al\u0103turi de mama mea. Tat\u0103l meu era deja \u00een r\u00e2ndul din fa\u021b\u0103, cu aceea\u0219i masc\u0103 de om respectabil.<\/p>\n\n\n\n<p>C\u00e2nd preotul a rostit \u00eentrebarea care urma s\u0103 consfin\u021beasc\u0103 totul, m-am \u00eentors spre Larisa \u0219i, \u00een loc s\u0103 r\u0103spund, am scos telefonul din buzunar.<\/p>\n\n\n\n<p>\u2014 \u00cenainte s\u0103 spun \u201eDa\u201d, cred c\u0103 trebuie s\u0103 vad\u0103 to\u021bi invita\u021bii cine sunt, de fapt, cei doi oameni din fa\u021ba mea, am spus tare, cu voce calm\u0103.<\/p>\n\n\n\n<p>Am proiectat imaginea pe ecranul mare preg\u0103tit pentru proiec\u021bii video, sub pretextul unei \u201esurprize pentru mireas\u0103\u201d. Sala a \u00eencremenit. Un amestec de \u0219oc, indignare \u0219i t\u0103cere a umplut aerul.<\/p>\n\n\n\n<p>Am \u00eenchis telefonul, mi-am \u00eentors privirea spre mama, care deja pl\u00e2ngea, \u0219i i-am spus:<\/p>\n\n\n\n<p>\u2014 \u00cemi pare r\u0103u, mam\u0103. Merit\u0103m am\u00e2ndoi mai mult.<\/p>\n\n\n\n<p>Am plecat din biseric\u0103 f\u0103r\u0103 s\u0103 m\u0103 uit \u00een urm\u0103. A fost cea mai grea decizie din via\u021ba mea. Dar \u0219i cea mai eliberatoare.<\/p>\n\n\n\n<p>Am c\u0103l\u0103torit, m-am reg\u0103sit, \u0219i dup\u0103 un an, \u00een cadrul unei conferin\u021be la Cluj, am cunoscut-o pe Ana. Nimic spectaculos la \u00eenceput \u2013 era discret\u0103, cald\u0103, calm\u0103. Am ajuns s\u0103 vorbim despre ce \u00eenseamn\u0103 \u00eencrederea, vindecarea, lini\u0219tea.<\/p>\n\n\n\n<p>Dup\u0103 doi ani, ne-am c\u0103s\u0103torit \u00eentr-un cerc restr\u00e2ns, f\u0103r\u0103 fast. Doar familie, prieteni apropia\u021bi \u0219i o lini\u0219te pe care nu o mai cunoscusem. Acum, locuim \u00eentr-o cas\u0103 mic\u0103, dar plin\u0103 de pace, \u0219i a\u0219tept\u0103m primul nostru copil.<\/p>\n\n\n\n<p>\u00cencrederea? Am \u00eenv\u0103\u021bat c\u0103, uneori, trebuie s\u0103 o reconstruie\u0219ti de la zero. Dar c\u00e2nd reu\u0219e\u0219ti\u2026 merit\u0103 totul.<\/p>\n\n\n\n<p>Dac\u0103 \u021bi-a pl\u0103cut povestea, nu uita s\u0103 o distribui cu prietenii t\u0103i! \u00cempreun\u0103 putem duce mai departe emo\u021bia \u0219i inspira\u021bia.<\/p>\n\n\n\n<p>\u201dAceast\u0103 poveste este inspirat\u0103 din evenimente \u0219i persoane reale, \u00eens\u0103 a fost fic\u021bionalizat\u0103 \u00een scopuri creative. Numele, personajele \u0219i detaliile au fost schimbate pentru a proteja intimitatea \u0219i pentru a \u00eembun\u0103t\u0103\u021bi nara\u021biunea. Orice asem\u0103nare cu persoane reale, sau cu evenimente reale este pur \u00eent\u00e2mpl\u0103toare \u0219i nu este inten\u021bionat\u0103 de c\u0103tre autor.<\/p>\n\n\n\n<p>Autorul \u0219i editorul nu \u00ee\u0219i asum\u0103 responsabilitatea pentru exactitatea evenimentelor sau pentru modul \u00een care sunt portretizate personajele \u0219i nu sunt r\u0103spunz\u0103tori pentru eventuale interpret\u0103ri gre\u0219ite. Aceast\u0103 poveste este oferit\u0103 \u201eca atare\u201d, iar orice opinii exprimate apar\u021bin personajelor \u0219i nu reflect\u0103 punctele de vedere ale autorului sau ale editorului.\u201d<\/p>\n","protected":false},"excerpt":{"rendered":"<p>Tat\u0103l meu a avut o rela\u021bie intim\u0103 cu logodnica mea chiar \u00een noaptea dinaintea nun\u021bii. Am p\u0103strat aparen\u021bele p\u00e2n\u0103 \u00een fa\u021ba altarului. Iar la momentul<\/p>\n","protected":false},"author":1,"featured_media":40939,"comment_status":"closed","ping_status":"closed","sticky":false,"template":"","format":"standard","meta":[],"categories":[1],"tags":[],"_links":{"self":[{"href":"https:\/\/calatorinromania.com\/index.php?rest_route=\/wp\/v2\/posts\/41327"}],"collection":[{"href":"https:\/\/calatorinromania.com\/index.php?rest_route=\/wp\/v2\/posts"}],"about":[{"href":"https:\/\/calatorinromania.com\/index.php?rest_route=\/wp\/v2\/types\/post"}],"author":[{"embeddable":true,"href":"https:\/\/calatorinromania.com\/index.php?rest_route=\/wp\/v2\/users\/1"}],"replies":[{"embeddable":true,"href":"https:\/\/calatorinromania.com\/index.php?rest_route=%2Fwp%2Fv2%2Fcomments&post=41327"}],"version-history":[{"count":1,"href":"https:\/\/calatorinromania.com\/index.php?rest_route=\/wp\/v2\/posts\/41327\/revisions"}],"predecessor-version":[{"id":41328,"href":"https:\/\/calatorinromania.com\/index.php?rest_route=\/wp\/v2\/posts\/41327\/revisions\/41328"}],"wp:featuredmedia":[{"embeddable":true,"href":"https:\/\/calatorinromania.com\/index.php?rest_route=\/wp\/v2\/media\/40939"}],"wp:attachment":[{"href":"https:\/\/calatorinromania.com\/index.php?rest_route=%2Fwp%2Fv2%2Fmedia&parent=41327"}],"wp:term":[{"taxonomy":"category","embeddable":true,"href":"https:\/\/calatorinromania.com\/index.php?rest_route=%2Fwp%2Fv2%2Fcategories&post=41327"},{"taxonomy":"post_tag","embeddable":true,"href":"https:\/\/calatorinromania.com\/index.php?rest_route=%2Fwp%2Fv2%2Ftags&post=41327"}],"curies":[{"name":"wp","href":"https:\/\/api.w.org\/{rel}","templated":true}]}}