{"id":41325,"date":"2025-08-20T07:29:40","date_gmt":"2025-08-20T07:29:40","guid":{"rendered":"https:\/\/calatorinromania.com\/?p=41325"},"modified":"2025-08-20T07:29:40","modified_gmt":"2025-08-20T07:29:40","slug":"un-miliardar-retras-si-singuratic-a-intrat-in-casa-si-si-a-gasit-menajera-dansand-incet-cu-fiul-sau-continuarea","status":"publish","type":"post","link":"https:\/\/calatorinromania.com\/?p=41325","title":{"rendered":"\u201dUn miliardar retras \u0219i singuratic a intrat \u00een cas\u0103 \u0219i \u0219i-a g\u0103sit menajera dans\u00e2nd \u00eencet cu fiul s\u0103u\u201d \u2013 continuarea"},"content":{"rendered":"\n<p>Un miliardar retras \u0219i singuratic a intrat \u00een cas\u0103 \u0219i \u0219i-a g\u0103sit menajera dans\u00e2nd \u00eencet cu fiul s\u0103u, un b\u0103iat mut aflat \u00eentr-un scaun cu rotile\u2026 Ce a urmat i-a l\u0103sat pe to\u021bi f\u0103r\u0103 cuvinte.<\/p>\n\n\n\n<p><\/p>\n\n\n\n<p>Primul sunet a fost at\u00e2t de bl\u00e2nd, \u00eenc\u00e2t ar fi putut fi confundat cu fo\u0219netul perdelelor mi\u0219cate de v\u00e2nt. Rare\u0219 V\u0103duva se opri pe holul principal, cu o m\u00e2n\u0103 \u00eencremenit\u0103 pe balustrada de stejar \u0219i cealalt\u0103 \u00eenc\u0103 \u021bin\u00e2nd servieta din piele.<\/p>\n\n\n\n<p><\/p>\n\n\n\n<p>Pentru o clip\u0103, a crezut c\u0103 e doar o iluzie auditiv\u0103: poate un ecou de la curtea interioar\u0103, sau un zgomot neobi\u0219nuit venind de jos.<\/p>\n\n\n\n<p><\/p>\n\n\n\n<p>Dar apoi, un alt sunet. Nu doar o not\u0103 muzical\u0103. Ci un ritm, o mi\u0219care care nu avea ce c\u0103uta \u00eentr-o cas\u0103 \u00een care, de ani de zile, domnea o t\u0103cere ap\u0103s\u0103toare.<\/p>\n\n\n\n<p><\/p>\n\n\n\n<p>Fruntea i se \u00eencre\u021bi. Casa trebuia s\u0103 fie goal\u0103, \u00een afar\u0103 de personal \u0219i de fiul s\u0103u, Andrei. B\u0103iatul care nu vorbea, care nu se ridica niciodat\u0103 din scaunul s\u0103u cu rotile. Copilul care st\u0103tea \u00een fiecare zi \u00een fa\u021ba aceleia\u0219i ferestre, cu privirea pierdut\u0103.<\/p>\n\n\n\n<p><\/p>\n\n\n\n<p>Dar acum\u2026 era muzic\u0103. Slab\u0103, dar clar\u0103. Iar Rare\u0219 sim\u021bi c\u0103 nu poate respira. L\u0103s\u0103 servieta s\u0103-i cad\u0103 pe podeaua de marmur\u0103; zgomotul p\u0103ru asurzitor \u00een lini\u0219tea profund\u0103.<\/p>\n\n\n\n<p><\/p>\n\n\n\n<p>\u2014 E cineva acolo? \u2014 murmur\u0103, de\u0219i nu avea cine s\u0103-l aud\u0103.<\/p>\n\n\n\n<p><\/p>\n\n\n\n<p>Un r\u00e2s u\u0219or, scurt, aproape ru\u0219inat, veni dinspre unul dintre saloane. Rare\u0219 \u00eenaint\u0103 \u00een v\u00e2rful picioarelor, fiecare pas tremurat de ne\u00eencredere. Pe perete ap\u0103ru o umbr\u0103 \u2014 rotund\u0103, mi\u0219c\u0103toare. Se opri \u00een dreptul u\u0219ii mari, \u00eencrustate cu vitralii colorate.<\/p>\n\n\n\n<p><\/p>\n\n\n\n<p>Apoi auzi. O voce de femeie, c\u00e2nt\u00e2nd \u00eencet o melodie necunoscut\u0103. Versuri \u00een limba matern\u0103 a altcuiva, cu o linie muzical\u0103 cald\u0103 \u0219i veche, de parc\u0103 venea din alt timp.<\/p>\n\n\n\n<p>R\u0103mase lipit de tocul u\u0219ii. Parte din el voia s\u0103 se \u00eentoarc\u0103, s\u0103 \u00eentrerup\u0103 totul. Dar alt\u0103 parte\u2026 o parte pe care o uitase demult, voia s\u0103 vad\u0103. S\u0103 \u00een\u021beleag\u0103.<\/p>\n\n\n\n<p>O servitoare trecu pe hol cu un bra\u021b de rufe. V\u0103z\u00e2ndu-l, \u00eencerc\u0103 s\u0103 spun\u0103 ceva.<\/p>\n\n\n\n<p>\u2014 Niciun cuv\u00e2nt, \u2014 \u0219opti Rare\u0219, f\u0103c\u00e2nd un semn de t\u0103cere.<\/p>\n\n\n\n<p>Ea se opri, nedumerit\u0103, apoi plec\u0103 \u00een t\u0103cere.<\/p>\n\n\n\n<p>Rare\u0219 \u00eentinse m\u00e2na \u0219i deschise u\u0219a. Nu intr\u0103. Doar privi. Camera era sc\u0103ldat\u0103 \u00een lumina bl\u00e2nd\u0103 a apusului. Reflexele aurii se jucau pe mobil\u0103, pe parchet, pe umerii femeii din mijlocul camerei.<\/p>\n\n\n\n<p>\u00cen rochia ei simpl\u0103, Maria \u2014 menajera \u2014 se rotea u\u0219or, \u021bin\u00e2ndu-l pe Andrei \u00een bra\u021be, cu m\u00e2inile a\u0219ezate delicat pe umerii lui. B\u0103iatul era \u00eenc\u0103 \u00een scaun, dar se mi\u0219ca. Capul \u00eei era \u00eentors spre ea. Z\u00e2mbea.<\/p>\n\n\n\n<p>Rare\u0219 sim\u021bi cum picioarele \u00eei tremur\u0103. Se sprijini de u\u0219\u0103, cu inima bubuind \u00een piept, f\u0103r\u0103 s\u0103-\u0219i poat\u0103 lua ochii de la b\u0103iatul s\u0103u.<\/p>\n\n\n\n<p>\u2014 Andrei\u2026 \u2014 \u0219opti, aproape ne\u00eendr\u0103znind s\u0103 cread\u0103.<\/p>\n\n\n\n<p>F\u0103r\u0103 s\u0103-i spun\u0103 nimeni, f\u0103r\u0103 s\u0103-l \u00eenve\u021be, b\u0103iatul \u00ee\u0219i ridic\u0103 u\u0219or m\u00e2na \u0219i o \u00eentinse spre Maria, apoi spre tat\u0103l s\u0103u.<\/p>\n\n\n\n<p>\u2014 Tata, \u2014 spuse clar, de\u0219i vocea era sub\u021bire \u0219i ruginit\u0103.<\/p>\n\n\n\n<p>Maria se opri din dans. Lacrimile \u00eei umplur\u0103 ochii instantaneu. Rare\u0219 c\u0103zu \u00een genunchi, lipindu-\u0219i palma de gur\u0103, \u00eenm\u0103rmurit.<\/p>\n\n\n\n<p>\u2014 A vorbit\u2026 \u2014 rosti el, aproape f\u0103r\u0103 voce. \u2014 B\u0103iatul meu\u2026 a vorbit.<\/p>\n\n\n\n<p>Maria, cu ochii \u00eenl\u0103crima\u021bi, d\u0103du din cap, incapabil\u0103 s\u0103 spun\u0103 ceva. \u00cel str\u00e2nse u\u0219or pe Andrei \u00een bra\u021be \u0219i se d\u0103du la o parte.<\/p>\n\n\n\n<p>Rare\u0219 se apropi\u0103, cu mi\u0219c\u0103ri tremurate, \u0219i \u00ee\u0219i lu\u0103 fiul \u00een bra\u021be pentru prima dat\u0103, cu adev\u0103rat, dup\u0103 ani de \u00eentuneric \u0219i speran\u021be zdrobite.<\/p>\n\n\n\n<p>\u2014 Te aud \u2014 i-a \u0219optit. \u2014 Sunt aici. \u0218i n-o s\u0103 mai plec.<\/p>\n\n\n\n<p>\u00cen lunile ce au urmat, Rare\u0219 a angajat terapeu\u021bi, profesori de recuperare \u0219i chiar o echip\u0103 de speciali\u0219ti \u00een neurologie. Dar niciunul nu a putut explica miracolul care \u00eencepuse \u00eentr-o camer\u0103 inundat\u0103 de apus, cu o femeie simpl\u0103 \u0219i o melodie veche.<\/p>\n\n\n\n<p>Maria a fost angajat\u0103 ca terapeut cu norm\u0103 \u00eentreag\u0103 pentru Andrei. Mai t\u00e2rziu, a devenit parte din familie.<\/p>\n\n\n\n<p>Iar Rare\u0219 V\u0103duva, omul care tr\u0103ise \u00een t\u0103cere \u0219i \u00een afaceri, a \u00eenv\u0103\u021bat \u00een sf\u00e2r\u0219it s\u0103 tr\u0103iasc\u0103 cu inim\u0103 deschis\u0103. \u00cen fiecare sear\u0103, muzica curgea din salon. Iar casa aceea, alt\u0103dat\u0103 \u00eencremenit\u0103 \u00een timp, era acum vie \u2014 cu r\u00e2sete, cu pa\u0219i de dans \u0219i cu glasul lui Andrei care, odat\u0103 pornit, nu se mai oprea.<\/p>\n\n\n\n<p>Dac\u0103 \u021bi-a pl\u0103cut povestea, nu uita s\u0103 o distribui cu prietenii t\u0103i! \u00cempreun\u0103 putem duce mai departe emo\u021bia \u0219i inspira\u021bia.<\/p>\n\n\n\n<p>\u201dAceast\u0103 poveste este inspirat\u0103 din evenimente \u0219i persoane reale, \u00eens\u0103 a fost fic\u021bionalizat\u0103 \u00een scopuri creative. Numele, personajele \u0219i detaliile au fost schimbate pentru a proteja intimitatea \u0219i pentru a \u00eembun\u0103t\u0103\u021bi nara\u021biunea. Orice asem\u0103nare cu persoane reale, sau cu evenimente reale este pur \u00eent\u00e2mpl\u0103toare \u0219i nu este inten\u021bionat\u0103 de c\u0103tre autor.<\/p>\n\n\n\n<p>Autorul \u0219i editorul nu \u00ee\u0219i asum\u0103 responsabilitatea pentru exactitatea evenimentelor sau pentru modul \u00een care sunt portretizate personajele \u0219i nu sunt r\u0103spunz\u0103tori pentru eventuale interpret\u0103ri gre\u0219ite. Aceast\u0103 poveste este oferit\u0103 \u201eca atare\u201d, iar orice opinii exprimate apar\u021bin personajelor \u0219i nu reflect\u0103 punctele de vedere ale autorului sau ale editorului.\u201d<\/p>\n","protected":false},"excerpt":{"rendered":"<p>Un miliardar retras \u0219i singuratic a intrat \u00een cas\u0103 \u0219i \u0219i-a g\u0103sit menajera dans\u00e2nd \u00eencet cu fiul s\u0103u, un b\u0103iat mut aflat \u00eentr-un scaun cu<\/p>\n","protected":false},"author":1,"featured_media":40939,"comment_status":"closed","ping_status":"closed","sticky":false,"template":"","format":"standard","meta":[],"categories":[1],"tags":[],"_links":{"self":[{"href":"https:\/\/calatorinromania.com\/index.php?rest_route=\/wp\/v2\/posts\/41325"}],"collection":[{"href":"https:\/\/calatorinromania.com\/index.php?rest_route=\/wp\/v2\/posts"}],"about":[{"href":"https:\/\/calatorinromania.com\/index.php?rest_route=\/wp\/v2\/types\/post"}],"author":[{"embeddable":true,"href":"https:\/\/calatorinromania.com\/index.php?rest_route=\/wp\/v2\/users\/1"}],"replies":[{"embeddable":true,"href":"https:\/\/calatorinromania.com\/index.php?rest_route=%2Fwp%2Fv2%2Fcomments&post=41325"}],"version-history":[{"count":1,"href":"https:\/\/calatorinromania.com\/index.php?rest_route=\/wp\/v2\/posts\/41325\/revisions"}],"predecessor-version":[{"id":41326,"href":"https:\/\/calatorinromania.com\/index.php?rest_route=\/wp\/v2\/posts\/41325\/revisions\/41326"}],"wp:featuredmedia":[{"embeddable":true,"href":"https:\/\/calatorinromania.com\/index.php?rest_route=\/wp\/v2\/media\/40939"}],"wp:attachment":[{"href":"https:\/\/calatorinromania.com\/index.php?rest_route=%2Fwp%2Fv2%2Fmedia&parent=41325"}],"wp:term":[{"taxonomy":"category","embeddable":true,"href":"https:\/\/calatorinromania.com\/index.php?rest_route=%2Fwp%2Fv2%2Fcategories&post=41325"},{"taxonomy":"post_tag","embeddable":true,"href":"https:\/\/calatorinromania.com\/index.php?rest_route=%2Fwp%2Fv2%2Ftags&post=41325"}],"curies":[{"name":"wp","href":"https:\/\/api.w.org\/{rel}","templated":true}]}}