{"id":41323,"date":"2025-08-20T07:27:35","date_gmt":"2025-08-20T07:27:35","guid":{"rendered":"https:\/\/calatorinromania.com\/?p=41323"},"modified":"2025-09-19T05:44:11","modified_gmt":"2025-09-19T05:44:11","slug":"un-director-executiv-milionar-era-pe-punctul-de-a-pierde-tot-ce-construise-cand-fiica-in-varsta-de-7-ani-a-ingrijitoarei-cladirii-a-pasit-in-sala-de-sedinte-continuarea","status":"publish","type":"post","link":"https:\/\/calatorinromania.com\/?p=41323","title":{"rendered":"\u201dUn director executiv milionar era pe punctul de a pierde tot ce construise, c\u00e2nd fiica \u00een v\u00e2rst\u0103 de 7 ani a \u00eengrijitoarei cl\u0103dirii a p\u0103\u0219it \u00een sala de \u0219edin\u021be\u201d \u2013 continuarea"},"content":{"rendered":"\n<h1><\/h1>\n\n\n\n<p>Un director executiv milionar era pe punctul de a pierde tot ce construise, c\u00e2nd fiica \u00een v\u00e2rst\u0103 de 7 ani a \u00eengrijitoarei cl\u0103dirii a p\u0103\u0219it \u00een sala de \u0219edin\u021be \u0219i a schimbat totul. Ce a urmat i-a l\u0103sat f\u0103r\u0103 cuvinte chiar \u0219i pe cei mai influen\u021bi oameni de afaceri.<\/p>\n\n\n\n<p><\/p>\n\n\n\n<p>Tensiunea din sala de conferin\u021be era aproape palpabil\u0103. Se auzea doar ceasul care b\u0103tea secunde ap\u0103s\u0103toare. Aerul era \u00eencordat, iar atmosfera \u00eenc\u0103rcat\u0103.<\/p>\n\n\n\n<p><\/p>\n\n\n\n<p>Rare\u0219 Damian, directorul general al companiei, se afla \u00een capul mesei. \u00cencerca s\u0103-\u0219i p\u0103streze calmul, dar m\u00e2inile \u00eei tremurau u\u0219or, tr\u0103d\u00e2nd starea de nelini\u0219te. \u00cen fa\u021ba sa, membrii consiliului de administra\u021bie \u00eel priveau fix, cu fe\u021be \u00eempietrite. Era evident: \u00eei cereau socoteal\u0103 \u0219i erau gata s\u0103-l \u00eenl\u0103ture.<\/p>\n\n\n\n<p><\/p>\n\n\n\n<p>\u2014 Rare\u0219, doar \u00een acest trimestru am pierdut peste 1,8 miliarde de lei, spuse calm, dar ap\u0103sat, domnul Ionescu, pre\u0219edintele consiliului. Investitorii se retrag \u00een mas\u0103, presa ne v\u00e2neaz\u0103 la fiecare pas. Dac\u0103 nu ne convingi ACUM c\u0103 mai ai controlul, totul se termin\u0103 pentru tine.<\/p>\n\n\n\n<p><\/p>\n\n\n\n<p>Rare\u0219 \u00ee\u0219i drese glasul, dar gura i se uscase. \u00ce\u0219i amintea cum \u00eencepuse compania \u00een apartamentul s\u0103u din Bra\u0219ov, cum lucrase zi \u0219i noapte ca s\u0103 ridice compania. \u0218i acum, totul p\u0103rea c\u0103 se n\u0103ruie din cauza unei lans\u0103ri ratate de software, a unui scandal de imagine \u0219i a unei crize de \u00eencredere.<\/p>\n\n\n\n<p><\/p>\n\n\n\n<p>\u00ce\u0219i deschise gura ca s\u0103 r\u0103spund\u0103.<\/p>\n\n\n\n<p>Atunci se auzi un sc\u00e2r\u021b\u00e2it u\u0219or.<\/p>\n\n\n\n<p>Privirile tuturor s-au \u00eentors spre u\u0219\u0103.<\/p>\n\n\n\n<p>\u00cen prag ap\u0103ru o feti\u021b\u0103 mic\u0103, cu rochi\u021b\u0103 albastr\u0103 sp\u0103l\u0103cit\u0103 \u0219i o g\u0103leat\u0103 galben\u0103 de plastic \u00een m\u00e2ini, prea grea pentru m\u00e2nu\u021bele ei. P\u0103\u0219ea atent, iar pantofii \u00eei scoteau un sunet moale pe podeaua impecabil lustruit\u0103. Privea \u00een jur curioas\u0103, dar hot\u0103r\u00e2t\u0103, p\u00e2n\u0103 c\u00e2nd privirea i s-a oprit asupra lui Rare\u0219.<\/p>\n\n\n\n<p>\u00cen spatele ei, \u00eengrijorat\u0103, ap\u0103ru mama ei \u2014 femeia care f\u0103cea cur\u0103\u021benie pe etaj.<\/p>\n\n\n\n<p>\u2014 V\u0103 rog s\u0103 m\u0103 ierta\u021bi, spuse ea agitat\u0103. Nu trebuia s\u0103 intre\u2026<\/p>\n\n\n\n<p>Rare\u0219 ridic\u0103 o m\u00e2n\u0103.<\/p>\n\n\n\n<p>\u2014 Nu e nicio problem\u0103.<\/p>\n\n\n\n<p>Membrii consiliului se f\u00e2st\u00e2ceau vizibil. Unii z\u00e2mbeau, al\u021bii p\u0103reau irita\u021bi. Dar feti\u021ba nu se mi\u0219c\u0103. Se apropie \u0219i puse cu grij\u0103 g\u0103leata jos.<\/p>\n\n\n\n<p>\u2014 Asta \u021bi-a c\u0103zut ieri, spuse ea cu voce joas\u0103. Erai foarte nervos la telefon \u0219i ai lovit-o f\u0103r\u0103 s\u0103 vrei.<\/p>\n\n\n\n<p>Rare\u0219 clipi. \u00cei reveni \u00een minte scena: frustrat, cu telefonul la ureche, lovind o g\u0103leat\u0103 de pe holul etajului 10. Nici nu \u00ee\u0219i d\u0103duse seama.<\/p>\n\n\n\n<p>\u2014 Mama mi-a spus s\u0103 nu-i deranjez pe oamenii mari. Dar p\u0103reai foarte trist.<\/p>\n\n\n\n<p>Sala amu\u021bi.<\/p>\n\n\n\n<p>\u2014 Cum te nume\u0219ti? \u00eentreb\u0103 Rare\u0219.<\/p>\n\n\n\n<p>\u2014 Sofia. Sunt \u00een clasa a doua. \u00cemi place s\u0103 desenez. \u0218i s\u0103 ascult.<\/p>\n\n\n\n<p>\u2014 S\u0103 ascul\u021bi?<\/p>\n\n\n\n<p>\u2014 Da. Ieri, c\u00e2t am a\u0219teptat-o pe mama, te-am auzit. Ai zis: \u201eEi v\u0103d doar cifre. Nu \u0219i visul.\u201d<\/p>\n\n\n\n<p>Rare\u0219 \u00ee\u0219i sim\u021bi pieptul str\u00e2ns.<\/p>\n\n\n\n<p>\u2014 Eu cred c\u0103 visele sunt importante, ad\u0103ug\u0103 ea.<\/p>\n\n\n\n<p>O t\u0103cere profund\u0103 umplu sala.<\/p>\n\n\n\n<p>\u2014 Emo\u021bionant, \u00eentr-adev\u0103r, interveni domnul Ionescu. Dar dac\u0103 nu are o solu\u021bie miraculoas\u0103 \u00een acea g\u0103leat\u0103, poate revenim\u2026<\/p>\n\n\n\n<p>\u2014 Nu, a\u0219tepta\u021bi! spuse Rare\u0219, ridic\u00e2ndu-se.<\/p>\n\n\n\n<p>Se uit\u0103 din nou la Sofia.<\/p>\n\n\n\n<p>\u2014 Desenezi mult?<\/p>\n\n\n\n<p>Ea z\u00e2mbi.<\/p>\n\n\n\n<p>\u2014 \u00cen fiecare zi. Am desenat chiar cl\u0103direa voastr\u0103. Vre\u021bi s\u0103 vede\u021bi?<\/p>\n\n\n\n<p>Scoase din ghiozdan o coal\u0103 colorat\u0103. Era cl\u0103direa companiei, \u00eenconjurat\u0103 de oameni: curieri, femei de serviciu, angaja\u021bi, to\u021bi z\u00e2mbind. \u00cen partea de jos, scris cu creion albastru: \u201eOamenii sunt inima unei cl\u0103diri, nu pere\u021bii.\u201d<\/p>\n\n\n\n<p>Rare\u0219 lu\u0103 foaia cu gest lent, aproape emo\u021bionat.<\/p>\n\n\n\n<p>\u2014 Domnilor, aceasta este cheia. Exact ce am pierdut.<\/p>\n\n\n\n<p>\u2014 Ce vrei s\u0103 spui?, \u00eentreb\u0103 cineva din sal\u0103.<\/p>\n\n\n\n<p>\u2014 Am uitat de oameni. Ne-am transformat \u00eentr-o companie rece. Feti\u021ba asta, \u00een c\u00e2teva cuvinte \u0219i un desen, a transmis mai mult dec\u00e2t toate campaniile noastre de marketing. E clar: e timpul s\u0103 ne re\u00eentoarcem la oameni. La ceea ce conteaz\u0103 cu adev\u0103rat.<\/p>\n\n\n\n<p>\u00ce\u0219i \u00eendrept\u0103 umerii.<\/p>\n\n\n\n<p>\u2014 Vom reconstrui compania \u00een jurul valorii umane. Comunicare transparent\u0103, echilibru \u00eentre tehnologie \u0219i om. Iar sloganul va fi cuvintele Sofiei: \u201eOamenii sunt inima unei cl\u0103diri, nu pere\u021bii.\u201d<\/p>\n\n\n\n<p>Domnul Ionescu se uit\u0103 la el cu spr\u00e2ncene ridicate:<\/p>\n\n\n\n<p>\u2014 Ai paria totul pe desenul unei feti\u021be?<\/p>\n\n\n\n<p>\u2014 F\u0103r\u0103 ezitare.<\/p>\n\n\n\n<p>Pentru prima dat\u0103 \u00een luni de zile, \u00een sala de \u0219edin\u021be nu mai era fric\u0103. Era speran\u021b\u0103.<\/p>\n\n\n\n<p>Sofia se \u00eentoarse c\u0103tre mama ei.<\/p>\n\n\n\n<p>\u2014 A fost bine?<\/p>\n\n\n\n<p>Femeia, cu ochii umezi, d\u0103du din cap \u00eencet.<\/p>\n\n\n\n<p>Campania lansat\u0103 \u00een urm\u0103toarele luni a fost un succes fulminant. Reclamele prezentau pove\u0219tile reale ale oamenilor din companie, de la femeile de serviciu p\u00e2n\u0103 la inginerii software. Publicul a reac\u021bionat nea\u0219teptat de puternic. \u00cencrederea investitorilor a crescut. Ac\u021biunile s-au stabilizat.<\/p>\n\n\n\n<p>Rare\u0219 o invit\u0103 pe Sofia \u0219i pe mama ei la sediu pentru o ceremonie special\u0103. \u00cen fa\u021ba tuturor angaja\u021bilor, desenul micu\u021bei a fost \u00eenr\u0103mat \u0219i pus la intrarea principal\u0103. Iar sub el, \u00een litere aurii, scria:<\/p>\n\n\n\n<p>\u201eSofia, clasa a II-a. A adus inima \u00eenapoi \u00een Companie.\u201d<\/p>\n\n\n\n<p>Mama ei a primit o ofert\u0103 de angajare \u00een departamentul de suport cu salariul triplu fat\u0103 de cel de \u00eenainte, iar Sofia a primit o burs\u0103 educa\u021bional\u0103 complet\u0103 inclusiv \u0219i la facultate.<\/p>\n\n\n\n<p>Rare\u0219, privind \u00een jur la echipa lui \u0219i la noii colegi, \u0219tia un lucru: salvarea companiei nu \u00eencepuse cu un raport. Ci cu o feti\u021b\u0103 care credea \u00een vise.<\/p>\n\n\n\n<p>\u0218i uneori, asta e tot ce ai nevoie.<\/p>\n\n\n\n<p>Dac\u0103 \u021bi-a pl\u0103cut povestea, nu uita s\u0103 o distribui cu prietenii t\u0103i! \u00cempreun\u0103 putem duce mai departe emo\u021bia \u0219i inspira\u021bia.<\/p>\n\n\n\n<p>\u201dAceast\u0103 poveste este inspirat\u0103 din evenimente \u0219i persoane reale, \u00eens\u0103 a fost fic\u021bionalizat\u0103 \u00een scopuri creative. Numele, personajele \u0219i detaliile au fost schimbate pentru a proteja intimitatea \u0219i pentru a \u00eembun\u0103t\u0103\u021bi nara\u021biunea. Orice asem\u0103nare cu persoane reale, sau cu evenimente reale este pur \u00eent\u00e2mpl\u0103toare \u0219i nu este inten\u021bionat\u0103 de c\u0103tre autor.<\/p>\n\n\n\n<p>Autorul \u0219i editorul nu \u00ee\u0219i asum\u0103 responsabilitatea pentru exactitatea evenimentelor sau pentru modul \u00een care sunt portretizate personajele \u0219i nu sunt r\u0103spunz\u0103tori pentru eventuale interpret\u0103ri gre\u0219ite. Aceast\u0103 poveste este oferit\u0103 \u201eca atare\u201d, iar orice opinii exprimate apar\u021bin personajelor \u0219i nu reflect\u0103 punctele de vedere ale autorului sau ale editorului.\u201d<\/p>\n","protected":false},"excerpt":{"rendered":"<p>Un director executiv milionar era pe punctul de a pierde tot ce construise, c\u00e2nd fiica \u00een v\u00e2rst\u0103 de 7 ani a \u00eengrijitoarei cl\u0103dirii a p\u0103\u0219it<\/p>\n","protected":false},"author":1,"featured_media":40939,"comment_status":"closed","ping_status":"closed","sticky":false,"template":"","format":"standard","meta":[],"categories":[1],"tags":[],"_links":{"self":[{"href":"https:\/\/calatorinromania.com\/index.php?rest_route=\/wp\/v2\/posts\/41323"}],"collection":[{"href":"https:\/\/calatorinromania.com\/index.php?rest_route=\/wp\/v2\/posts"}],"about":[{"href":"https:\/\/calatorinromania.com\/index.php?rest_route=\/wp\/v2\/types\/post"}],"author":[{"embeddable":true,"href":"https:\/\/calatorinromania.com\/index.php?rest_route=\/wp\/v2\/users\/1"}],"replies":[{"embeddable":true,"href":"https:\/\/calatorinromania.com\/index.php?rest_route=%2Fwp%2Fv2%2Fcomments&post=41323"}],"version-history":[{"count":1,"href":"https:\/\/calatorinromania.com\/index.php?rest_route=\/wp\/v2\/posts\/41323\/revisions"}],"predecessor-version":[{"id":41324,"href":"https:\/\/calatorinromania.com\/index.php?rest_route=\/wp\/v2\/posts\/41323\/revisions\/41324"}],"wp:featuredmedia":[{"embeddable":true,"href":"https:\/\/calatorinromania.com\/index.php?rest_route=\/wp\/v2\/media\/40939"}],"wp:attachment":[{"href":"https:\/\/calatorinromania.com\/index.php?rest_route=%2Fwp%2Fv2%2Fmedia&parent=41323"}],"wp:term":[{"taxonomy":"category","embeddable":true,"href":"https:\/\/calatorinromania.com\/index.php?rest_route=%2Fwp%2Fv2%2Fcategories&post=41323"},{"taxonomy":"post_tag","embeddable":true,"href":"https:\/\/calatorinromania.com\/index.php?rest_route=%2Fwp%2Fv2%2Ftags&post=41323"}],"curies":[{"name":"wp","href":"https:\/\/api.w.org\/{rel}","templated":true}]}}