{"id":41320,"date":"2025-08-20T06:58:52","date_gmt":"2025-08-20T06:58:52","guid":{"rendered":"https:\/\/calatorinromania.com\/?p=41320"},"modified":"2025-08-20T06:58:53","modified_gmt":"2025-08-20T06:58:53","slug":"ultima-ora-ilie-bolojan-clarificari-despre-posibilitatea-retragerii-trupelor-sua-din-romania","status":"publish","type":"post","link":"https:\/\/calatorinromania.com\/?p=41320","title":{"rendered":"ULTIMA OR\u0102! Ilie Bolojan, clarific\u0103ri despre posibilitatea retragerii trupelor SUA din Rom\u00e2nia"},"content":{"rendered":"\n<p>Pre\u0219edintele interimar al Rom\u00e2niei, Ilie Bolojan, a sus\u021binut luni, 8 aprilie, o conferin\u021b\u0103 de pres\u0103 \u00een contextul impunerii de tarife comerciale de c\u0103tre Statele Unite. Printre temele abordate s-a num\u0103rat \u0219i posibilitatea retragerii trupelor americane din Rom\u00e2nia \u2013 subiect care a st\u00e2rnit nelini\u0219ti \u00een spa\u021biul public \u0219i pe scena geopolitic\u0103.<\/p>\n\n\n\n<p><\/p>\n\n\n\n<p>\u201e<strong>Nu exist\u0103 nicio discu\u021bie \u0219i nicio informa\u021bie oficial\u0103 care s\u0103 confirme acest lucru<\/strong>\u201d, a declarat Ilie Bolojan. Acesta a precizat c\u0103 a discutat deja cu ministrul Ap\u0103r\u0103rii, Angel T\u00eelv\u0103r, c\u0103ruia i-a cerut s\u0103 transmit\u0103 o pozi\u021bie clar\u0103 din partea Ministerului Ap\u0103r\u0103rii Na\u021bionale (MApN).<\/p>\n\n\n\n<p><\/p>\n\n\n\n<p>\u201e<strong>La ultima \u00eent\u00e2lnire cu senatorul Marco Rubio, a fost reafirmat sprijinul Statelor Unite ale Americii pentru NATO. Acest angajament r\u0103m\u00e2ne valabil at\u00e2t la nivelul administra\u021biei SUA, c\u00e2t \u0219i la Pentagon. Se discut\u0103 doar despre optimizarea cheltuielilor<\/strong>\u201d, a explicat pre\u0219edintele interimar.<\/p>\n\n\n\n<p><\/p>\n\n\n\n<h3>Posibile retrageri par\u021biale<\/h3>\n\n\n\n<p>Declara\u021biile lui Bolojan vin pe fondul informa\u021biilor ap\u0103rute \u00een presa interna\u021bional\u0103, potrivit c\u0103rora Pentagonul ar lua \u00een calcul retragerea a aproximativ 10.000 de solda\u021bi americani din Europa de Est. Planurile, aflate \u00een analiz\u0103, vizeaz\u0103 reducerea contingentului trimis \u00een 2022 ca reac\u021bie la invazia Rusiei \u00een Ucraina.<\/p>\n\n\n\n<p>\u00cen prezent, \u00een Polonia, Rom\u00e2nia \u0219i alte state de pe Flancul Estic al NATO sunt sta\u021biona\u021bi circa 20.000 de militari americani, desf\u0103\u0219ura\u021bi suplimentar \u00een perioada administra\u021biei Biden.<\/p>\n\n\n\n<p>Oficialii americani nu au luat \u00eenc\u0103 o decizie final\u0103, dar o eventual\u0103 retragere ar putea alimenta \u00eengrijor\u0103rile privind securitatea regional\u0103 \u0219i ar putea fi interpretat\u0103 de Moscova ca un semn de sl\u0103biciune.<\/p>\n\n\n\n<p><a href=\"https:\/\/stiribune.com\/author\/danutzz_2011yahoo-com\/\"><\/a><\/p>\n\n\n\n<p><a href=\"https:\/\/stiribune.com\/author\/danutzz_2011yahoo-com\/\">admin<\/a><\/p>\n","protected":false},"excerpt":{"rendered":"<p>Pre\u0219edintele interimar al Rom\u00e2niei, Ilie Bolojan, a sus\u021binut luni, 8 aprilie, o conferin\u021b\u0103 de pres\u0103 \u00een contextul impunerii de tarife comerciale de c\u0103tre Statele Unite.<\/p>\n","protected":false},"author":1,"featured_media":40939,"comment_status":"closed","ping_status":"closed","sticky":false,"template":"","format":"standard","meta":[],"categories":[1],"tags":[],"_links":{"self":[{"href":"https:\/\/calatorinromania.com\/index.php?rest_route=\/wp\/v2\/posts\/41320"}],"collection":[{"href":"https:\/\/calatorinromania.com\/index.php?rest_route=\/wp\/v2\/posts"}],"about":[{"href":"https:\/\/calatorinromania.com\/index.php?rest_route=\/wp\/v2\/types\/post"}],"author":[{"embeddable":true,"href":"https:\/\/calatorinromania.com\/index.php?rest_route=\/wp\/v2\/users\/1"}],"replies":[{"embeddable":true,"href":"https:\/\/calatorinromania.com\/index.php?rest_route=%2Fwp%2Fv2%2Fcomments&post=41320"}],"version-history":[{"count":1,"href":"https:\/\/calatorinromania.com\/index.php?rest_route=\/wp\/v2\/posts\/41320\/revisions"}],"predecessor-version":[{"id":41321,"href":"https:\/\/calatorinromania.com\/index.php?rest_route=\/wp\/v2\/posts\/41320\/revisions\/41321"}],"wp:featuredmedia":[{"embeddable":true,"href":"https:\/\/calatorinromania.com\/index.php?rest_route=\/wp\/v2\/media\/40939"}],"wp:attachment":[{"href":"https:\/\/calatorinromania.com\/index.php?rest_route=%2Fwp%2Fv2%2Fmedia&parent=41320"}],"wp:term":[{"taxonomy":"category","embeddable":true,"href":"https:\/\/calatorinromania.com\/index.php?rest_route=%2Fwp%2Fv2%2Fcategories&post=41320"},{"taxonomy":"post_tag","embeddable":true,"href":"https:\/\/calatorinromania.com\/index.php?rest_route=%2Fwp%2Fv2%2Ftags&post=41320"}],"curies":[{"name":"wp","href":"https:\/\/api.w.org\/{rel}","templated":true}]}}