{"id":41318,"date":"2025-08-19T09:15:42","date_gmt":"2025-08-19T09:15:42","guid":{"rendered":"https:\/\/calatorinromania.com\/?p=41318"},"modified":"2025-08-19T09:15:43","modified_gmt":"2025-08-19T09:15:43","slug":"s-a-maritat-cu-un-barbat-cu-dizabilitati-dar-la-nunta-o-astepta-o-surpriza-uriasa","status":"publish","type":"post","link":"https:\/\/calatorinromania.com\/?p=41318","title":{"rendered":"S-a m\u0103ritat cu un b\u0103rbat cu dizabilit\u0103\u021bi \u2013 dar la nunt\u0103 o a\u0219tepta o surpriz\u0103 uria\u0219\u0103."},"content":{"rendered":"\n<p><strong>To\u021bi spuneau c\u0103 e nebun\u0103. Dar Sofia nu s-a uitat \u00eenapoi nicio clip\u0103.<\/strong><\/p>\n\n\n\n<p><\/p>\n\n\n\n<p>\u0218tia ce simte. \u0218i mai ales, \u0219tia ce vede \u00een D\u0103nu\u021b. Nu scaunul cu rotile, ci omul din el \u2013 puternic \u0219i fragil deopotriv\u0103, curajos, r\u0103nit, dar viu. Viu \u00een ochi, \u00een cuvinte, \u00een felul \u00een care o asculta ca \u0219i cum fiecare silab\u0103 rostit\u0103 de ea conta cu adev\u0103rat.<\/p>\n\n\n\n<p><\/p>\n\n\n\n<p>Nunta au organizat-o simplu, \u00eentr-o gr\u0103din\u0103 unde se n\u0103scuser\u0103 multe dintre pove\u0219tile lor. Rochia Sofiei era elegant\u0103, dar lipsit\u0103 de opulen\u021b\u0103. Voia s\u0103 fie ea \u00eens\u0103\u0219i, nu o imagine creat\u0103 pentru aparen\u021be. Invita\u021bii au venit \u2013 unii m\u00e2na\u021bi de curiozitate, al\u021bii din obliga\u021bie, dar \u0219i c\u00e2\u021biva care erau sincer ferici\u021bi pentru ea.<\/p>\n\n\n\n<p><\/p>\n\n\n\n<p>D\u0103nu\u021b era emo\u021bionat, dar senin. Nu vorbea mult \u2013 cum \u00eel \u0219tia toat\u0103 lumea. \u00cei \u021binea m\u00e2na \u00een a lui \u0219i o privea de parc\u0103 n-ar fi fost nimic mai pre\u021bios pe lume. Pentru el, chiar a\u0219a era.<\/p>\n\n\n\n<p><\/p>\n\n\n\n<p>C\u00e2nd a venit r\u00e2ndul jur\u0103mintelor, Sofia a \u00eenceput cu voce tremur\u00e2nd\u0103:<\/p>\n\n\n\n<p><\/p>\n\n\n\n<p>\u2014 D\u0103nu\u021b, nu te-am ales pentru ce ai fost, ci pentru ce e\u0219ti. Nu pentru ce a\u0219teapt\u0103 al\u021bii, ci pentru ce inima mea a sim\u021bit. Tu nu e\u0219ti sl\u0103biciune. Tu e\u0219ti puterea mea. \u0218i dac\u0103 via\u021ba ne-a scos de pe traseul pe care-l pl\u0103nuisem, atunci mergem pe drumul \u0103sta, \u00eempreun\u0103.<\/p>\n\n\n\n<p><\/p>\n\n\n\n<p>Oamenii au \u00eenceput s\u0103-\u0219i \u0219tearg\u0103 ochii. P\u00e2n\u0103 \u0219i unchiul acela ve\u0219nic c\u00e2rcota\u0219 \u00ee\u0219i b\u0103ga batista \u00een col\u021bul ochilor.<\/p>\n\n\n\n<p><\/p>\n\n\n\n<p>Dar apoi, D\u0103nu\u021b a ridicat microfonul. \u0218i-a \u00eendreptat spatele. A tras aer ad\u00e2nc \u00een piept \u0219i a spus:<\/p>\n\n\n\n<p>\u2014 Azi\u2026 nu vreau s\u0103 fiu un miracol. Nu vreau s\u0103 fiu o poveste de mil\u0103. Vreau doar s\u0103 fiu b\u0103rbatul t\u0103u.<\/p>\n\n\n\n<p>S-au auzit z\u00e2mbete \u0219i oftaturi \u00een jur. Dar ce a urmat a fost de necrezut.<\/p>\n\n\n\n<p>Dintr-odat\u0103, D\u0103nu\u021b \u0219i-a \u00eempins scaunul \u00een fa\u021b\u0103, \u0219i s-a ridicat. Da. S-a ridicat. Sprijinit de un baston, a f\u0103cut un pas. Sala a amu\u021bit. Sofia \u0219i-a oprit respira\u021bia. A mai f\u0103cut un pas\u2026 \u0219i \u00eenc\u0103 unul.<\/p>\n\n\n\n<p>\u2014 Nu sunt complet recuperat \u2014 a spus, cu ochii \u00een ochii ei. \u2014 Dar am vrut s\u0103-\u021bi fac acest cadou. Nu pentru c\u0103 nu sunt \u00eentreg a\u0219a cum sunt, ci pentru c\u0103, l\u00e2ng\u0103 tine, am sim\u021bit c\u0103 pot s\u0103 \u00eencep din nou.<\/p>\n\n\n\n<p>Sofia a izbucnit \u00een lacrimi. L-a \u00eembr\u0103\u021bi\u0219at cu toat\u0103 inima, cu tot ce fusese, cu tot ce deveniser\u0103. Aplauzele au \u00eenceput timid, apoi au izbucnit. Nu era un spectacol. Era un adev\u0103r. Un miracol\u2026 dar nu dintre cele \u00een care cineva \u201ese vindec\u0103\u201d, ci dintre cele \u00een care doi oameni aleg iubirea, chiar dac\u0103 via\u021ba nu le-a fost bl\u00e2nd\u0103.<\/p>\n\n\n\n<p>Dup\u0103 nunt\u0103, au f\u0103cut o c\u0103l\u0103torie scurt\u0103, apoi s-au \u00eentors acas\u0103. Sofia a deschis o farmacie mic\u0103, de cartier, iar D\u0103nu\u021b \u2013 cu sprijinul ei \u2013 s-a \u00eentors la antrenorat. De data aceasta, pentru tineri cu dizabilit\u0103\u021bi. A devenit o voce pentru cei care fuseser\u0103 redu\u0219i la t\u0103cere de destin.<\/p>\n\n\n\n<p>Rudele? Prietenii? Unii \u0219i-au cerut scuze, al\u021bii au t\u0103cut. Dar Sofia nu mai tr\u0103ia pentru \u201ece zice lumea\u201d. Tr\u0103ia pentru ea. Pentru omul care i-a ar\u0103tat c\u0103 iubirea nu e o poveste cu final fericit. E o alegere. Zilnic\u0103. Uneori dureroas\u0103. Dar real\u0103.<\/p>\n\n\n\n<p>\u0218i poate tocmai de aceea, iubirea lor a fost exact ce trebuia s\u0103 fie:&nbsp;<strong>adev\u0103rat\u0103.<\/strong><\/p>\n\n\n\n<p><em>Aceast\u0103 lucrare este inspirat\u0103 din evenimente \u0219i persoane reale, \u00eens\u0103 a fost fic\u021bionalizat\u0103 \u00een scopuri creative. Numele, personajele \u0219i detaliile au fost schimbate pentru a proteja intimitatea \u0219i pentru a \u00eembun\u0103t\u0103\u021bi nara\u021biunea. Orice asem\u0103nare cu persoane reale, \u00een via\u021b\u0103 sau decedate, sau cu evenimente reale este pur \u00eent\u00e2mpl\u0103toare \u0219i nu este inten\u021bionat\u0103 de c\u0103tre autor.<\/em><\/p>\n\n\n\n<p><em>Autorul \u0219i editorul nu \u00ee\u0219i asum\u0103 responsabilitatea pentru exactitatea evenimentelor sau pentru modul \u00een care sunt portretizate personajele \u0219i nu sunt r\u0103spunz\u0103tori pentru eventuale interpret\u0103ri gre\u0219ite. Aceast\u0103 poveste este oferit\u0103 \u201eca atare\u201d, iar orice opinii exprimate apar\u021bin personajelor \u0219i nu reflect\u0103 punctele de vedere ale autorului sau ale editorului.<\/em><\/p>\n","protected":false},"excerpt":{"rendered":"<p>To\u021bi spuneau c\u0103 e nebun\u0103. Dar Sofia nu s-a uitat \u00eenapoi nicio clip\u0103. \u0218tia ce simte. \u0218i mai ales, \u0219tia ce vede \u00een D\u0103nu\u021b. Nu<\/p>\n","protected":false},"author":1,"featured_media":40939,"comment_status":"closed","ping_status":"closed","sticky":false,"template":"","format":"standard","meta":[],"categories":[1],"tags":[],"_links":{"self":[{"href":"https:\/\/calatorinromania.com\/index.php?rest_route=\/wp\/v2\/posts\/41318"}],"collection":[{"href":"https:\/\/calatorinromania.com\/index.php?rest_route=\/wp\/v2\/posts"}],"about":[{"href":"https:\/\/calatorinromania.com\/index.php?rest_route=\/wp\/v2\/types\/post"}],"author":[{"embeddable":true,"href":"https:\/\/calatorinromania.com\/index.php?rest_route=\/wp\/v2\/users\/1"}],"replies":[{"embeddable":true,"href":"https:\/\/calatorinromania.com\/index.php?rest_route=%2Fwp%2Fv2%2Fcomments&post=41318"}],"version-history":[{"count":1,"href":"https:\/\/calatorinromania.com\/index.php?rest_route=\/wp\/v2\/posts\/41318\/revisions"}],"predecessor-version":[{"id":41319,"href":"https:\/\/calatorinromania.com\/index.php?rest_route=\/wp\/v2\/posts\/41318\/revisions\/41319"}],"wp:featuredmedia":[{"embeddable":true,"href":"https:\/\/calatorinromania.com\/index.php?rest_route=\/wp\/v2\/media\/40939"}],"wp:attachment":[{"href":"https:\/\/calatorinromania.com\/index.php?rest_route=%2Fwp%2Fv2%2Fmedia&parent=41318"}],"wp:term":[{"taxonomy":"category","embeddable":true,"href":"https:\/\/calatorinromania.com\/index.php?rest_route=%2Fwp%2Fv2%2Fcategories&post=41318"},{"taxonomy":"post_tag","embeddable":true,"href":"https:\/\/calatorinromania.com\/index.php?rest_route=%2Fwp%2Fv2%2Ftags&post=41318"}],"curies":[{"name":"wp","href":"https:\/\/api.w.org\/{rel}","templated":true}]}}