{"id":41316,"date":"2025-08-19T09:11:25","date_gmt":"2025-08-19T09:11:25","guid":{"rendered":"https:\/\/calatorinromania.com\/?p=41316"},"modified":"2025-08-19T09:11:31","modified_gmt":"2025-08-19T09:11:31","slug":"cand-am-tinut-o-pe-fiica-mea-ana-pentru-prima-data-in-brate-parca-lumea-s-a-oprit","status":"publish","type":"post","link":"https:\/\/calatorinromania.com\/?p=41316","title":{"rendered":"C\u00e2nd am \u021binut-o pe fiica mea, Ana, pentru prima dat\u0103 \u00een bra\u021be, parc\u0103 lumea s-a oprit"},"content":{"rendered":"\n<p>C\u00e2nd am \u021binut-o pe fiica mea, Ana, pentru prima dat\u0103 \u00een bra\u021be, parc\u0103 lumea s-a oprit. Dege\u021belele ei mici s-au str\u00e2ns \u00een jurul m\u00e2inii mele, pielea ei era moale \u0219i fragil\u0103, iar pentru o clip\u0103 am sim\u021bit c\u0103 nimic nu ar putea umbri bucuria care \u00eemi inunda sufletul. Dar atunci am v\u0103zut privirea so\u021bului meu, Mihai. \u00cen loc de m\u00e2ndrie sau uimire, ochii lui s-au \u00eengustat. \u0218i-a a\u021bintit privirea asupra p\u0103rului ei blond \u0219i a ochilor alba\u0219tri str\u0103lucitori \u0219i a rostit cuvinte care aveau s\u0103 m\u0103 b\u00e2ntuie mereu: \u201eNu seam\u0103n\u0103 cu mine. Cine e tat\u0103l?\u201d<\/p>\n\n\n\n<p><\/p>\n\n\n\n<p>Durerea tr\u0103d\u0103rii m-a sf\u00e2\u0219iat. Tocmai adusesem pe lume copilul nostru, trecusem prin luni de oboseal\u0103 \u0219i chin, doar pentru a fi acuzat\u0103 de infidelitate. Protestele mele nu \u00eensemnau nimic pentru el. A cerut un test de paternitate, cu o voce rece \u0219i t\u0103ioas\u0103, iar \u00een c\u00e2teva zile \u0219i-a str\u00e2ns lucrurile \u0219i s-a mutat \u00eenapoi la p\u0103rin\u021bi. Am r\u0103mas singur\u0103 cu un nou-n\u0103scut, iar inima mi se fr\u00e2ngea cu fiecare or\u0103 care trecea.<\/p>\n\n\n\n<p><\/p>\n\n\n\n<p>Dar cruzimea nu s-a oprit acolo. Mama lui m-a sunat \u00eentr-o noapte t\u00e2rziu, iar tonul ei picura venin. \u201eDac\u0103 bebelu\u0219ul \u0103sta nu e al lui Mihai,\u201d a \u0219uierat ea, \u201eo s\u0103 regre\u021bi c\u0103 ai pus vreodat\u0103 piciorul \u00een familia asta.\u201d Cuvintele ei nu au fost doar o amenin\u021bare, ci un pumnal care a r\u0103sucit rana pe care fiul ei mi-o provocase deja. Bucuria maternit\u0103\u021bii \u00eemi fusese furat\u0103, \u00eenlocuit\u0103 cu team\u0103, umilin\u021b\u0103 \u0219i furie.<\/p>\n\n\n\n<p><\/p>\n\n\n\n<p>Dou\u0103 s\u0103pt\u0103m\u00e2ni mai t\u00e2rziu au sosit rezultatele. Nici m\u0103car nu mai aveam nevoie s\u0103 deschid plicul; \u0219tiam deja adev\u0103rul. Ana era fiica lui Mihai. \u0218tiin\u021ba confirmase ceea ce inima mea nu pusese niciodat\u0103 la \u00eendoial\u0103. C\u00e2nd i-am ar\u0103tat rezultatele, m\u0103 a\u0219teptam la scuze, la remu\u0219c\u0103ri, poate chiar la o \u00eembr\u0103\u021bi\u0219are care s\u0103 repare pr\u0103pastia ce se c\u0103scase \u00eentre noi. \u00cen schimb, el a oftat \u0219i a spus: \u201eNici pentru mine nu a fost u\u0219or, s\u0103 \u0219tii.\u201d<\/p>\n\n\n\n<p><\/p>\n\n\n\n<p>Cuvintele lui m-au l\u0103sat f\u0103r\u0103 grai. Nicio urm\u0103 de regret, nicio scuz\u0103, doar o \u00eencercare egoist\u0103 de a se pune \u00een postura de victim\u0103. I-am spus despre amenin\u021b\u0103rile mamei lui, iar pe chipul lui am v\u0103zut cum \u0219ocul se transform\u0103 \u00een vinov\u0103\u021bie. C\u00e2teva zile mai t\u00e2rziu s-a \u00eentors, cu privirea plecat\u0103, \u021bin\u00e2nd \u00een m\u00e2n\u0103 flori ca o ofrand\u0103 de pace. A implorat s\u0103-l iert, jur\u00e2nd c\u0103 fusese orbit de stres \u0219i de nesiguran\u021b\u0103. Am z\u0103rit o lic\u0103rire din b\u0103rbatul pe care \u00eel iubisem c\u00e2ndva \u0219i, pentru binele Anei, l-am primit \u00eenapoi.<\/p>\n\n\n\n<p>Pentru o vreme, am \u00eencercat s\u0103 cred c\u0103 putem repara ceea ce se sp\u0103rsese. Dar cr\u0103p\u0103turile au un mod de a se \u00eentinde. Mihai p\u0103rea nelini\u0219tit, aproape dezam\u0103git c\u0103 testul m\u0103 absolvise. Privirea \u00eei fugea, scuzele se adunau, iar telefonul st\u0103tea mereu cu ecranul \u00een jos pe mas\u0103. \u00centr-o sear\u0103, cu inima b\u0103t\u00e2ndu-mi nebune\u0219te, l-am deschis. Ceea ce am g\u0103sit acolo m-a zdrobit mai mult dec\u00e2t acuza\u021biile lui vreodat\u0103.<\/p>\n\n\n\n<p>Mesaj dup\u0103 mesaj, cuvinte dulci destinate altei femei \u2014 o coleg\u0103 de la serviciu. \u00cei promitea c\u0103 m\u0103 va p\u0103r\u0103si, \u00eei spunea c\u0103 o iube\u0219te, \u00eei descria un viitor \u00een care eu \u0219i Ana nu existam. Nu mai era doar suspiciune. Era tr\u0103dare, scris\u0103 negru pe alb, de net\u0103g\u0103duit.<\/p>\n\n\n\n<p>M\u00e2inile \u00eemi tremurau \u00een timp ce f\u0103ceam capturi de ecran. Diminea\u021ba urm\u0103toare am sunat un avocat. Nu aveam s\u0103 mai cer\u0219esc, s\u0103 \u021bip sau s\u0103-i mai dau ocazia s\u0103 r\u0103suceasc\u0103 \u00eenc\u0103 o dat\u0103 cu\u021bitul. P\u00e2n\u0103 s\u0103 se \u00eentoarc\u0103 Mihai acas\u0103 \u00een acea sear\u0103, eu \u0219i Ana plecaser\u0103m deja.<\/p>\n\n\n\n<p>Divor\u021bul a fost cumplit, dar aveam dovezi. Dovezi ale infidelit\u0103\u021bii lui, ale abandonului, ale cruzimii. Instan\u021ba mi-a dat dreptate. Am plecat cu casa, cu ma\u0219ina \u0219i cu pensia alimentar\u0103 \u2014 nu ca r\u0103zbunare, ci ca protec\u021bie pentru viitorul fiicei mele.<\/p>\n\n\n\n<p>S\u0103 o iau de la cap\u0103t a fost \u00eenfrico\u0219\u0103tor. Nop\u021bile erau singuratice, dimine\u021bile ap\u0103s\u0103toare, dar \u00eencet, via\u021ba a \u00eenceput din nou s\u0103 \u00eenfloreasc\u0103. R\u00e2sul Anei umplea casa, neatins de minciuni sau suspiciuni. Inima mea se vindeca \u00een clipele lini\u0219tite \u2014 leg\u0103n\u00e2nd-o la somn, privindu-i primii pa\u0219i, construind un c\u0103min unde iubirea nu era pus\u0103 la \u00eendoial\u0103, ci oferit\u0103 liber.<\/p>\n\n\n\n<p>Mihai ceruse un test de paternitate ca s\u0103 dovedeasc\u0103 dac\u0103 \u00eei fusesem fidel\u0103. \u00cen cele din urm\u0103, testul nu m-a expus pe mine \u2014 l-a expus pe el. \u0218i, de\u0219i c\u0103snicia a fost distrus\u0103, eu am g\u0103sit ceva mai bun printre ruine: libertate, putere \u0219i \u0219ansa de a-mi cre\u0219te fiica \u00een pace.<\/p>\n\n\n\n<p><em>Aceast\u0103 lucrare este inspirat\u0103 din evenimente \u0219i persoane reale, \u00eens\u0103 a fost fic\u021bionalizat\u0103 \u00een scopuri creative. Numele, personajele \u0219i detaliile au fost schimbate pentru a proteja intimitatea \u0219i pentru a \u00eembun\u0103t\u0103\u021bi nara\u021biunea. Orice asem\u0103nare cu persoane reale, \u00een via\u021b\u0103 sau decedate, sau cu evenimente reale este pur \u00eent\u00e2mpl\u0103toare \u0219i nu este inten\u021bionat\u0103 de c\u0103tre autor.<\/em><\/p>\n\n\n\n<p><em>Autorul \u0219i editorul nu \u00ee\u0219i asum\u0103 responsabilitatea pentru exactitatea evenimentelor sau pentru modul \u00een care sunt portretizate personajele \u0219i nu sunt r\u0103spunz\u0103tori pentru eventuale interpret\u0103ri gre\u0219ite. Aceast\u0103 poveste este oferit\u0103 \u201eca atare\u201d, iar orice opinii exprimate apar\u021bin personajelor \u0219i nu reflect\u0103 punctele de vedere ale autorului sau ale editorului.<\/em><\/p>\n","protected":false},"excerpt":{"rendered":"<p>C\u00e2nd am \u021binut-o pe fiica mea, Ana, pentru prima dat\u0103 \u00een bra\u021be, parc\u0103 lumea s-a oprit. Dege\u021belele ei mici s-au str\u00e2ns \u00een jurul m\u00e2inii mele,<\/p>\n","protected":false},"author":1,"featured_media":40939,"comment_status":"closed","ping_status":"closed","sticky":false,"template":"","format":"standard","meta":[],"categories":[1],"tags":[],"_links":{"self":[{"href":"https:\/\/calatorinromania.com\/index.php?rest_route=\/wp\/v2\/posts\/41316"}],"collection":[{"href":"https:\/\/calatorinromania.com\/index.php?rest_route=\/wp\/v2\/posts"}],"about":[{"href":"https:\/\/calatorinromania.com\/index.php?rest_route=\/wp\/v2\/types\/post"}],"author":[{"embeddable":true,"href":"https:\/\/calatorinromania.com\/index.php?rest_route=\/wp\/v2\/users\/1"}],"replies":[{"embeddable":true,"href":"https:\/\/calatorinromania.com\/index.php?rest_route=%2Fwp%2Fv2%2Fcomments&post=41316"}],"version-history":[{"count":1,"href":"https:\/\/calatorinromania.com\/index.php?rest_route=\/wp\/v2\/posts\/41316\/revisions"}],"predecessor-version":[{"id":41317,"href":"https:\/\/calatorinromania.com\/index.php?rest_route=\/wp\/v2\/posts\/41316\/revisions\/41317"}],"wp:featuredmedia":[{"embeddable":true,"href":"https:\/\/calatorinromania.com\/index.php?rest_route=\/wp\/v2\/media\/40939"}],"wp:attachment":[{"href":"https:\/\/calatorinromania.com\/index.php?rest_route=%2Fwp%2Fv2%2Fmedia&parent=41316"}],"wp:term":[{"taxonomy":"category","embeddable":true,"href":"https:\/\/calatorinromania.com\/index.php?rest_route=%2Fwp%2Fv2%2Fcategories&post=41316"},{"taxonomy":"post_tag","embeddable":true,"href":"https:\/\/calatorinromania.com\/index.php?rest_route=%2Fwp%2Fv2%2Ftags&post=41316"}],"curies":[{"name":"wp","href":"https:\/\/api.w.org\/{rel}","templated":true}]}}