{"id":41314,"date":"2025-08-19T09:09:15","date_gmt":"2025-08-19T09:09:15","guid":{"rendered":"https:\/\/calatorinromania.com\/?p=41314"},"modified":"2025-08-19T09:09:15","modified_gmt":"2025-08-19T09:09:15","slug":"oamenii-din-aeroport-au-observat-un-barbat-in-uniforma-care-zacea-pe-podea-iar-langa-el-statea-o-ciobanesca","status":"publish","type":"post","link":"https:\/\/calatorinromania.com\/?p=41314","title":{"rendered":"Oamenii din aeroport au observat un b\u0103rbat \u00een uniform\u0103 care z\u0103cea pe podea, iar l\u00e2ng\u0103 el st\u0103tea o ciob\u0103nesc\u0103"},"content":{"rendered":"\n<p>S-a dovedit c\u0103 nu era un simplu c\u00e2ine. Era un c\u00e2ine de serviciu, partenerul soldatului. Tocmai fuseser\u0103 repatria\u021bi dintr-o zon\u0103 de conflict, unde petrecuser\u0103 opt luni epuizante.<\/p>\n\n\n\n<p><\/p>\n\n\n\n<p>\u00cen ultimele trei zile \u00eenainte de plecare, soldatul nu dormise deloc \u2014 se ocupa de acte, trecea prin interogatorii, a\u0219tepta aprobarea pentru zbor.<\/p>\n\n\n\n<p><\/p>\n\n\n\n<p>Rezistase c\u00e2t a putut. Iar acum, \u00een aeroport, c\u00e2nd mai erau c\u00e2teva ore p\u00e2n\u0103 la \u00eembarcare, \u0219i-a permis pentru prima dat\u0103 s\u0103 se \u00eentind\u0103. S\u0103 adoarm\u0103. F\u0103r\u0103 fric\u0103. F\u0103r\u0103 nelini\u0219te.<\/p>\n\n\n\n<p><\/p>\n\n\n\n<p>Iar c\u00e2inele s\u0103u credincios \u2014 singura fiin\u021b\u0103 \u00een care avea \u00eencredere deplin\u0103 \u2014 \u0219tia c\u0103, at\u00e2ta timp c\u00e2t st\u0103p\u00e2nul doarme, nimeni nu are voie s\u0103-l ating\u0103.<\/p>\n\n\n\n<p><\/p>\n\n\n\n<p>C\u00e2nd un angajat al aeroportului, deja informat, s-a apropiat, a vorbit calm cu c\u00e2inele. I-a ar\u0103tat legitima\u021bia, s-a a\u0219ezat \u00eencet \u0219i i-a \u00eentins m\u00e2na s\u0103 o miroas\u0103.<\/p>\n\n\n\n<p><\/p>\n\n\n\n<p>Abia atunci ciob\u0103neasca s-a retras \u00eencet \u00eentr-o parte, continu\u00e2nd s\u0103 supravegheze totul. Pe soldat nu l-au trezit. Au pus doar un cordon de protec\u021bie \u00een jurul lor, ca nimeni s\u0103 nu-i deranjeze. Iar un trec\u0103tor a l\u0103sat \u00een t\u0103cere o sticl\u0103 cu ap\u0103 \u0219i o pung\u0103 cu m\u00e2ncare.<\/p>\n\n\n\n<p><\/p>\n\n\n\n<p><strong>Dup\u0103 dou\u0103 ore, t\u00e2n\u0103rul s-a trezit. Nu \u0219tia c\u0103 \u00een jur se adunase o mul\u021bime, c\u0103 unii chiar pl\u00e2nseser\u0103 v\u0103z\u00e2nd devotamentul c\u00e2inelui. S-a ridicat pur \u0219i simplu, a m\u00e2ng\u00e2iat c\u00e2inele pe cap, \u0219i-a luat rucsacul \u2014 \u0219i a pornit spre poarta de \u00eembarcare.<\/strong><\/p>\n\n\n\n<p><em>Aceast\u0103 lucrare este inspirat\u0103 din evenimente \u0219i persoane reale, \u00eens\u0103 a fost fic\u021bionalizat\u0103 \u00een scopuri creative. Numele, personajele \u0219i detaliile au fost schimbate pentru a proteja intimitatea \u0219i pentru a \u00eembun\u0103t\u0103\u021bi nara\u021biunea. Orice asem\u0103nare cu persoane reale, \u00een via\u021b\u0103 sau decedate, sau cu evenimente reale este pur \u00eent\u00e2mpl\u0103toare \u0219i nu este inten\u021bionat\u0103 de c\u0103tre autor.<\/em><\/p>\n\n\n\n<p><em>Autorul \u0219i editorul nu \u00ee\u0219i asum\u0103 responsabilitatea pentru exactitatea evenimentelor sau pentru modul \u00een care sunt portretizate personajele \u0219i nu sunt r\u0103spunz\u0103tori pentru eventuale interpret\u0103ri gre\u0219ite. Aceast\u0103 poveste este oferit\u0103 \u201eca atare\u201d, iar orice opinii exprimate apar\u021bin personajelor \u0219i nu reflect\u0103 punctele de vedere ale autorului sau ale editorului.<\/em><\/p>\n","protected":false},"excerpt":{"rendered":"<p>S-a dovedit c\u0103 nu era un simplu c\u00e2ine. Era un c\u00e2ine de serviciu, partenerul soldatului. Tocmai fuseser\u0103 repatria\u021bi dintr-o zon\u0103 de conflict, unde petrecuser\u0103 opt<\/p>\n","protected":false},"author":1,"featured_media":40939,"comment_status":"closed","ping_status":"closed","sticky":false,"template":"","format":"standard","meta":[],"categories":[1],"tags":[],"_links":{"self":[{"href":"https:\/\/calatorinromania.com\/index.php?rest_route=\/wp\/v2\/posts\/41314"}],"collection":[{"href":"https:\/\/calatorinromania.com\/index.php?rest_route=\/wp\/v2\/posts"}],"about":[{"href":"https:\/\/calatorinromania.com\/index.php?rest_route=\/wp\/v2\/types\/post"}],"author":[{"embeddable":true,"href":"https:\/\/calatorinromania.com\/index.php?rest_route=\/wp\/v2\/users\/1"}],"replies":[{"embeddable":true,"href":"https:\/\/calatorinromania.com\/index.php?rest_route=%2Fwp%2Fv2%2Fcomments&post=41314"}],"version-history":[{"count":1,"href":"https:\/\/calatorinromania.com\/index.php?rest_route=\/wp\/v2\/posts\/41314\/revisions"}],"predecessor-version":[{"id":41315,"href":"https:\/\/calatorinromania.com\/index.php?rest_route=\/wp\/v2\/posts\/41314\/revisions\/41315"}],"wp:featuredmedia":[{"embeddable":true,"href":"https:\/\/calatorinromania.com\/index.php?rest_route=\/wp\/v2\/media\/40939"}],"wp:attachment":[{"href":"https:\/\/calatorinromania.com\/index.php?rest_route=%2Fwp%2Fv2%2Fmedia&parent=41314"}],"wp:term":[{"taxonomy":"category","embeddable":true,"href":"https:\/\/calatorinromania.com\/index.php?rest_route=%2Fwp%2Fv2%2Fcategories&post=41314"},{"taxonomy":"post_tag","embeddable":true,"href":"https:\/\/calatorinromania.com\/index.php?rest_route=%2Fwp%2Fv2%2Ftags&post=41314"}],"curies":[{"name":"wp","href":"https:\/\/api.w.org\/{rel}","templated":true}]}}