{"id":41310,"date":"2025-08-19T08:53:52","date_gmt":"2025-08-19T08:53:52","guid":{"rendered":"https:\/\/calatorinromania.com\/?p=41310"},"modified":"2025-08-19T08:53:52","modified_gmt":"2025-08-19T08:53:52","slug":"ma-urcam-pe-scara-ca-sa-tai-crengile-copacului","status":"publish","type":"post","link":"https:\/\/calatorinromania.com\/?p=41310","title":{"rendered":"M\u0103 urcam pe scar\u0103 ca s\u0103 tai crengile copacului"},"content":{"rendered":"\n<p>Abia pusesem piciorul pe prima treapt\u0103, c\u00e2nd am auzit un trosnet puternic.<\/p>\n\n\n\n<p><\/p>\n\n\n\n<p>Am \u00eencremenit. \u00cen acel moment, o creang\u0103 groas\u0103, uscat\u0103, s-a desprins din v\u00e2rful m\u0103rului \u0219i s-a pr\u0103bu\u0219it exact \u00een locul unde a\u0219 fi fost eu dac\u0103 m-a\u0219 fi aflat mai sus pe scar\u0103. Lemnul s-a izbit cu un zgomot surd de p\u0103m\u00e2nt, ridic\u00e2nd praf \u0219i buc\u0103\u021bi mici de scoar\u021b\u0103.<\/p>\n\n\n\n<p><\/p>\n\n\n\n<p>Am r\u0103mas nemi\u0219cat\u0103, cu m\u00e2na str\u00e2ns\u0103 pe scara rece, \u0219i inima mi-a b\u0103tut at\u00e2t de tare, \u00eenc\u00e2t \u00eemi g\u00e2ndeam c\u0103 o s\u0103-mi sar\u0103 din piept. Atunci am privit c\u0103tre c\u00e2ine. El m\u0103 privea lini\u0219tit, cu botul lipit de p\u0103m\u00e2nt, ca \u0219i cum \u0219tia c\u0103 \u00eemi salvase via\u021ba.<\/p>\n\n\n\n<p><\/p>\n\n\n\n<p>Mi-au dat lacrimile. Nu de team\u0103, ci de recuno\u0219tin\u021b\u0103. C\u00e2inele meu, acel suflet curat care nu vorbea, \u00een\u021belesese pericolul mai bine dec\u00e2t mine.<\/p>\n\n\n\n<p><\/p>\n\n\n\n<p>Am l\u0103sat scara la o parte \u0219i m-am a\u0219ezat l\u00e2ng\u0103 el. L-am dezlegat \u0219i el, \u00een loc s\u0103 fug\u0103, s-a lipit de mine \u0219i a pus botul pe genunchii mei. Sim\u021beam cum \u00eemi tremur\u0103 m\u00e2inile, dar \u00een acela\u0219i timp \u00een mine cre\u0219tea un sentiment de pace: eram vie datorit\u0103 lui.<\/p>\n\n\n\n<p><\/p>\n\n\n\n<p>\u00cen sat, oamenii mereu spuneau c\u0103 animalele au un al \u0219aselea sim\u021b. B\u0103tr\u00e2nele povesteau la poart\u0103 c\u0103 vacile simt furtuna cu o zi \u00eenainte, c\u0103 g\u0103inile fac g\u0103l\u0103gie c\u00e2nd se apropie cineva str\u0103in \u0219i c\u0103 pisicile nu se a\u0219az\u0103 niciodat\u0103 unde exist\u0103 \u201ev\u00e2nt r\u0103u\u201d. Eu mereu z\u00e2mbeam, consider\u00e2nd c\u0103 sunt vorbe b\u0103be\u0219ti. Dar \u00een acea zi, \u00een curtea mea, l\u00e2ng\u0103 m\u0103rul b\u0103tr\u00e2n, am \u00een\u021beles c\u0103 nu era doar o vorb\u0103.<\/p>\n\n\n\n<p>C\u00e2inele meu \u00eemi ar\u0103tase adev\u0103rul.<\/p>\n\n\n\n<p>Am privit crengile c\u0103zute \u0219i m-am cutremurat g\u00e2ndindu-m\u0103 ce s-ar fi \u00eent\u00e2mplat dac\u0103 nu m-ar fi tras de pantaloni. Poate c\u0103 acum eram \u00eentins\u0103 acolo, strivit\u0103. \u0218i nimeni n-ar fi \u0219tiut c\u0103 el \u00eencercase s\u0103 m\u0103 salveze.<\/p>\n\n\n\n<p>Mi-am adus aminte de tata. El spunea mereu: \u201eS\u0103 nu te pui niciodat\u0103 deasupra \u00een\u021belepciunii p\u0103m\u00e2ntului \u0219i a fiin\u021belor lui. C\u0103ci ele \u0219tiu ce noi nu \u0219tim.\u201d Atunci, pe loc, mi-am dat seama c\u0103 avea dreptate.<\/p>\n\n\n\n<p>M-am ridicat, am trecut m\u00e2na peste blana c\u00e2inelui \u0219i i-am \u0219optit:<br>\u2014 E\u0219ti \u00eengerul meu p\u0103zitor.<\/p>\n\n\n\n<p>De atunci, \u00een fiecare zi, c\u00e2nd ies \u00een curte, \u00eel privesc altfel. Nu doar ca pe un c\u00e2ine, ci ca pe un prieten care mi-a d\u0103ruit o a doua \u0219ans\u0103.<\/p>\n\n\n\n<p>\u00cen seara aceea, am aprins lum\u00e2narea la icoana din cas\u0103 \u0219i am spus o rug\u0103ciune de mul\u021bumire. Nu doar pentru via\u021ba mea, ci \u0219i pentru sufletul curat al animalului care a \u0219tiut s\u0103 m\u0103 opreasc\u0103 la timp.<\/p>\n\n\n\n<p>\u0218i de atunci, ori de c\u00e2te ori m\u0103 g\u00e2ndesc s\u0103 fac ceva pripit, \u00eemi amintesc de acea zi. De scara sprijinit\u0103 de m\u0103r. De trosnetul crengii c\u0103zute. \u0218i de ochii c\u00e2inelui meu, plini de grij\u0103 \u0219i iubire.<\/p>\n\n\n\n<p>Poate c\u0103 unii ar spune c\u0103 a fost doar noroc. Dar eu cred c\u0103 a fost mai mult. \u00cen cultura noastr\u0103, b\u0103tr\u00e2nii spuneau c\u0103 Dumnezeu nu las\u0103 omul singur \u0219i c\u0103 trimite semne prin tot ce ne \u00eenconjoar\u0103. Eu am primit un semn prin c\u00e2inele meu.<\/p>\n\n\n\n<p>\u0218i azi, c\u00e2nd povestesc vecinilor ce s-a \u00eent\u00e2mplat, ei dau din cap \u0219i spun:<br>\u2014 A\u0219a e, fat\u0103 drag\u0103. C\u00e2inele e suflet de om, doar c\u0103 nu vorbe\u0219te.<\/p>\n\n\n\n<p>Am z\u00e2mbit atunci \u0219i le-am r\u0103spuns:<br>\u2014 Poate c\u0103 nu vorbe\u0219te, dar uneori spune mai mult dec\u00e2t ar putea s-o fac\u0103 un om.<\/p>\n\n\n\n<p>Acea zi m-a \u00eenv\u0103\u021bat ceva ce nu voi uita niciodat\u0103: s\u0103 ascult mai mult t\u0103cerea, s\u0103 privesc semnele \u0219i s\u0103 \u00een\u021beleg c\u0103 dragostea adev\u0103rat\u0103 nu se arat\u0103 prin cuvinte, ci prin fapte.<\/p>\n\n\n\n<p>\u0218i dac\u0103 azi \u00eenc\u0103 pot merge prin curte, s\u0103 m\u0103 bucur de r\u0103s\u0103rit, s\u0103 beau apa rece de la f\u00e2nt\u00e2n\u0103 \u0219i s\u0103 simt iarba sub t\u0103lpi, este pentru c\u0103 un c\u00e2ine simplu, dar cu inim\u0103 mare, a \u0219tiut mai bine dec\u00e2t mine ce trebuia s\u0103 fac.<\/p>\n\n\n\n<p>Pentru mine, asta nu e doar o amintire. E dovada vie c\u0103 uneori via\u021ba \u021bi se poate schimba \u00eentr-o clip\u0103, \u0219i c\u0103 salvarea vine de acolo de unde nici nu te a\u0219tep\u021bi.<\/p>\n\n\n\n<p>A\u0219a am \u00eenv\u0103\u021bat c\u0103 \u00een fiecare l\u0103trat, \u00een fiecare privire \u0219i \u00een fiecare gest al c\u00e2inelui meu se ascunde o dragoste t\u0103cut\u0103, dar infinit de puternic\u0103. \u0218i pentru asta \u00eei voi fi recunosc\u0103toare p\u00e2n\u0103 la sf\u00e2r\u0219itul zilelor mele.<\/p>\n\n\n\n<p><em>Aceast\u0103 lucrare este inspirat\u0103 din evenimente \u0219i persoane reale, \u00eens\u0103 a fost fic\u021bionalizat\u0103 \u00een scopuri creative. Numele, personajele \u0219i detaliile au fost schimbate pentru a proteja intimitatea \u0219i pentru a \u00eembun\u0103t\u0103\u021bi nara\u021biunea. Orice asem\u0103nare cu persoane reale, \u00een via\u021b\u0103 sau decedate, sau cu evenimente reale este pur \u00eent\u00e2mpl\u0103toare \u0219i nu este inten\u021bionat\u0103 de c\u0103tre autor.<\/em><\/p>\n\n\n\n<p><em>Autorul \u0219i editorul nu \u00ee\u0219i asum\u0103 responsabilitatea pentru exactitatea evenimentelor sau pentru modul \u00een care sunt portretizate personajele \u0219i nu sunt r\u0103spunz\u0103tori pentru eventuale interpret\u0103ri gre\u0219ite. Aceast\u0103 poveste este oferit\u0103 \u201eca atare\u201d, iar orice opinii exprimate apar\u021bin personajelor \u0219i nu reflect\u0103 punctele de vedere ale autorului sau ale editorului.<\/em><\/p>\n","protected":false},"excerpt":{"rendered":"<p>Abia pusesem piciorul pe prima treapt\u0103, c\u00e2nd am auzit un trosnet puternic. Am \u00eencremenit. \u00cen acel moment, o creang\u0103 groas\u0103, uscat\u0103, s-a desprins din v\u00e2rful<\/p>\n","protected":false},"author":1,"featured_media":40939,"comment_status":"closed","ping_status":"closed","sticky":false,"template":"","format":"standard","meta":[],"categories":[1],"tags":[],"_links":{"self":[{"href":"https:\/\/calatorinromania.com\/index.php?rest_route=\/wp\/v2\/posts\/41310"}],"collection":[{"href":"https:\/\/calatorinromania.com\/index.php?rest_route=\/wp\/v2\/posts"}],"about":[{"href":"https:\/\/calatorinromania.com\/index.php?rest_route=\/wp\/v2\/types\/post"}],"author":[{"embeddable":true,"href":"https:\/\/calatorinromania.com\/index.php?rest_route=\/wp\/v2\/users\/1"}],"replies":[{"embeddable":true,"href":"https:\/\/calatorinromania.com\/index.php?rest_route=%2Fwp%2Fv2%2Fcomments&post=41310"}],"version-history":[{"count":1,"href":"https:\/\/calatorinromania.com\/index.php?rest_route=\/wp\/v2\/posts\/41310\/revisions"}],"predecessor-version":[{"id":41311,"href":"https:\/\/calatorinromania.com\/index.php?rest_route=\/wp\/v2\/posts\/41310\/revisions\/41311"}],"wp:featuredmedia":[{"embeddable":true,"href":"https:\/\/calatorinromania.com\/index.php?rest_route=\/wp\/v2\/media\/40939"}],"wp:attachment":[{"href":"https:\/\/calatorinromania.com\/index.php?rest_route=%2Fwp%2Fv2%2Fmedia&parent=41310"}],"wp:term":[{"taxonomy":"category","embeddable":true,"href":"https:\/\/calatorinromania.com\/index.php?rest_route=%2Fwp%2Fv2%2Fcategories&post=41310"},{"taxonomy":"post_tag","embeddable":true,"href":"https:\/\/calatorinromania.com\/index.php?rest_route=%2Fwp%2Fv2%2Ftags&post=41310"}],"curies":[{"name":"wp","href":"https:\/\/api.w.org\/{rel}","templated":true}]}}