{"id":41301,"date":"2025-08-18T10:23:18","date_gmt":"2025-08-18T10:23:18","guid":{"rendered":"https:\/\/calatorinromania.com\/?p=41301"},"modified":"2025-08-18T10:23:19","modified_gmt":"2025-08-18T10:23:19","slug":"prajitura-cu-2-oua-2-mere-si-2-maini-de-nuci","status":"publish","type":"post","link":"https:\/\/calatorinromania.com\/?p=41301","title":{"rendered":"Pr\u0103jitur\u0103 cu 2 ou\u0103, 2 mere \u0219i 2 m\u00e2ini de nuci"},"content":{"rendered":"\n<h3>Ingrediente necesare:<\/h3>\n\n\n\n<p><\/p>\n\n\n\n<ul>\n<li><strong>100 g nuci<\/strong><\/li>\n\n\n\n<li><strong>3 linguri de zah\u0103r<\/strong><\/li>\n\n\n\n<li><strong>2 ou\u0103<\/strong><\/li>\n\n\n\n<li><strong>80 g zah\u0103r<\/strong><\/li>\n\n\n\n<li><strong>1 praf de sare<\/strong><\/li>\n\n\n\n<li><strong>80 g unt topit<\/strong><\/li>\n\n\n\n<li><strong>80 ml lapte<\/strong><\/li>\n\n\n\n<li><strong>200 g f\u0103in\u0103<\/strong><\/li>\n\n\n\n<li><strong>16 g praf de copt<\/strong><\/li>\n\n\n\n<li><strong>2 mere<\/strong><\/li>\n\n\n\n<li><strong>1 m\u00e2n\u0103 de stafide<\/strong><\/li>\n<\/ul>\n\n\n\n<p><\/p>\n\n\n\n<h3>Procedura:<\/h3>\n\n\n\n<p><\/p>\n\n\n\n<ol>\n<li><strong>M\u0103cinarea nucilor<\/strong>: M\u0103cina\u021bi nucile \u00eempreun\u0103 cu cele&nbsp;<strong>3 linguri de zah\u0103r<\/strong>&nbsp;\u00eentr-un blender. Acest pas va ad\u0103uga o textur\u0103 crocant\u0103 \u0219i aromat\u0103 pr\u0103jiturii tale.<\/li>\n\n\n\n<li><strong>B\u0103tutul ou\u0103lor<\/strong>: Bate\u021bi&nbsp;<strong>2 ou\u0103<\/strong>&nbsp;cu&nbsp;<strong>80 g de zah\u0103r<\/strong>, vanilie \u0219i un praf de sare p\u00e2n\u0103 c\u00e2nd devin spumoase \u0219i cremoase.&nbsp;<strong>Ad\u0103uga\u021bi untul topit<\/strong>&nbsp;\u0219i&nbsp;<strong>laptele<\/strong>, amestec\u00e2nd u\u0219or.<\/li>\n\n\n\n<li><strong>Prepararea aluatului<\/strong>:&nbsp;<strong>Cerne\u021bi f\u0103ina<\/strong>&nbsp;\u00eempreun\u0103 cu praful de copt \u0219i ad\u0103uga\u021bi-le treptat \u00een amestecul de ou\u0103. Continua\u021bi s\u0103 amesteca\u021bi p\u00e2n\u0103 c\u00e2nd ob\u021bine\u021bi un aluat neted \u0219i f\u0103r\u0103 cocoloa\u0219e.<\/li>\n\n\n\n<li><strong>Preg\u0103tirea merelor<\/strong>:&nbsp;<strong>T\u0103ia\u021bi merele<\/strong>&nbsp;\u00een f\u00e2\u0219ii sub\u021biri sau cubule\u021be, \u00een func\u021bie de preferin\u021be.<\/li>\n\n\n\n<li><strong>Asamblarea pr\u0103jiturii<\/strong>:&nbsp;<strong>Unge\u021bi \u0219i tapeta\u021bi<\/strong>&nbsp;o tav\u0103 de dimensiunea&nbsp;<strong>28\u00d717 cm<\/strong>. Turna\u021bi jum\u0103tate din aluat \u00een tav\u0103 \u0219i a\u0219eza\u021bi deasupra jum\u0103tate din&nbsp;<strong>merele t\u0103iate<\/strong>. Pres\u0103ra\u021bi jum\u0103tate din&nbsp;<strong>nucile m\u0103cinate<\/strong>.<\/li>\n\n\n\n<li><strong>Ad\u0103ugarea restului de ingrediente<\/strong>: Turna\u021bi restul de aluat \u00een tav\u0103, apoi pune\u021bi deasupra restul de mere, stafidele \u0219i nucile m\u0103cinate r\u0103mase.<\/li>\n\n\n\n<li><strong>Coacerea<\/strong>: Coace\u021bi pr\u0103jitura \u00een cuptorul pre\u00eenc\u0103lzit la&nbsp;<strong>180\u00b0C<\/strong>&nbsp;timp de&nbsp;<strong>35 de minute<\/strong>&nbsp;sau p\u00e2n\u0103 c\u00e2nd este frumos rumenit\u0103 \u0219i coapt\u0103.<\/li>\n<\/ol>\n\n\n\n<h3>Poft\u0103 bun\u0103!<\/h3>\n\n\n\n<p>Aceast\u0103 pr\u0103jitur\u0103 cu nuci \u0219i mere este un desert simplu, dar plin de arome delicioase, perfect pentru a impresiona<\/p>\n","protected":false},"excerpt":{"rendered":"<p>Ingrediente necesare: Procedura: Poft\u0103 bun\u0103! Aceast\u0103 pr\u0103jitur\u0103 cu nuci \u0219i mere este un desert simplu, dar plin de arome delicioase, perfect pentru a impresiona<\/p>\n","protected":false},"author":1,"featured_media":41302,"comment_status":"closed","ping_status":"closed","sticky":false,"template":"","format":"standard","meta":[],"categories":[1],"tags":[],"_links":{"self":[{"href":"https:\/\/calatorinromania.com\/index.php?rest_route=\/wp\/v2\/posts\/41301"}],"collection":[{"href":"https:\/\/calatorinromania.com\/index.php?rest_route=\/wp\/v2\/posts"}],"about":[{"href":"https:\/\/calatorinromania.com\/index.php?rest_route=\/wp\/v2\/types\/post"}],"author":[{"embeddable":true,"href":"https:\/\/calatorinromania.com\/index.php?rest_route=\/wp\/v2\/users\/1"}],"replies":[{"embeddable":true,"href":"https:\/\/calatorinromania.com\/index.php?rest_route=%2Fwp%2Fv2%2Fcomments&post=41301"}],"version-history":[{"count":1,"href":"https:\/\/calatorinromania.com\/index.php?rest_route=\/wp\/v2\/posts\/41301\/revisions"}],"predecessor-version":[{"id":41303,"href":"https:\/\/calatorinromania.com\/index.php?rest_route=\/wp\/v2\/posts\/41301\/revisions\/41303"}],"wp:featuredmedia":[{"embeddable":true,"href":"https:\/\/calatorinromania.com\/index.php?rest_route=\/wp\/v2\/media\/41302"}],"wp:attachment":[{"href":"https:\/\/calatorinromania.com\/index.php?rest_route=%2Fwp%2Fv2%2Fmedia&parent=41301"}],"wp:term":[{"taxonomy":"category","embeddable":true,"href":"https:\/\/calatorinromania.com\/index.php?rest_route=%2Fwp%2Fv2%2Fcategories&post=41301"},{"taxonomy":"post_tag","embeddable":true,"href":"https:\/\/calatorinromania.com\/index.php?rest_route=%2Fwp%2Fv2%2Ftags&post=41301"}],"curies":[{"name":"wp","href":"https:\/\/api.w.org\/{rel}","templated":true}]}}