{"id":41295,"date":"2025-08-18T08:25:37","date_gmt":"2025-08-18T08:25:37","guid":{"rendered":"https:\/\/calatorinromania.com\/?p=41295"},"modified":"2025-08-18T08:25:37","modified_gmt":"2025-08-18T08:25:37","slug":"sotul-primeste-o-fotografie-de-la-sotia-lui-apoi-vrea-imediat-divort","status":"publish","type":"post","link":"https:\/\/calatorinromania.com\/?p=41295","title":{"rendered":"So\u021bul prime\u0219te o fotografie de la so\u021bia lui, apoi vrea imediat divor\u021b"},"content":{"rendered":"\n<p>Era o dup\u0103-amiaz\u0103 cald\u0103 \u0219i lini\u0219tit\u0103, din acelea \u00een care \u00ee\u021bi iei o clip\u0103 doar ca s\u0103 respiri \u0219i s\u0103 apreciezi momentul. Eram pe c\u00e2mp, rezemat\u0103 de camionet\u0103, sim\u021bind briza prin p\u0103r, \u0219i m-am g\u00e2ndit c\u0103 ar fi amuzant s\u0103-i trimit so\u021bului meu o poz\u0103 rapid\u0103. Nimic special, doar ceva simplu. Camioneta ar\u0103ta bine pe fundalul cu copaci \u0219i mi-am zis c\u0103 ar aprecia peisajul.<\/p>\n\n\n\n<p><\/p>\n\n\n\n<p>Am f\u0103cut fotografia, st\u00e2nd l\u00e2ng\u0103 ma\u0219in\u0103, \u0219i i-am trimis-o f\u0103r\u0103 prea mult\u0103 b\u0103taie de cap. Era doar o clip\u0103, o modalitate de a \u00eemp\u0103rt\u0103\u0219i o parte din ziua mea.<\/p>\n\n\n\n<p><\/p>\n\n\n\n<p>Dar r\u0103spunsul lui a venit aproape instantaneu \u0219i nu a fost deloc ce m\u0103 a\u0219teptam.<\/p>\n\n\n\n<p><\/p>\n\n\n\n<p>\u201eCine e \u00een reflexie?\u201d<\/p>\n\n\n\n<p><\/p>\n\n\n\n<p>Am clipit nedumerit\u0103. \u201eCe reflexie?\u201d am scris \u00eenapoi, sim\u021bind cum un nod \u00eencepe s\u0103 mi se formeze \u00een stomac.<\/p>\n\n\n\n<p><\/p>\n\n\n\n<p>\u201eGeamul din spate. E cineva acolo\u201d, a r\u0103spuns el, mult mai serios dec\u00e2t \u00eemi imaginasem.<\/p>\n\n\n\n<p><\/p>\n\n\n\n<p>Inima a \u00eenceput s\u0103-mi bat\u0103 cu putere. Am deschis poza din nou \u0219i am m\u0103rit zona geamului din spate al camionetei, c\u0103ut\u00e2nd reflexia. La \u00eenceput am crezut c\u0103 se \u00een\u0219ela, c\u0103 poate era doar lumina soarelui sau vreo ramur\u0103 \u00een dep\u0103rtare. Dar privind mai atent, stomacul mi s-a str\u00e2ns. Era o siluet\u0103, abia vizibil\u0103, dar inconfundabil\u0103, st\u00e2nd chiar \u00een spatele meu.<\/p>\n\n\n\n<p><\/p>\n\n\n\n<p>Nu era o imagine clar\u0103, dar conturul era suficient de distinct \u2013 figura unui b\u0103rbat, cu o p\u0103l\u0103rie ce \u00eei umbrea fa\u021ba. P\u0103l\u0103ria. Mi s-a t\u0103iat respira\u021bia c\u00e2nd am recunoscut forma familiar\u0103. Sem\u0103na exact cu p\u0103l\u0103ria pe care fostul meu iubit o purta mereu, cea de care nu se desp\u0103r\u021bea niciodat\u0103.<\/p>\n\n\n\n<p><\/p>\n\n\n\n<p>Mintea mi-a luat-o razna, \u00eencerc\u00e2nd s\u0103 g\u0103seasc\u0103 o explica\u021bie. Cum era posibil? Eram singur\u0103 c\u00e2nd am f\u0103cut poza, nu? Nu v\u0103zusem pe nimeni \u00een apropiere. C\u00e2mpul era gol, doar eu \u0219i camioneta. Dar reflexia nu min\u021bea. Cineva era suficient de aproape c\u00e2t s\u0103 apar\u0103 \u00een geam, \u0219i \u00eencepea s\u0103 devin\u0103 imposibil de explicat.<\/p>\n\n\n\n<p><\/p>\n\n\n\n<p>Am scris repede un mesaj, \u00eencerc\u00e2nd s\u0103 par calm\u0103. \u201eSunt sigur\u0103 c\u0103 e doar un joc de lumini, poate un copac sau ceva. Eram singur\u0103.\u201d<\/p>\n\n\n\n<p><\/p>\n\n\n\n<p>Dar deja sim\u021beam schimbarea \u00een tonul lui c\u00e2nd a r\u0103spuns. \u201eAsta nu arat\u0103 ca un copac. Arat\u0103 ca el.\u201d<\/p>\n\n\n\n<p><\/p>\n\n\n\n<p>Am r\u0103mas cu ochii pe ecran, cu degetele \u00een\u021bepenite. Nu era nevoie s\u0103 spun\u0103 mai mult. \u0218tiam exact la cine se referea. Fostul meu. B\u0103rbatul pe care \u00eel l\u0103sasem \u00een urm\u0103 de mult \u2013 sau cel pu\u021bin a\u0219a crezusem.<\/p>\n\n\n\n<p><\/p>\n\n\n\n<p>Dintr-odat\u0103, am \u00eenceput s\u0103 pun totul la \u00eendoial\u0103. Oare \u00eemi sc\u0103pase ceva? S\u0103 fi fost el pe aproape, f\u0103r\u0103 ca eu s\u0103-mi dau seama? Sau era doar o coinciden\u021b\u0103 teribil\u0103, o imagine prins\u0103 din gre\u0219eal\u0103, care acum p\u0103rea imposibil de justificat?<\/p>\n\n\n\n<p><\/p>\n\n\n\n<p>Cu c\u00e2t priveam mai mult poza, cu at\u00e2t reflexia prindea contur \u00een mintea mea. Postura, p\u0103l\u0103ria \u2013 totul p\u0103rea prea familiar, \u0219i oric\u00e2t a\u0219 fi \u00eencercat s\u0103 m\u0103 conving de contrariul, g\u00e2ndul nu-mi d\u0103dea pace. Dac\u0103 chiar fusese el? Dac\u0103, printr-o \u00eentors\u0103tur\u0103 ciudat\u0103 a sor\u021bii, se aflase acolo \u00een acea zi?<\/p>\n\n\n\n<p>Suspiciunea so\u021bului meu cre\u0219tea, \u0219i o sim\u021beam \u00een fiecare mesaj pe care \u00eel trimitea. Nu voia s\u0103 lase asta balt\u0103, \u0219i nu-l puteam \u00eenvinov\u0103\u021bi. Din perspectiva lui, p\u0103rea c\u0103 f\u0103cusem poza cu cineva care st\u0103tea ascuns \u00een cadru. Cineva din trecutul meu.<\/p>\n\n\n\n<p>Am \u00eencercat s\u0103-l sun, s\u0103-l lini\u0219tesc, s\u0103-i explic c\u0103 era doar o ne\u00een\u021belegere. Dar chiar \u0219i \u00een timp ce vorbeam, \u00eemi auzeam propria nesiguran\u021b\u0103 \u00een glas. M-a ascultat \u00een t\u0103cere, iar \u00eencrederea lui se sim\u021bea cl\u0103tinat\u0103. \u201eNu \u0219tiu\u201d, a spus \u00een cele din urm\u0103, cu voce distant\u0103. \u201eReflexia aia nu pare o coinciden\u021b\u0103.\u201d<\/p>\n\n\n\n<p>Dup\u0103 ce am \u00eenchis, am r\u0103mas \u00een t\u0103cere, cu privirea fixat\u0103 pe imaginea din telefon. Ceea ce trebuia s\u0103 fie doar un instantaneu nevinovat din ziua mea se transformase \u00eentr-un lucru \u00eentunecat, o umbr\u0103 a trecutului care ne b\u00e2ntuia acum pe am\u00e2ndoi. Detaliul acela mic, abia vizibil, devenise o fantom\u0103 care scosese la suprafa\u021b\u0103 amintiri pe care crezusem c\u0103 le-am \u00eengropat.<\/p>\n\n\n\n<p>\u00cen zilele urm\u0103toare, rela\u021bia noastr\u0103 a \u00eenceput s\u0103 se simt\u0103 diferit, tensionat\u0103. Oric\u00e2t a\u0219 fi \u00eencercat s\u0103 explic c\u0103 eram singur\u0103, imaginea acelei siluete nu ne mai d\u0103dea pace. Era ca \u0219i cum acel moment, acea reflexie \u00een geam, ar fi deschis o u\u0219\u0103 pe care nu o mai puteam \u00eenchide. O u\u0219\u0103 c\u0103tre trecut, c\u0103tre \u00eentreb\u0103ri pe care so\u021bul meu nu le putea uita \u0219i c\u0103tre o \u00eencredere care acum at\u00e2rna de un fir sub\u021bire.<\/p>\n\n\n\n<p>Reflexia aceea, at\u00e2t de mic\u0103 \u0219i u\u0219or de trecut cu vederea, aruncase o umbr\u0103 peste tot. \u0218i, brusc, ceea ce trebuia s\u0103 fie doar o simpl\u0103 fotografie devenise \u00eenceputul a ceva ce niciunul dintre noi nu prev\u0103zuse.<\/p>\n\n\n\n<p><em>Aceast\u0103 lucrare este inspirat\u0103 din evenimente \u0219i persoane reale, \u00eens\u0103 a fost fic\u021bionalizat\u0103 \u00een scopuri creative. Numele, personajele \u0219i detaliile au fost schimbate pentru a proteja intimitatea \u0219i pentru a \u00eembun\u0103t\u0103\u021bi nara\u021biunea. Orice asem\u0103nare cu persoane reale, \u00een via\u021b\u0103 sau decedate, sau cu evenimente reale este pur \u00eent\u00e2mpl\u0103toare \u0219i nu este inten\u021bionat\u0103 de c\u0103tre autor.<\/em><\/p>\n\n\n\n<p><em>Autorul \u0219i editorul nu \u00ee\u0219i asum\u0103 responsabilitatea pentru exactitatea evenimentelor sau pentru modul \u00een care sunt portretizate personajele \u0219i nu sunt r\u0103spunz\u0103tori pentru eventuale interpret\u0103ri gre\u0219ite. Aceast\u0103 poveste este oferit\u0103 \u201eca atare\u201d, iar orice opinii exprimate apar\u021bin personajelor \u0219i nu reflect\u0103 punctele de vedere ale autorului sau ale editorului.<\/em><\/p>\n","protected":false},"excerpt":{"rendered":"<p>Era o dup\u0103-amiaz\u0103 cald\u0103 \u0219i lini\u0219tit\u0103, din acelea \u00een care \u00ee\u021bi iei o clip\u0103 doar ca s\u0103 respiri \u0219i s\u0103 apreciezi momentul. Eram pe c\u00e2mp,<\/p>\n","protected":false},"author":1,"featured_media":40939,"comment_status":"closed","ping_status":"closed","sticky":false,"template":"","format":"standard","meta":[],"categories":[1],"tags":[],"_links":{"self":[{"href":"https:\/\/calatorinromania.com\/index.php?rest_route=\/wp\/v2\/posts\/41295"}],"collection":[{"href":"https:\/\/calatorinromania.com\/index.php?rest_route=\/wp\/v2\/posts"}],"about":[{"href":"https:\/\/calatorinromania.com\/index.php?rest_route=\/wp\/v2\/types\/post"}],"author":[{"embeddable":true,"href":"https:\/\/calatorinromania.com\/index.php?rest_route=\/wp\/v2\/users\/1"}],"replies":[{"embeddable":true,"href":"https:\/\/calatorinromania.com\/index.php?rest_route=%2Fwp%2Fv2%2Fcomments&post=41295"}],"version-history":[{"count":1,"href":"https:\/\/calatorinromania.com\/index.php?rest_route=\/wp\/v2\/posts\/41295\/revisions"}],"predecessor-version":[{"id":41296,"href":"https:\/\/calatorinromania.com\/index.php?rest_route=\/wp\/v2\/posts\/41295\/revisions\/41296"}],"wp:featuredmedia":[{"embeddable":true,"href":"https:\/\/calatorinromania.com\/index.php?rest_route=\/wp\/v2\/media\/40939"}],"wp:attachment":[{"href":"https:\/\/calatorinromania.com\/index.php?rest_route=%2Fwp%2Fv2%2Fmedia&parent=41295"}],"wp:term":[{"taxonomy":"category","embeddable":true,"href":"https:\/\/calatorinromania.com\/index.php?rest_route=%2Fwp%2Fv2%2Fcategories&post=41295"},{"taxonomy":"post_tag","embeddable":true,"href":"https:\/\/calatorinromania.com\/index.php?rest_route=%2Fwp%2Fv2%2Ftags&post=41295"}],"curies":[{"name":"wp","href":"https:\/\/api.w.org\/{rel}","templated":true}]}}