{"id":41293,"date":"2025-08-18T08:16:16","date_gmt":"2025-08-18T08:16:16","guid":{"rendered":"https:\/\/calatorinromania.com\/?p=41293"},"modified":"2025-08-18T08:16:16","modified_gmt":"2025-08-18T08:16:16","slug":"soacra-mea-a-dat-o-afara-pe-fiica-mea-de-6-ani","status":"publish","type":"post","link":"https:\/\/calatorinromania.com\/?p=41293","title":{"rendered":"Soacra mea a dat-o afar\u0103 pe fiica mea de 6 ani"},"content":{"rendered":"\n<p>Totul a culminat la aniversarea nepotului nostru. Petrecerea era plin\u0103 de copii care alergau prin curte, baloane colorate at\u00e2rnate de gard \u0219i un tort uria\u0219 cu \u0219apte lum\u00e2n\u0103ri. Ellie, \u00eembr\u0103cat\u0103 \u00eentr-o rochi\u021b\u0103 cu buline albastre, abia a\u0219tepta s\u0103 se joace cu ceilal\u021bi. Dar bucuria i-a fost spulberat\u0103 brusc.<\/p>\n\n\n\n<p><\/p>\n\n\n\n<p>Carol s-a apropiat de ea cu un z\u00e2mbet fals, aplec\u00e2ndu-se s\u0103-i \u0219opteasc\u0103 ceva la ureche. Dup\u0103 c\u00e2teva secunde, am v\u0103zut cum fa\u021ba feti\u021bei mele se schimonose\u0219te \u0219i cum ochii i se umplu de lacrimi. Apoi, f\u0103r\u0103 s\u0103 mai spun\u0103 nimic, soacra mea a condus-o spre poart\u0103 \u0219i i-a spus c\u0103 \u201enu are ce c\u0103uta acolo, pentru c\u0103 nu e din familie\u201d.<\/p>\n\n\n\n<p><\/p>\n\n\n\n<p>Mi s-a str\u00e2ns inima c\u00e2nd am v\u0103zut-o pe Ellie st\u00e2nd singur\u0103 \u00een strad\u0103, \u021bin\u00e2ndu-\u0219i juc\u0103ria preferat\u0103 la piept \u0219i pl\u00e2ng\u00e2nd \u00eenceti\u0219or. Am luat-o imediat \u00een bra\u021be \u0219i, \u00een acel moment, am sim\u021bit c\u0103 nu mai pot r\u0103m\u00e2ne t\u0103cut\u0103.<\/p>\n\n\n\n<p><\/p>\n\n\n\n<p>\u00cen\u0103untru, r\u00e2setele \u0219i muzica se amestecau cu mirosul de pr\u0103jituri \u0219i suc de portocale. Dar eu am sim\u021bit o r\u0103ceal\u0103 cumplit\u0103. M-am apropiat de Carol \u0219i i-am spus, cu vocea tremur\u00e2nd\u0103, dar ferm\u0103, c\u0103 a trecut orice limit\u0103. \u201eAi alungat un copil de \u0219ase ani de la o petrecere pentru c\u0103 nu \u00ee\u021bi place? Asta nu e doar lips\u0103 de respect, e cruzime\u201d, i-am zis.<\/p>\n\n\n\n<p><\/p>\n\n\n\n<p>Oamenii s-au \u00eentors mira\u021bi, iar lini\u0219tea s-a a\u0219ternut peste curte. Daniel, vizibil ru\u0219inat, s-a ridicat imediat \u0219i a venit l\u00e2ng\u0103 mine. A privit-o pe mama lui \u0219i, cu o voce pe care rar i-am auzit-o at\u00e2t de hot\u0103r\u00e2t\u0103, i-a spus: \u201eEllie este fiica mea. Cine nu o accept\u0103 pe ea, nu m\u0103 accept\u0103 nici pe mine.\u201d<\/p>\n\n\n\n<p><\/p>\n\n\n\n<p>\u00cen acel moment am sim\u021bit c\u0103 nu sunt singur\u0103. Familia \u00eenseamn\u0103 iubire, nu s\u00e2nge. Nu e vorba de cine te-a n\u0103scut, ci de cine st\u0103 l\u00e2ng\u0103 tine atunci c\u00e2nd lumea \u00eentreag\u0103 te respinge.<\/p>\n\n\n\n<p><\/p>\n\n\n\n<p>Am plecat de la petrecere cu Ellie de m\u00e2n\u0103, iar Daniel ne-a urmat. Ne-am dus acas\u0103 \u0219i am organizat propria noastr\u0103 s\u0103rb\u0103toare. Am pus pe mas\u0103 cozonac r\u0103mas din weekend, c\u00e2teva pl\u0103cinte cu mere \u0219i am aprins lum\u00e2n\u0103ri colorate pe un chec simplu. Nu conta c\u0103 nu era tortul cel mare \u0219i sofisticat de la petrecerea oficial\u0103. Pentru noi, era mai mult dec\u00e2t suficient.<\/p>\n\n\n\n<p><\/p>\n\n\n\n<p>Ellie a suflat \u00een lum\u00e2n\u0103ri r\u00e2z\u00e2nd, iar buc\u0103\u021bele de fri\u0219c\u0103 i s-au lipit pe obraji. \u00cen ochii ei am v\u0103zut din nou lumina pe care mi-o rupsese Carol \u00een c\u00e2teva secunde. Am \u0219tiut atunci c\u0103 datoria mea de mam\u0103 nu este doar s\u0103-mi cresc copilul, ci s\u0103 o ap\u0103r de nedreptate \u0219i s\u0103-i ar\u0103t ce \u00eenseamn\u0103 dragostea adev\u0103rat\u0103.<\/p>\n\n\n\n<p><\/p>\n\n\n\n<p>De atunci, am pus limite clare. Nu mai exist\u0103 loc pentru veninul \u0219i r\u0103ceala soacrei \u00een via\u021ba noastr\u0103. La mesele de familie, dac\u0103 nu e dispus\u0103 s\u0103 o priveasc\u0103 pe Ellie ca pe nepoata ei, atunci prefer\u0103m s\u0103 lipsim. Via\u021ba e prea scurt\u0103 pentru a o umple cu resentimente \u0219i ur\u0103.<\/p>\n\n\n\n<p><\/p>\n\n\n\n<p>\u00cen cultura noastr\u0103, copiii sunt binecuv\u00e2ntarea casei. \u00cen satul bunicilor mei, nimeni nu l\u0103sa un copil s\u0103 plece fl\u0103m\u00e2nd sau s\u0103 pl\u00e2ng\u0103 singur la poart\u0103. Se spunea mereu c\u0103 \u201ecine alung\u0103 un copil, \u00ee\u0219i alung\u0103 norocul\u201d. \u0218i cred cu t\u0103rie c\u0103 aceste cuvinte au r\u0103mas valabile.<\/p>\n\n\n\n<p>Ast\u0103zi, Ellie \u0219tie c\u0103 este iubit\u0103. \u0218tie c\u0103 tata Daniel o alege zi de zi, c\u0103 eu o voi ap\u0103ra \u00eentotdeauna \u0219i c\u0103 familia nu e despre r\u0103ceal\u0103 \u0219i respingere, ci despre bra\u021be deschise \u0219i inim\u0103 curat\u0103.<\/p>\n\n\n\n<p>Iar lec\u021bia pe care i-am dat-o soacrei mele a fost simpl\u0103: po\u021bi s\u0103 \u00ee\u021bi \u00eentorci privirea de la un adult, dar niciodat\u0103 de la un copil. Pentru c\u0103 un copil care pl\u00e2nge la poart\u0103 din cauza ta va r\u0103m\u00e2ne mereu oglinda lipsei tale de omenie.<\/p>\n\n\n\n<p>Iar noi, cei care alegem s\u0103 iubim, vom merge mai departe cu fruntea sus, \u0219tiind c\u0103 adev\u0103rata familie se construie\u0219te prin inim\u0103, nu prin s\u00e2nge.<\/p>\n\n\n\n<p><em>Aceast\u0103 lucrare este inspirat\u0103 din evenimente \u0219i persoane reale, \u00eens\u0103 a fost fic\u021bionalizat\u0103 \u00een scopuri creative. Numele, personajele \u0219i detaliile au fost schimbate pentru a proteja intimitatea \u0219i pentru a \u00eembun\u0103t\u0103\u021bi nara\u021biunea. Orice asem\u0103nare cu persoane reale, \u00een via\u021b\u0103 sau decedate, sau cu evenimente reale este pur \u00eent\u00e2mpl\u0103toare \u0219i nu este inten\u021bionat\u0103 de c\u0103tre autor.<\/em><\/p>\n\n\n\n<p><em>Autorul \u0219i editorul nu \u00ee\u0219i asum\u0103 responsabilitatea pentru exactitatea evenimentelor sau pentru modul \u00een care sunt portretizate personajele \u0219i nu sunt r\u0103spunz\u0103tori pentru eventuale interpret\u0103ri gre\u0219ite. Aceast\u0103 poveste este oferit\u0103 \u201eca atare\u201d, iar orice opinii exprimate apar\u021bin personajelor \u0219i nu reflect\u0103 punctele de vedere ale autorului sau ale editorului.<\/em><\/p>\n","protected":false},"excerpt":{"rendered":"<p>Totul a culminat la aniversarea nepotului nostru. Petrecerea era plin\u0103 de copii care alergau prin curte, baloane colorate at\u00e2rnate de gard \u0219i un tort uria\u0219<\/p>\n","protected":false},"author":1,"featured_media":40932,"comment_status":"closed","ping_status":"closed","sticky":false,"template":"","format":"standard","meta":[],"categories":[1],"tags":[],"_links":{"self":[{"href":"https:\/\/calatorinromania.com\/index.php?rest_route=\/wp\/v2\/posts\/41293"}],"collection":[{"href":"https:\/\/calatorinromania.com\/index.php?rest_route=\/wp\/v2\/posts"}],"about":[{"href":"https:\/\/calatorinromania.com\/index.php?rest_route=\/wp\/v2\/types\/post"}],"author":[{"embeddable":true,"href":"https:\/\/calatorinromania.com\/index.php?rest_route=\/wp\/v2\/users\/1"}],"replies":[{"embeddable":true,"href":"https:\/\/calatorinromania.com\/index.php?rest_route=%2Fwp%2Fv2%2Fcomments&post=41293"}],"version-history":[{"count":1,"href":"https:\/\/calatorinromania.com\/index.php?rest_route=\/wp\/v2\/posts\/41293\/revisions"}],"predecessor-version":[{"id":41294,"href":"https:\/\/calatorinromania.com\/index.php?rest_route=\/wp\/v2\/posts\/41293\/revisions\/41294"}],"wp:featuredmedia":[{"embeddable":true,"href":"https:\/\/calatorinromania.com\/index.php?rest_route=\/wp\/v2\/media\/40932"}],"wp:attachment":[{"href":"https:\/\/calatorinromania.com\/index.php?rest_route=%2Fwp%2Fv2%2Fmedia&parent=41293"}],"wp:term":[{"taxonomy":"category","embeddable":true,"href":"https:\/\/calatorinromania.com\/index.php?rest_route=%2Fwp%2Fv2%2Fcategories&post=41293"},{"taxonomy":"post_tag","embeddable":true,"href":"https:\/\/calatorinromania.com\/index.php?rest_route=%2Fwp%2Fv2%2Ftags&post=41293"}],"curies":[{"name":"wp","href":"https:\/\/api.w.org\/{rel}","templated":true}]}}