{"id":41283,"date":"2025-08-18T07:40:42","date_gmt":"2025-08-18T07:40:42","guid":{"rendered":"https:\/\/calatorinromania.com\/?p=41283"},"modified":"2025-08-18T07:40:42","modified_gmt":"2025-08-18T07:40:42","slug":"%f0%9f%a5%92-chiftelute-de-dovlecei-la-cuptor-mai-gustoase-decat-cele-din-carne-%f0%9f%98%8d","status":"publish","type":"post","link":"https:\/\/calatorinromania.com\/?p=41283","title":{"rendered":"\ud83e\udd52 Chiftelu\u021be de dovlecei la cuptor \u2013 mai gustoase dec\u00e2t cele din carne! \ud83d\ude0d"},"content":{"rendered":"\n<p>O re\u021bet\u0103 simpl\u0103, s\u0103n\u0103toas\u0103 \u0219i delicioas\u0103, ideal\u0103 pentru \u00eentreaga familie! \ud83d\udc68\u200d\ud83d\udc69\u200d\ud83d\udc67\u200d\ud83d\udc66<\/p>\n\n\n\n<p><\/p>\n\n\n\n<h3>\ud83d\uded2 Ingrediente:<\/h3>\n\n\n\n<p><\/p>\n\n\n\n<ul>\n<li>3 dovlecei \ud83e\udd52<\/li>\n\n\n\n<li>1 linguri\u021b\u0103 sare \ud83e\uddc2<\/li>\n\n\n\n<li>200 g br\u00e2nz\u0103 ricotta \ud83e\uddc0<\/li>\n\n\n\n<li>100 g pesmet \ud83c\udf5e<\/li>\n\n\n\n<li>1 linguri\u021b\u0103 ierburi provensale \ud83c\udf3f<\/li>\n\n\n\n<li>60 g parmezan ras \ud83e\uddc0<\/li>\n\n\n\n<li>1 ou \ud83e\udd5a<\/li>\n<\/ul>\n\n\n\n<p><\/p>\n\n\n\n<h3>\ud83d\udc69\u200d\ud83c\udf73 Mod de preparare:<\/h3>\n\n\n\n<p>1\ufe0f\u20e3 Rade dovleceii \u0219i presar\u0103-i cu sare. Las\u0103-i <strong>10 minute<\/strong> s\u0103 elimine lichidul.<\/p>\n\n\n\n<p><br>2\ufe0f\u20e3 Stoarce bine dovleceii cu m\u00e2na sau \u00eentr-un prosop curat.<\/p>\n\n\n\n<p><br>3\ufe0f\u20e3 \u00centr-un bol, amestec\u0103: dovlecei + ricotta + pesmet + ierburi provensale + parmezan + ou.<\/p>\n\n\n\n<p><br>4\ufe0f\u20e3 Modeleaz\u0103 <strong>bilu\u021be\/chiftelu\u021be<\/strong> \u0219i a\u0219az\u0103-le pe o tav\u0103 cu h\u00e2rtie de copt.<\/p>\n\n\n\n<p><br>5\ufe0f\u20e3 Coace la <strong>200\u00b0C, ~30 min<\/strong>, p\u00e2n\u0103 devin aurii \u0219i crocante. \u2728<\/p>\n\n\n\n<p><\/p>\n\n\n\n<p>\ud83d\udc49 Se servesc calde, simple sau cu sosul preferat (ex. iaurt cu usturoi \ud83d\ude0b).<br>Un preparat <strong>u\u0219or, aromat \u0219i super gustos<\/strong>! \ud83d\udc9a<\/p>\n\n\n\n<p><\/p>\n","protected":false},"excerpt":{"rendered":"<p>O re\u021bet\u0103 simpl\u0103, s\u0103n\u0103toas\u0103 \u0219i delicioas\u0103, ideal\u0103 pentru \u00eentreaga familie! \ud83d\udc68\u200d\ud83d\udc69\u200d\ud83d\udc67\u200d\ud83d\udc66 \ud83d\uded2 Ingrediente: \ud83d\udc69\u200d\ud83c\udf73 Mod de preparare: 1\ufe0f\u20e3 Rade dovleceii \u0219i presar\u0103-i cu sare. Las\u0103-i<\/p>\n","protected":false},"author":1,"featured_media":40939,"comment_status":"closed","ping_status":"closed","sticky":false,"template":"","format":"standard","meta":[],"categories":[1],"tags":[],"_links":{"self":[{"href":"https:\/\/calatorinromania.com\/index.php?rest_route=\/wp\/v2\/posts\/41283"}],"collection":[{"href":"https:\/\/calatorinromania.com\/index.php?rest_route=\/wp\/v2\/posts"}],"about":[{"href":"https:\/\/calatorinromania.com\/index.php?rest_route=\/wp\/v2\/types\/post"}],"author":[{"embeddable":true,"href":"https:\/\/calatorinromania.com\/index.php?rest_route=\/wp\/v2\/users\/1"}],"replies":[{"embeddable":true,"href":"https:\/\/calatorinromania.com\/index.php?rest_route=%2Fwp%2Fv2%2Fcomments&post=41283"}],"version-history":[{"count":1,"href":"https:\/\/calatorinromania.com\/index.php?rest_route=\/wp\/v2\/posts\/41283\/revisions"}],"predecessor-version":[{"id":41284,"href":"https:\/\/calatorinromania.com\/index.php?rest_route=\/wp\/v2\/posts\/41283\/revisions\/41284"}],"wp:featuredmedia":[{"embeddable":true,"href":"https:\/\/calatorinromania.com\/index.php?rest_route=\/wp\/v2\/media\/40939"}],"wp:attachment":[{"href":"https:\/\/calatorinromania.com\/index.php?rest_route=%2Fwp%2Fv2%2Fmedia&parent=41283"}],"wp:term":[{"taxonomy":"category","embeddable":true,"href":"https:\/\/calatorinromania.com\/index.php?rest_route=%2Fwp%2Fv2%2Fcategories&post=41283"},{"taxonomy":"post_tag","embeddable":true,"href":"https:\/\/calatorinromania.com\/index.php?rest_route=%2Fwp%2Fv2%2Ftags&post=41283"}],"curies":[{"name":"wp","href":"https:\/\/api.w.org\/{rel}","templated":true}]}}