{"id":41278,"date":"2025-08-17T06:49:14","date_gmt":"2025-08-17T06:49:14","guid":{"rendered":"https:\/\/calatorinromania.com\/?p=41278"},"modified":"2025-08-17T06:49:14","modified_gmt":"2025-08-17T06:49:14","slug":"in-timpul-nuntii-ceva-s-a-miscat-sub-rochia-miresei-mirele-a-incremenit","status":"publish","type":"post","link":"https:\/\/calatorinromania.com\/?p=41278","title":{"rendered":"\u00cen timpul nun\u021bii, ceva s-a mi\u0219cat sub rochia miresei! Mirele a \u00eencremenit"},"content":{"rendered":"\n<p>Soarele dup\u0103-amiezii se rev\u0103rsa prin vitraliile catedralei, \u00eempr\u0103\u0219tiind reflexii colorate pe podeaua de marmur\u0103. B\u0103ncile erau pline de invita\u021bi, care frem\u0103tau de emo\u021bie pe m\u0103sur\u0103 ce ceremonia se apropia. Aerul mirosea a trandafiri proasp\u0103t cule\u0219i, iar \u0219oapte r\u0103zle\u021be se r\u0103sp\u00e2ndeau prin mul\u021bime. La altar, Thomas \u00ee\u0219i aranja cravata, cu palmele umede \u0219i inima b\u0103t\u00e2ndu-i nebune\u0219te de dragoste \u0219i emo\u021bie pentru viitoarea lui so\u021bie, Emilia.<\/p>\n\n\n\n<p><\/p>\n\n\n\n<p>Intrarea miresei \u2013 C\u00e2nd organistul a atins primele acorduri ale mar\u0219ului nup\u021bial, toate privirile s-au \u00eendreptat spre intrare. Emilia a ap\u0103rut, str\u0103lucitoare \u00een rochia ei de un alb-ivoriu ce se unduia delicat. Tat\u0103l ei, cu ochii \u00eenl\u0103crima\u021bi de m\u00e2ndrie, o conducea pe culoar. Inima lui Thomas s-a umplut de emo\u021bie. Totu\u0219i, pe m\u0103sur\u0103 ce ea se apropia, adorarea i s-a transformat \u00een nedumerire.<\/p>\n\n\n\n<p><\/p>\n\n\n\n<p>O mi\u0219care misterioas\u0103 \u2013 La jum\u0103tatea drumului, rochia Emiliei a f\u00e2lf\u00e2it ca \u0219i cum o und\u0103 ar fi str\u0103b\u0103tut \u021bes\u0103tura. Thomas a clipit, crez\u00e2nd c\u0103 era o iluzie a luminii, dar mi\u0219carea a continuat. Invita\u021bii murmurau, \u00eencerc\u00e2nd s\u0103 vad\u0103 mai bine. Emilia, senin\u0103 \u0219i z\u00e2mbitoare, \u0219i-a fixat privirea asupra lui Thomas. Unda a devenit mai evident\u0103, iar oaspetele din apropiere a scos o exclama\u021bie, care s-a r\u0103sp\u00e2ndit imediat. Fa\u021ba lui Thomas s-a albit, incapabil s\u0103 \u00een\u021beleag\u0103 ce se petrecea.<\/p>\n\n\n\n<p><\/p>\n\n\n\n<p>Sursa dezv\u0103luit\u0103 \u2013 Emilia s-a oprit, sim\u021bind tensiunea din \u00eenc\u0103pere. Tat\u0103l ei a \u00eendemnat-o \u0219optit s\u0103 mearg\u0103 mai departe, dar ea a r\u0103mas pe loc. Din rochie se auzea un fo\u0219net bl\u00e2nd, ca frunzele mi\u0219cate de v\u00e2nt. \u201eEmilia!\u201d, a strigat Thomas cu o voce \u00eenc\u0103rcat\u0103 de \u00eengrijorare. Ea i-a \u00eent\u00e2lnit privirea, un amestec de uimire \u0219i amuzament, \u0219i a ridicat u\u0219or tivul rochiei. De sub straturile de tul a ie\u0219it capul unei pisicu\u021be tigrate. Bl\u0103ni\u021ba ei portocaliu-alb str\u0103lucea \u00een razele soarelui, iar un mieunat timid i-a sc\u0103pat printre buze.<\/p>\n\n\n\n<p><\/p>\n\n\n\n<p>Catedrala a izbucnit \u00een r\u00e2sete. Emilia a r\u00e2s \u0219i ea, ru\u0219inat\u0103, dar \u0219i \u00eenc\u00e2ntat\u0103. \u201eV-am spus eu c\u0103 e n\u0103zdr\u0103van\u0103!\u201d, a exclamat ea. Pisicu\u021ba era Muffin, maidaneza pe care Emilia o salvase cu c\u00e2teva luni \u00een urm\u0103. Se pare c\u0103 Muffin credea c\u0103 niciun eveniment de familie nu putea fi complet f\u0103r\u0103 ea.<\/p>\n\n\n\n<p><\/p>\n\n\n\n<p>Reluarea ceremoniei \u2013 Thomas s-a aplecat \u0219i a ridicat musafirul neinvitat, u\u0219urat la maximum. Cu Muffin str\u00e2ns\u0103 la pieptul Emiliei, ceremonia a continuat. Jur\u0103mintele au fost rostite, inelele schimbate, iar pisicu\u021ba s-a cuib\u0103rit l\u00e2ng\u0103 inima miresei \u2014 un simbol delicat al iubirii \u0219i al surprizelor minunate care \u00eei a\u0219teptau pe cei doi so\u021bi.<\/p>\n\n\n\n<p><\/p>\n\n\n\n<p><em>Aceast\u0103 lucrare este inspirat\u0103 din evenimente \u0219i persoane reale, \u00eens\u0103 a fost fic\u021bionalizat\u0103 \u00een scopuri creative. Numele, personajele \u0219i detaliile au fost schimbate pentru a proteja intimitatea \u0219i pentru a \u00eembun\u0103t\u0103\u021bi nara\u021biunea. Orice asem\u0103nare cu persoane reale, \u00een via\u021b\u0103 sau decedate, sau cu evenimente reale este pur \u00eent\u00e2mpl\u0103toare \u0219i nu este inten\u021bionat\u0103 de c\u0103tre autor.<\/em><\/p>\n\n\n\n<p><em>Autorul \u0219i editorul nu \u00ee\u0219i asum\u0103 responsabilitatea pentru exactitatea evenimentelor sau pentru modul \u00een care sunt portretizate personajele \u0219i nu sunt r\u0103spunz\u0103tori pentru eventuale interpret\u0103ri gre\u0219ite. Aceast\u0103 poveste este oferit\u0103 \u201eca atare\u201d, iar orice opinii exprimate apar\u021bin personajelor \u0219i nu reflect\u0103 punctele de vedere ale autorului sau ale editorului.<\/em><\/p>\n","protected":false},"excerpt":{"rendered":"<p>Soarele dup\u0103-amiezii se rev\u0103rsa prin vitraliile catedralei, \u00eempr\u0103\u0219tiind reflexii colorate pe podeaua de marmur\u0103. B\u0103ncile erau pline de invita\u021bi, care frem\u0103tau de emo\u021bie pe m\u0103sur\u0103<\/p>\n","protected":false},"author":1,"featured_media":40939,"comment_status":"closed","ping_status":"closed","sticky":false,"template":"","format":"standard","meta":[],"categories":[1],"tags":[],"_links":{"self":[{"href":"https:\/\/calatorinromania.com\/index.php?rest_route=\/wp\/v2\/posts\/41278"}],"collection":[{"href":"https:\/\/calatorinromania.com\/index.php?rest_route=\/wp\/v2\/posts"}],"about":[{"href":"https:\/\/calatorinromania.com\/index.php?rest_route=\/wp\/v2\/types\/post"}],"author":[{"embeddable":true,"href":"https:\/\/calatorinromania.com\/index.php?rest_route=\/wp\/v2\/users\/1"}],"replies":[{"embeddable":true,"href":"https:\/\/calatorinromania.com\/index.php?rest_route=%2Fwp%2Fv2%2Fcomments&post=41278"}],"version-history":[{"count":1,"href":"https:\/\/calatorinromania.com\/index.php?rest_route=\/wp\/v2\/posts\/41278\/revisions"}],"predecessor-version":[{"id":41279,"href":"https:\/\/calatorinromania.com\/index.php?rest_route=\/wp\/v2\/posts\/41278\/revisions\/41279"}],"wp:featuredmedia":[{"embeddable":true,"href":"https:\/\/calatorinromania.com\/index.php?rest_route=\/wp\/v2\/media\/40939"}],"wp:attachment":[{"href":"https:\/\/calatorinromania.com\/index.php?rest_route=%2Fwp%2Fv2%2Fmedia&parent=41278"}],"wp:term":[{"taxonomy":"category","embeddable":true,"href":"https:\/\/calatorinromania.com\/index.php?rest_route=%2Fwp%2Fv2%2Fcategories&post=41278"},{"taxonomy":"post_tag","embeddable":true,"href":"https:\/\/calatorinromania.com\/index.php?rest_route=%2Fwp%2Fv2%2Ftags&post=41278"}],"curies":[{"name":"wp","href":"https:\/\/api.w.org\/{rel}","templated":true}]}}