{"id":41276,"date":"2025-08-17T06:44:14","date_gmt":"2025-08-17T06:44:14","guid":{"rendered":"https:\/\/calatorinromania.com\/?p=41276"},"modified":"2025-08-17T06:44:14","modified_gmt":"2025-08-17T06:44:14","slug":"politistul-condamnat-a-cerut-voie-sa-si-vada-cainele-pentru-ultima-data-continuarea-2","status":"publish","type":"post","link":"https:\/\/calatorinromania.com\/?p=41276","title":{"rendered":"\u201dPoli\u021bistul condamnat a cerut voie s\u0103-\u0219i vad\u0103 c\u00e2inele pentru ultima dat\u0103\u201d \u2013 continuarea"},"content":{"rendered":"\n<p>Poli\u021bistul condamnat a cerut voie s\u0103-\u0219i vad\u0103 c\u00e2inele pentru ultima dat\u0103, dar c\u00e2nd ciob\u0103nescul a intrat \u00een sal\u0103, s-a \u00eent\u00e2mplat ceva nea\u0219teptat\u2026<\/p>\n\n\n\n<p><\/p>\n\n\n\n<p>Sala de judecat\u0103 era cufundat\u0103 \u00een t\u0103cere. Niciun sunet nu tulbura lini\u0219tea, doar vocea grav\u0103 a judec\u0103torului r\u0103suna, citind sentin\u021ba.<\/p>\n\n\n\n<p><\/p>\n\n\n\n<p>\u2014 Fostul ofi\u021ber de poli\u021bie Alexandru Marin este declarat vinovat de luare de mit\u0103 \u0219i abuz \u00een serviciu\u2026 Ave\u021bi ceva de spus, domnule Marin?<\/p>\n\n\n\n<p><\/p>\n\n\n\n<p>Alexandru st\u0103tea cu capul plecat, str\u00e2ng\u00e2nd pumnii at\u00e2t de tare \u00eenc\u00e2t i se albiser\u0103 \u00eencheieturile. Nu mai asculta verdictul \u2014 fiecare cuv\u00e2nt \u00eel zdrobea pe din\u0103untru.<\/p>\n\n\n\n<p><\/p>\n\n\n\n<p>\u2014 V\u0103 rog\u2026 \u2014 a murmurat cu greu. \u2014 L\u0103sa\u021bi-m\u0103 s\u0103-mi iau r\u0103mas-bun de la Rex. El\u2026 el e tot ce mi-a r\u0103mas. Nu am familie.<\/p>\n\n\n\n<p>Prin sal\u0103 a trecut un murmur. Judec\u0103torul s-a \u00eencruntat \u0219i a aruncat o privire c\u0103tre procuror. Acesta, dup\u0103 o scurt\u0103 ezitare, a dat din cap aprobator.<\/p>\n\n\n\n<p>Dup\u0103 un minut, u\u0219a s-a deschis \u00eencet \u0219i \u00een sal\u0103 a intrat Rex, un ciob\u0103nesc german cu o privire mai uman\u0103 dec\u00e2t a multor oameni. Mergea cu pas hot\u0103r\u00e2t, de parc\u0103 \u00een\u021belegea c\u0103 nu era o zi obi\u0219nuit\u0103.<\/p>\n\n\n\n<p>Alexandru a c\u0103zut \u00een genunchi, cu bra\u021bele \u00eentinse. Rex a alergat spre el, schel\u0103l\u0103ind tare. B\u0103rbatul \u0219i-a cuprins c\u00e2inele \u0219i \u0219i-a lipit fruntea de a lui.<\/p>\n\n\n\n<p>\u2014 Iart\u0103-m\u0103, Rex\u2026 Iart\u0103-m\u0103 c\u0103 te-am dezam\u0103git\u2026 Iart\u0103-m\u0103 c\u0103 n-am putut s\u0103-mi dovedesc nevinov\u0103\u021bia\u2026<\/p>\n\n\n\n<p>Lacrimile \u00eei curgeau pe obraji. Rex a m\u00e2r\u00e2it u\u0219or, de parc\u0103 protesta, \u0219i deodat\u0103 \u2014 s-a smuls din \u00eembr\u0103\u021bi\u0219are.<\/p>\n\n\n\n<p>\u0218i atunci s-a \u00eent\u00e2mplat ceva cu adev\u0103rat nea\u0219teptat\u2026<\/p>\n\n\n\n<p>Rex a alergat direct c\u0103tre banca unde st\u0103teau martorii \u0219i a \u00eenceput s\u0103 latre insistent, cu botul \u00eendreptat c\u0103tre un b\u0103rbat bine \u00eembr\u0103cat, vizibil incomodat. C\u00e2inele se agita, schel\u0103l\u0103ia, se uita spre judec\u0103tor \u0219i iar l\u0103tra spre necunoscut.<\/p>\n\n\n\n<p>Un poli\u021bist din sal\u0103 a \u00eencercat s\u0103-l prind\u0103, dar judec\u0103torul a ridicat m\u00e2na:<\/p>\n\n\n\n<p>\u2014 Sta\u021bi. S\u0103 vedem ce vrea.<\/p>\n\n\n\n<p>Ciob\u0103nescul s-a postat \u00een fa\u021ba b\u0103rbatului \u0219i a \u00eenceput s\u0103 adulmece insistent geanta acestuia. La insisten\u021bele grefierului, individul a ridicat m\u00e2inile. Poli\u021bistul a luat geanta \u0219i, spre stupefac\u021bia tuturor, a scos de acolo un dosar gros, plin cu acte false \u0219i o agend\u0103 cu sume de bani \u0219i nume.<\/p>\n\n\n\n<p>Judec\u0103torul \u0219i procurorul s-au uitat unul la altul. \u00cen c\u00e2teva minute, sala a devenit un furnicar. Cazul s-a redeschis pe loc, iar martorul, de fapt adev\u0103ratul vinovat, a fost re\u021binut.<\/p>\n\n\n\n<p>Alexandru a izbucnit \u00een pl\u00e2ns, iar Rex s-a \u00eentors la el \u0219i i-a lins obrajii.<\/p>\n\n\n\n<p>C\u00e2teva luni mai t\u00e2rziu, Alexandru \u00ee\u0219i reia serviciul la Poli\u021bia din Pite\u0219ti, iar Rex \u00eel \u00eenso\u021be\u0219te zi de zi \u00een patrule. Oamenii din ora\u0219 \u00eei salut\u0103 cu respect, \u0219tiind povestea lor incredibil\u0103.<\/p>\n\n\n\n<p>\u00centr-o dup\u0103-amiaz\u0103, \u00een timp ce se plimbau prin parc, Alexandru s-a a\u0219ezat pe o banc\u0103 \u0219i l-a privit lung pe Rex.<\/p>\n\n\n\n<p>\u2014 Mi-ai salvat via\u021ba, b\u0103iete\u2026 \u0219i nu doar o dat\u0103.<\/p>\n\n\n\n<p>Rex a dat din coad\u0103 vesel, s-a urcat l\u00e2ng\u0103 el \u0219i \u0219i-a pus capul pe genunchii lui, \u00een timp ce soarele apunea, r\u0103sp\u00e2ndind o lumin\u0103 cald\u0103 peste am\u00e2ndoi.<\/p>\n\n\n\n<p>Dac\u0103 \u021bi-a pl\u0103cut povestea, nu uita s\u0103 o distribui cu prietenii t\u0103i! \u00cempreun\u0103 putem duce mai departe emo\u021bia \u0219i inspira\u021bia.<\/p>\n\n\n\n<p>\u201dAceast\u0103 poveste este inspirat\u0103 din evenimente \u0219i persoane reale, \u00eens\u0103 a fost fic\u021bionalizat\u0103 \u00een scopuri creative. Numele, personajele \u0219i detaliile au fost schimbate pentru a proteja intimitatea \u0219i pentru a \u00eembun\u0103t\u0103\u021bi nara\u021biunea. Orice asem\u0103nare cu persoane reale, sau cu evenimente reale este pur \u00eent\u00e2mpl\u0103toare \u0219i nu este inten\u021bionat\u0103 de c\u0103tre autor.<\/p>\n\n\n\n<p>Autorul \u0219i editorul nu \u00ee\u0219i asum\u0103 responsabilitatea pentru exactitatea evenimentelor sau pentru modul \u00een care sunt portretizate personajele \u0219i nu sunt r\u0103spunz\u0103tori pentru eventuale interpret\u0103ri gre\u0219ite. Aceast\u0103 poveste este oferit\u0103 \u201eca atare\u201d, iar orice opinii exprimate apar\u021bin personajelor \u0219i nu reflect\u0103 punctele de vedere ale autorului sau ale editorului.\u201d<\/p>\n","protected":false},"excerpt":{"rendered":"<p>Poli\u021bistul condamnat a cerut voie s\u0103-\u0219i vad\u0103 c\u00e2inele pentru ultima dat\u0103, dar c\u00e2nd ciob\u0103nescul a intrat \u00een sal\u0103, s-a \u00eent\u00e2mplat ceva nea\u0219teptat\u2026 Sala de judecat\u0103<\/p>\n","protected":false},"author":1,"featured_media":40939,"comment_status":"closed","ping_status":"closed","sticky":false,"template":"","format":"standard","meta":[],"categories":[1],"tags":[],"_links":{"self":[{"href":"https:\/\/calatorinromania.com\/index.php?rest_route=\/wp\/v2\/posts\/41276"}],"collection":[{"href":"https:\/\/calatorinromania.com\/index.php?rest_route=\/wp\/v2\/posts"}],"about":[{"href":"https:\/\/calatorinromania.com\/index.php?rest_route=\/wp\/v2\/types\/post"}],"author":[{"embeddable":true,"href":"https:\/\/calatorinromania.com\/index.php?rest_route=\/wp\/v2\/users\/1"}],"replies":[{"embeddable":true,"href":"https:\/\/calatorinromania.com\/index.php?rest_route=%2Fwp%2Fv2%2Fcomments&post=41276"}],"version-history":[{"count":1,"href":"https:\/\/calatorinromania.com\/index.php?rest_route=\/wp\/v2\/posts\/41276\/revisions"}],"predecessor-version":[{"id":41277,"href":"https:\/\/calatorinromania.com\/index.php?rest_route=\/wp\/v2\/posts\/41276\/revisions\/41277"}],"wp:featuredmedia":[{"embeddable":true,"href":"https:\/\/calatorinromania.com\/index.php?rest_route=\/wp\/v2\/media\/40939"}],"wp:attachment":[{"href":"https:\/\/calatorinromania.com\/index.php?rest_route=%2Fwp%2Fv2%2Fmedia&parent=41276"}],"wp:term":[{"taxonomy":"category","embeddable":true,"href":"https:\/\/calatorinromania.com\/index.php?rest_route=%2Fwp%2Fv2%2Fcategories&post=41276"},{"taxonomy":"post_tag","embeddable":true,"href":"https:\/\/calatorinromania.com\/index.php?rest_route=%2Fwp%2Fv2%2Ftags&post=41276"}],"curies":[{"name":"wp","href":"https:\/\/api.w.org\/{rel}","templated":true}]}}