{"id":41267,"date":"2025-08-16T10:31:51","date_gmt":"2025-08-16T10:31:51","guid":{"rendered":"https:\/\/calatorinromania.com\/?p=41267"},"modified":"2025-08-16T10:31:51","modified_gmt":"2025-08-16T10:31:51","slug":"vizitandu-mi-fiica-maritata-am-descoperit-ca-locuia-intr-un-sopron-de-gradina","status":"publish","type":"post","link":"https:\/\/calatorinromania.com\/?p=41267","title":{"rendered":"Vizit\u00e2ndu-mi fiica m\u0103ritat\u0103, am descoperit c\u0103 locuia \u00eentr-un \u0219opron de gr\u0103din\u0103"},"content":{"rendered":"\n<p>Am intrat din nou \u00een \u0219opron \u0219i am \u00eenceput s\u0103 \u00eei str\u00e2ng lucrurile. Fiecare hain\u0103 \u00eemp\u0103turit\u0103 cu grij\u0103 \u00eemi aprindea \u0219i mai tare furia. Nu era doar c\u0103ldura aceea sufocant\u0103 care m\u0103 ardea, ci g\u00e2ndul c\u0103 cineva \u00eei putea face a\u0219a ceva propriului meu copil.<\/p>\n\n\n\n<p><\/p>\n\n\n\n<p>\u2014 Hai, C\u0103lina, i-am zis. Nu te mai uita peste um\u0103r.<\/p>\n\n\n\n<p><\/p>\n\n\n\n<p>Ea ezita, parc\u0103 a\u0219tept\u00e2nd s\u0103 aud\u0103 pa\u0219i venind dinspre cas\u0103. \u00cei cuno\u0219team teama \u2014 crescusem-o s\u0103 fie respectuoas\u0103, dar nu s\u0103 accepte umilin\u021ba.<\/p>\n\n\n\n<p><\/p>\n\n\n\n<p>Am ie\u0219it pe aleea pietruit\u0103, cu soarele arz\u00e2ndu-mi ceafa. C\u00e2nd am ajuns \u00een dreptul verandei, Marjorie ne a\u0219tepta, cu m\u00e2inile \u00eencruci\u0219ate. \u00cen spatele ei, c\u00e2\u021biva membri ai familiei \u00ee\u0219i f\u0103ceau loc s\u0103 priveasc\u0103 scena, ca ni\u0219te spectatori la un spectacol neanun\u021bat.<\/p>\n\n\n\n<p><\/p>\n\n\n\n<p>\u2014 Unde crede\u021bi c\u0103 merge\u021bi? a \u00eentrebat, tonul ei plin de superioritate.<\/p>\n\n\n\n<p><\/p>\n\n\n\n<p>\u2014 Acolo unde e r\u0103coare \u0219i respect, am r\u0103spuns, \u021bin\u00e2ndu-i privirea.<\/p>\n\n\n\n<p>\u2014 Nu ave\u021bi dreptul s\u0103 lua\u021bi pe cineva din casa asta f\u0103r\u0103 acordul nostru.<\/p>\n\n\n\n<p>Am r\u00e2s scurt, amar.<br>\u2014 Doamn\u0103, \u00een casa asta poate c\u0103 ave\u021bi reguli, dar s\u00e2ngele din vinele fiicei mele e acela\u0219i cu al meu. \u0218i eu decid ce se \u00eent\u00e2mpl\u0103 cu ea.<\/p>\n\n\n\n<p>C\u0103lina m-a str\u00e2ns de bra\u021b, tremur\u00e2nd. \u00cen ochii ei am v\u0103zut o combina\u021bie de team\u0103 \u0219i u\u0219urare.<\/p>\n\n\n\n<p>\u2014 Tat\u0103, te rog\u2026 s\u0103 nu faci scandal\u2026<\/p>\n\n\n\n<p>\u2014 Scandalul l-au f\u0103cut ei c\u00e2nd te-au aruncat \u00een \u0219opron ca pe un c\u00e2ine, i-am spus \u00eencet, dar destul de tare \u00eenc\u00e2t s\u0103 aud\u0103 toat\u0103 curtea.<\/p>\n\n\n\n<p>Un murmur a trecut prin grupul de privitori. Am inspirat ad\u00e2nc, mi-am adus aminte de vorbele bunicului meu:&nbsp;<em>\u201eNu-\u021bi murd\u0103ri m\u00e2inile cu r\u0103zbunare mic\u0103. C\u00e2nd love\u0219ti, s\u0103 fie o lovitur\u0103 care nu se uit\u0103.\u201d<\/em><\/p>\n\n\n\n<p>Am ajuns la ma\u0219in\u0103 \u0219i i-am deschis portiera. Ea a urcat f\u0103r\u0103 s\u0103 mai priveasc\u0103 \u00eenapoi. \u00cen timp ce motorul pornea, am sim\u021bit privirile tuturor \u00een ceaf\u0103.<\/p>\n\n\n\n<p>Drumul spre cas\u0103 a fost t\u0103cut la \u00eenceput. \u00cei vedeam palmele str\u00e2nse \u00een poal\u0103. Dup\u0103 c\u00e2\u021biva kilometri, am oprit pe marginea drumului, l\u00e2ng\u0103 o p\u0103dure.<\/p>\n\n\n\n<p>\u2014 Hai s\u0103 cobor\u00e2m, i-am spus.<\/p>\n\n\n\n<p>Am intrat printre copaci, la umbr\u0103. Mirosul de p\u0103m\u00e2nt reav\u0103n, ciripitul p\u0103s\u0103rilor, adierea u\u0219oar\u0103 \u2014 toate astea p\u0103reau s\u0103 o dezmor\u021beasc\u0103.<\/p>\n\n\n\n<p>\u2014 \u021ai-ai pierdut z\u00e2mbetul, C\u0103lina. \u0218i nu pentru c\u0103 via\u021ba nu are greut\u0103\u021bi, ci pentru c\u0103 ai l\u0103sat pe cineva s\u0103-\u021bi ia demnitatea.<\/p>\n\n\n\n<p>Ea a oftat, ochii i s-au umplut de lacrimi.<br>\u2014 Credeam c\u0103, dac\u0103 \u00eenghit totul \u0219i tac, lucrurile se vor lini\u0219ti.<\/p>\n\n\n\n<p>\u2014 \u00cen satul \u00een care am crescut, dac\u0103 \u00ee\u021bi punea cineva piciorul pe g\u00e2t \u0219i tu t\u0103ceai, a doua zi \u00ee\u021bi punea ambele. Nu te respec\u021bi pe tine, nu te respect\u0103 nimeni.<\/p>\n\n\n\n<p>Am stat acolo c\u00e2teva minute, p\u00e2n\u0103 c\u00e2nd i-am v\u0103zut obrajii mai destin\u0219i. Apoi am continuat drumul.<\/p>\n\n\n\n<p>Acas\u0103, mama mea \u2014 bunica C\u0103linei \u2014 ne a\u0219tepta cu masa pus\u0103. Mirosea a sarmale \u0219i p\u00e2ine cald\u0103. C\u00e2nd a v\u0103zut-o pe nepoat\u0103 intr\u00e2nd, i-a luat fa\u021ba \u00eentre palme.<\/p>\n\n\n\n<p>\u2014 E\u0219ti la tine acas\u0103, fata mea. Aici nu exist\u0103 reguli care s\u0103 te izgoneasc\u0103.<\/p>\n\n\n\n<p>\u00cen zilele urm\u0103toare, vestea s-a dus prin tot neamul. Veri, m\u0103tu\u0219i, prieteni de familie au \u00eenceput s\u0103 vin\u0103, fiecare cu un cuv\u00e2nt bun \u0219i un plan. \u00cen sat, oamenii nu las\u0103 familia s\u0103 lupte singur\u0103.<\/p>\n\n\n\n<p>Am discutat cu un avocat vechi prieten, am str\u00e2ns dovezi, am scris tot ce aflasem. N-aveam de g\u00e2nd s\u0103 las lucrurile a\u0219a. C\u0103lina merita mai mult dec\u00e2t un col\u021b \u00eencins de curte.<\/p>\n\n\n\n<p>O lun\u0103 mai t\u00e2rziu, eram \u00een sala de judecat\u0103. Marjorie \u0219i so\u021bul ei p\u0103reau acum mult mai mici dec\u00e2t \u00een ziua aceea pe verand\u0103. Judec\u0103torul a ascultat, a privit fotografiile cu \u0219opronul, a citit m\u0103rturiile.<\/p>\n\n\n\n<p>C\u00e2nd a rostit decizia, am sim\u021bit c\u0103 aerul devine mai u\u0219or: ordine de restric\u021bie \u0219i desp\u0103gubiri. Nu era doar despre bani \u2014 era despre a-i ar\u0103ta C\u0103linei c\u0103 nimeni nu are dreptul s\u0103 o trateze ca pe un obiect de aruncat.<\/p>\n\n\n\n<p>La ie\u0219ire, mi-a prins m\u00e2na.<br>\u2014 Mul\u021bumesc, tat\u0103.<\/p>\n\n\n\n<p>Am z\u00e2mbit, str\u00e2ng\u00e2nd-o la piept.<br>\u2014 Nu-mi mul\u021bumi. Ai \u00eenv\u0103\u021bat lec\u021bia: c\u00e2nd cineva love\u0219te familia, r\u0103spunsul trebuie s\u0103 fie pe m\u0103sur\u0103. \u0218i aici, la noi, familia nu se las\u0103 c\u0103lcat\u0103 \u00een picioare.<\/p>\n\n\n\n<p>\u0218i a\u0219a, \u00eentr-o var\u0103 fierbinte, am adus-o acas\u0103 pe fiica mea \u2014 nu doar la umbr\u0103, ci \u00eenapoi \u00een inima unei familii care nu-\u0219i uit\u0103 niciodat\u0103 oamenii.<\/p>\n\n\n\n<p><em>Aceast\u0103 lucrare este inspirat\u0103 din evenimente \u0219i persoane reale, \u00eens\u0103 a fost fic\u021bionalizat\u0103 \u00een scopuri creative. Numele, personajele \u0219i detaliile au fost schimbate pentru a proteja intimitatea \u0219i pentru a \u00eembun\u0103t\u0103\u021bi nara\u021biunea. Orice asem\u0103nare cu persoane reale, \u00een via\u021b\u0103 sau decedate, sau cu evenimente reale este pur \u00eent\u00e2mpl\u0103toare \u0219i nu este inten\u021bionat\u0103 de c\u0103tre autor.<\/em><\/p>\n\n\n\n<p><em>Autorul \u0219i editorul nu \u00ee\u0219i asum\u0103 responsabilitatea pentru exactitatea evenimentelor sau pentru modul \u00een care sunt portretizate personajele \u0219i nu sunt r\u0103spunz\u0103tori pentru eventuale interpret\u0103ri gre\u0219ite. Aceast\u0103 poveste este oferit\u0103 \u201eca atare\u201d, iar orice opinii exprimate apar\u021bin personajelor \u0219i nu reflect\u0103 punctele de vedere ale autorului sau ale editorului.<\/em><\/p>\n","protected":false},"excerpt":{"rendered":"<p>Am intrat din nou \u00een \u0219opron \u0219i am \u00eenceput s\u0103 \u00eei str\u00e2ng lucrurile. Fiecare hain\u0103 \u00eemp\u0103turit\u0103 cu grij\u0103 \u00eemi aprindea \u0219i mai tare furia. Nu<\/p>\n","protected":false},"author":1,"featured_media":40939,"comment_status":"closed","ping_status":"closed","sticky":false,"template":"","format":"standard","meta":[],"categories":[1],"tags":[],"_links":{"self":[{"href":"https:\/\/calatorinromania.com\/index.php?rest_route=\/wp\/v2\/posts\/41267"}],"collection":[{"href":"https:\/\/calatorinromania.com\/index.php?rest_route=\/wp\/v2\/posts"}],"about":[{"href":"https:\/\/calatorinromania.com\/index.php?rest_route=\/wp\/v2\/types\/post"}],"author":[{"embeddable":true,"href":"https:\/\/calatorinromania.com\/index.php?rest_route=\/wp\/v2\/users\/1"}],"replies":[{"embeddable":true,"href":"https:\/\/calatorinromania.com\/index.php?rest_route=%2Fwp%2Fv2%2Fcomments&post=41267"}],"version-history":[{"count":1,"href":"https:\/\/calatorinromania.com\/index.php?rest_route=\/wp\/v2\/posts\/41267\/revisions"}],"predecessor-version":[{"id":41268,"href":"https:\/\/calatorinromania.com\/index.php?rest_route=\/wp\/v2\/posts\/41267\/revisions\/41268"}],"wp:featuredmedia":[{"embeddable":true,"href":"https:\/\/calatorinromania.com\/index.php?rest_route=\/wp\/v2\/media\/40939"}],"wp:attachment":[{"href":"https:\/\/calatorinromania.com\/index.php?rest_route=%2Fwp%2Fv2%2Fmedia&parent=41267"}],"wp:term":[{"taxonomy":"category","embeddable":true,"href":"https:\/\/calatorinromania.com\/index.php?rest_route=%2Fwp%2Fv2%2Fcategories&post=41267"},{"taxonomy":"post_tag","embeddable":true,"href":"https:\/\/calatorinromania.com\/index.php?rest_route=%2Fwp%2Fv2%2Ftags&post=41267"}],"curies":[{"name":"wp","href":"https:\/\/api.w.org\/{rel}","templated":true}]}}