{"id":41261,"date":"2025-08-16T10:25:43","date_gmt":"2025-08-16T10:25:43","guid":{"rendered":"https:\/\/calatorinromania.com\/?p=41261"},"modified":"2025-08-16T10:25:43","modified_gmt":"2025-08-16T10:25:43","slug":"la-nunta-fratelui-meu-mireasa-lui-m-a-jignit-in-public-3","status":"publish","type":"post","link":"https:\/\/calatorinromania.com\/?p=41261","title":{"rendered":"La nunta fratelui meu, mireasa lui m-a jignit \u00een public"},"content":{"rendered":"\n<p><strong>Nunta fratelui meu m-a l\u0103sat cu inima fr\u00e2nt\u0103\u2026 dar fiul meu de 9 ani a luat microfonul \u0219i a schimbat totul<\/strong><\/p>\n\n\n\n<p><\/p>\n\n\n\n<p>Niciodat\u0103 nu mi-am imaginat c\u0103 o nunt\u0103 va deveni o amintire pe care o voi p\u0103stra cu durere\u2026 \u0219i cu o m\u00e2ndrie uria\u0219\u0103.<\/p>\n\n\n\n<p><br>M\u0103 numesc Sorina Mitrea, \u0219i am fost mereu apropiat\u0103 de fratele meu mai mic, Daniel. Am crescut \u00eentr-un or\u0103\u0219el din Rom\u00e2nia, \u00eentr-o familie modest\u0103, cu p\u0103rin\u021bi muncitori care ne-au \u00eenv\u0103\u021bat bun\u0103tatea, modestia \u0219i ce \u00eenseamn\u0103 leg\u0103tura de s\u00e2nge.<\/p>\n\n\n\n<p><\/p>\n\n\n\n<p>C\u00e2nd Daniel a cunoscut-o pe Carla \u2014 o femeie elegant\u0103, crescut\u0103 \u00eentr-o familie \u00eenst\u0103rit\u0103 \u2014 m-am bucurat sincer pentru el. L-am ajutat s\u0103 aleag\u0103 inelul de logodn\u0103, m-am oferit s\u0103 organizez o parte din cina festiv\u0103, \u0219i chiar i-am propus pe fiul meu, Noe, ca purt\u0103tor al verighetelor. Dar \u00eenc\u0103 de la \u00eenceput, am sim\u021bit c\u0103 lui Carla nu-i sunt deloc pe plac.<\/p>\n\n\n\n<p><\/p>\n\n\n\n<p>Poate pentru c\u0103 sunt mam\u0103 singur\u0103. So\u021bul meu a murit \u00eentr-un accident de ma\u0219in\u0103, acum cinci ani, iar de atunci l-am crescut singur\u0103 pe Noe. Poate pentru c\u0103 nu m\u0103 \u00eencadrez \u00een cercul ei \u201eselect\u201d de oameni de afaceri, avoca\u021bi \u0219i femei care organizeaz\u0103 petreceri \u00een gr\u0103din\u0103 cu dress code. Oricare ar fi fost motivul, Carla nu s-a str\u0103duit niciodat\u0103 s\u0103-\u0219i ascund\u0103 dispre\u021bul.<\/p>\n\n\n\n<p>Totu\u0219i, am trecut cu vederea. \u0218tiam c\u0103 o nunt\u0103 poate fi stresant\u0103 \u0219i nu voiam s\u0103 adaug tensiune. Tot ce-mi doream era ca fratele meu s\u0103 fie fericit.<\/p>\n\n\n\n<p>Ziua nun\u021bii a venit \u00eentr-o diminea\u021b\u0103 \u00eensorit\u0103 de s\u00e2mb\u0103t\u0103, \u00een iunie. Evenimentul s-a \u021binut \u00eentr-o loca\u021bie luxoas\u0103, cu dealuri verzi, un foi\u0219or acoperit cu trandafiri \u0219i scaune aurii perfect aliniate. Totul p\u0103rea desprins dintr-o revist\u0103 de mirese.<\/p>\n\n\n\n<p><\/p>\n\n\n\n<p>Noe ar\u0103ta adorabil \u00een smokingul lui, \u021bin\u00e2nd m\u00e2ndru pernu\u021ba cu verighete. Eu am purtat o rochie bleumarin simpl\u0103 \u2014 culoarea preferat\u0103 a so\u021bului meu. Nu voiam s\u0103 ies \u00een eviden\u021b\u0103, ci doar s\u0103 fiu acolo pentru Daniel.<\/p>\n\n\n\n<p><\/p>\n\n\n\n<p>Ceremonia a fost emo\u021bionant\u0103, \u0219i chiar am l\u0103crimat c\u00e2nd Daniel \u0219i-a rostit jur\u0103mintele. Dar tensiunea s-a \u00eentors la recep\u021bie.<\/p>\n\n\n\n<p><\/p>\n\n\n\n<p>Carla s-a asigurat c\u0103 familia \u0219i prietenii ei aveau locurile cele mai bune. P\u0103rin\u021bii no\u0219tri au fost a\u0219eza\u021bi aproape de miri, dar eu \u0219i Noe am fost pu\u0219i \u00een spate, l\u00e2ng\u0103 persoane pe care nici nu le cuno\u0219team. Am z\u00e2mbit oricum, \u00eencerc\u00e2nd s\u0103 m\u0103 bucur de moment.<\/p>\n\n\n\n<p><\/p>\n\n\n\n<p>Apoi a venit momentul care m-a dobor\u00e2t.<\/p>\n\n\n\n<p>Prezentatorul a anun\u021bat c\u0103 mirii vor \u021bine c\u00e2teva cuvinte de mul\u021bumire. Carla a fost prima care a luat microfonul. Ar\u0103ta impecabil, \u00een rochia ei de dantel\u0103 ce str\u0103lucea sub lumini.<\/p>\n\n\n\n<p>\u2014 \u201eVreau s\u0103 le mul\u021bumesc tuturor celor care au f\u0103cut aceast\u0103 zi at\u00e2t de special\u0103,\u201d a \u00eenceput ea, z\u00e2mbind c\u0103tre invita\u021bi.<br>\u2014 \u201eP\u0103rin\u021bilor mei, care mi-au oferit nunta visurilor. Domni\u0219oarelor de onoare, pentru sprijinul lor. \u0218i bine\u00een\u021beles, noii mele familii\u2026 \u00een special soacrei mele minunate, care a fost at\u00e2t de sus\u021bin\u0103toare.\u201d<\/p>\n\n\n\n<p>A f\u0103cut o pauz\u0103, apoi, cu un z\u00e2mbet str\u00e2ns, a ad\u0103ugat:<\/p>\n\n\n\n<p>\u2014 \u201e\u0218i mul\u021bumim restului familiei lui Daniel. Chiar \u0219i celor care nu s-au ridicat la nivelul codului vestimentar sau al elegan\u021bei pe care ne-am dorit-o azi.\u201d<\/p>\n\n\n\n<p>C\u00e2teva r\u00e2sete politicoase s-au auzit. Eu am \u00eencremenit.<\/p>\n\n\n\n<p>M-am uitat la rochia mea, apoi la Noe. Oare vorbele acelea erau pentru mine?<\/p>\n\n\n\n<p>Carla a continuat:<\/p>\n\n\n\n<p>\u2014 \u201e\u00cencepem un nou capitol \u0219i suntem recunosc\u0103tori celor care ni s-au al\u0103turat cu sufletul deschis. Iar celor care \u00eenc\u0103 mai au de \u00een\u021beles \u2014 sper\u0103m c\u0103 \u00ee\u0219i vor g\u0103si drumul.\u201d<\/p>\n\n\n\n<p>Alte z\u00e2mbete stinghere. Sim\u021beam c\u0103 p\u0103m\u00e2ntul \u00eemi fuge de sub picioare.<\/p>\n\n\n\n<p>L-am privit pe Daniel. S-a uitat o secund\u0103 la mine, apoi \u0219i-a cobor\u00e2t privirea. Nu a spus nimic.<\/p>\n\n\n\n<p>Am \u00eenghi\u021bit \u00een sec \u0219i m-am scuzat, pref\u0103c\u00e2ndu-m\u0103 c\u0103 primesc un apel. Afar\u0103, am tras aer ad\u00e2nc \u00een piept \u0219i am privit cerul nop\u021bii, \u00eencerc\u00e2nd s\u0103 nu pl\u00e2ng. Nu voiam s\u0103 fac o scen\u0103. Dar m-a durut. \u00cel sprijinisem pe Daniel \u00een toate. O ap\u0103rasem pe Carla de nenum\u0103rate ori. \u0218i acum, m-a umilit \u2014 la microfon \u2014 \u00een fa\u021ba tuturor.<\/p>\n\n\n\n<p>Dintr-o dat\u0103, am sim\u021bit o m\u00e2n\u0103 mic\u0103 ating\u00e2nd-o pe a mea.<\/p>\n\n\n\n<p>Era Noe.<\/p>\n\n\n\n<p>\u2014 \u201eMam\u0103,\u201d a \u0219optit. \u201eE\u0219ti bine?\u201d<\/p>\n\n\n\n<p>Am for\u021bat un z\u00e2mbet.<br>\u2014 \u201eSunt bine, puiule. Aveam nevoie de pu\u021bin aer.\u201d<\/p>\n\n\n\n<p>M-a privit cu ochii lui mari, c\u0103prui \u2014 aceia\u0219i ochi ca ai tat\u0103lui lui.<br>\u2014 \u201eEa a fost rea cu tine.\u201d<\/p>\n\n\n\n<p>N-am r\u0103spuns. Avea doar nou\u0103 ani, dar era matur pentru v\u00e2rsta lui. Poate pentru c\u0103 a crescut f\u0103r\u0103 tat\u0103.<\/p>\n\n\n\n<p>Mi-a str\u00e2ns m\u00e2na:<br>\u2014 \u201eVreau s\u0103 spun ceva.\u201d<\/p>\n\n\n\n<p>Am clipit.<br>\u2014 \u201eCe vrei s\u0103 spui?\u201d<\/p>\n\n\n\n<p>\u2014 \u201eVreau s\u0103 merg acolo. S\u0103 vorbesc.\u201d<\/p>\n\n\n\n<p>Era c\u00e2t pe ce s\u0103-l opresc, dar privirea lui m-a f\u0103cut s\u0103 ezit. Nu era furios. Era calm. Bun. Puternic.<\/p>\n\n\n\n<p>A\u0219a c\u0103 am \u00eencuviin\u021bat.<\/p>\n\n\n\n<p>Ne-am \u00eentors \u00een sal\u0103 chiar c\u00e2nd prezentatorul invita invita\u021bii s\u0103 \u021bin\u0103 toasturi. Carla r\u00e2dea cu prietenele ei. Daniel st\u0103tea la marginea ringului.<\/p>\n\n\n\n<p>Noe mi-a dat drumul la m\u00e2n\u0103 \u0219i a mers direct la prezentator.<\/p>\n\n\n\n<p>Acesta s-a aplecat, l-a ascultat, apoi i-a \u00eenm\u00e2nat microfonul.<\/p>\n\n\n\n<p>Am intrat \u00een panic\u0103. Ce avea s\u0103 spun\u0103? Am sperat s\u0103 nu pl\u00e2ng\u0103 sau s\u0103 spun\u0103 ceva ce va regreta.<\/p>\n\n\n\n<p>Dar fiul meu s-a a\u0219ezat \u00een mijlocul ringului, cu microfonul \u00een m\u00e2n\u0103, costumul un pic \u0219ifonat, papionul str\u00e2mb \u2014 \u0219i a \u00eenceput s\u0103 vorbeasc\u0103:<\/p>\n\n\n\n<p>\u2014 \u201eBun\u0103,\u201d a spus. \u201eSunt Noe. Am fost purt\u0103torul verighetelor \u0219i am nou\u0103 ani.\u201d<\/p>\n\n\n\n<p>C\u00e2\u021biva invita\u021bi au z\u00e2mbit cald.<\/p>\n\n\n\n<p>\u2014 \u201eNu voiam s\u0103 zic nimic,\u201d a continuat, \u201edar am auzit ceva mai devreme care a f\u0103cut-o pe mama s\u0103 fie trist\u0103. \u0218i cred c\u0103 unii oameni au uitat c\u00e2t de minunat\u0103 este. A\u0219a c\u0103 vreau s\u0103 le reamintesc.\u201d<\/p>\n\n\n\n<p>S-a l\u0103sat o lini\u0219te deplin\u0103.<\/p>\n\n\n\n<p>S-a \u00eentors spre mine \u0219i a ar\u0103tat:<br>\u2014 \u201eAcolo e mama mea. O cheam\u0103 Sorina. E cea mai bun\u0103 prieten\u0103 a mea. Se joac\u0103 Lego cu mine, m\u0103 ajut\u0103 la teme \u0219i \u00eemi cite\u0219te pove\u0219ti chiar \u0219i c\u00e2nd e obosit\u0103.\u201d<\/p>\n\n\n\n<p>Cineva a murmurat un \u201eaww\u201d.<\/p>\n\n\n\n<p>\u2014 \u201e\u00cemi spune mereu s\u0103 fiu bun cu ceilal\u021bi. Chiar \u0219i c\u00e2nd ei nu sunt buni. Nu b\u00e2rfe\u0219te, nu \u021bip\u0103. Doar iube\u0219te. Mult.\u201d<\/p>\n\n\n\n<p>Inima \u00eemi b\u0103tea nebune\u0219te. Fa\u021ba Carlei se f\u0103cuse alb\u0103.<\/p>\n\n\n\n<p>Noe a continuat:<\/p>\n\n\n\n<p>\u2014 \u201eC\u00e2nd a murit tata, mama nu a pl\u00e2ns \u00een fa\u021ba mea. Dar am auzit-o pl\u00e2ng\u00e2nd noaptea. A doua zi mi-a f\u0103cut cl\u0103tite. Mi-a pus pachetul. S-a dus la munc\u0103, chiar dac\u0103 avea ochii ro\u0219ii.\u201d<\/p>\n\n\n\n<p>Lacrimi \u00eemi curgeau \u00een t\u0103cere pe obraji.<\/p>\n\n\n\n<p>\u2014 \u201e\u00cemi spune c\u0103 familia \u00eenseamn\u0103 s\u0103 fii acolo unul pentru cel\u0103lalt. C\u0103 nu conteaz\u0103 c\u00e2t de bogat e\u0219ti sau cum te \u00eembraci \u2014 conteaz\u0103 c\u00e2t de mare \u00ee\u021bi e inima. Iar mama mea are cea mai mare inim\u0103 dintre toate.\u201d<\/p>\n\n\n\n<p>Aplauzele au \u00eenceput s\u0103 curg\u0103 prin sal\u0103.<\/p>\n\n\n\n<p>Noe a \u00eencheiat:<br>\u2014 \u201eA\u0219a c\u0103, dac\u0103 cineva a uitat s\u0103-i mul\u021bumeasc\u0103, e \u00een regul\u0103. O fac eu. Mul\u021bumesc, mam\u0103. E\u0219ti cea mai frumoas\u0103 parte din familia noastr\u0103.\u201d<\/p>\n\n\n\n<p>\u00centreaga sal\u0103 s-a ridicat \u00een picioare. Aplauze peste aplauze.<\/p>\n\n\n\n<p>Inclusiv Daniel.<\/p>\n\n\n\n<p>Inclusiv p\u0103rin\u021bii mei.<\/p>\n\n\n\n<p>Inclusiv c\u00e2teva domni\u0219oare de onoare de-ale Carlei.<\/p>\n\n\n\n<p>Eram f\u0103r\u0103 cuvinte. Cople\u0219it\u0103. Atins\u0103 \u00eentr-un mod pe care nu l-am mai sim\u021bit niciodat\u0103.<\/p>\n\n\n\n<p>M-am dus la el, m-am a\u0219ezat \u00een genunchi \u0219i l-am \u00eembr\u0103\u021bi\u0219at str\u00e2ns.<br>\u2014 \u201eMul\u021bumesc,\u201d i-am \u0219optit.<\/p>\n\n\n\n<p>El a z\u00e2mbit:<br>\u2014 \u201eAcum pot s\u0103 iau o felie de tort?\u201d<\/p>\n\n\n\n<p>Restul serii a fost ca \u00eentr-un vis. Oameni \u2014 rude, necunoscu\u021bi, chiar \u0219i unchiul Carlei \u2014 au venit la mine s\u0103-mi str\u00e2ng\u0103 m\u00e2na \u0219i s\u0103-l felicite pe Noe pentru curaj.<\/p>\n\n\n\n<p>Daniel a venit, cu ochii plini de regret.<\/p>\n\n\n\n<p>\u2014 \u201e\u00cemi pare at\u00e2t de r\u0103u,\u201d a spus \u00eencet. \u201eAr fi trebuit s\u0103 spun ceva. N-a fost \u00een regul\u0103.\u201d<\/p>\n\n\n\n<p>Am dat din cap:<br>\u2014 \u201eE nunta ta. N-am vrut s\u0103 fac scandal.\u201d<\/p>\n\n\n\n<p>\u2014 \u201eN-ai f\u0103cut. Fiul t\u0103u tocmai a salvat nunta.\u201d<\/p>\n\n\n\n<p>Carla n-a mai spus mare lucru dup\u0103 aceea. P\u0103rea zguduit\u0103, dar eu nu mai aveam nevoie de scuze. Fiul meu spusese tot ce conta.<\/p>\n\n\n\n<p>\u00cen noaptea aceea, \u00een drum spre cas\u0103, Noe st\u0103tea pe bancheta din spate \u0219i fredona.<\/p>\n\n\n\n<p>\u2014 \u201eCrezi c\u0103 m-a auzit tata?\u201d a \u00eentrebat.<\/p>\n\n\n\n<p>Am z\u00e2mbit printre lacrimi.<br>\u2014 \u201e\u0218tiu sigur c\u0103 da.\u201d<\/p>\n\n\n\n<p>\u0218i atunci am realizat: microfonul nu i-a dat doar voce fiului meu.<\/p>\n\n\n\n<p>Mi-a redat \u0219i mie demnitatea.<\/p>\n\n\n\n<p><strong>Morala pove\u0219tii:<\/strong><br>Adev\u0103rata elegan\u021b\u0103 nu \u021bine de bani sau aparen\u021be \u2014 ci de felul \u00een care tratezi oamenii. \u0218i uneori, cea mai mic\u0103 voce din camer\u0103 spune cel mai mare adev\u0103r.<\/p>\n\n\n\n<p><em>Aceast\u0103 lucrare este inspirat\u0103 din evenimente \u0219i persoane reale, \u00eens\u0103 a fost fic\u021bionalizat\u0103 \u00een scopuri creative. Numele, personajele \u0219i detaliile au fost schimbate pentru a proteja intimitatea \u0219i pentru a \u00eembun\u0103t\u0103\u021bi nara\u021biunea. Orice asem\u0103nare cu persoane reale, \u00een via\u021b\u0103 sau decedate, sau cu evenimente reale este pur \u00eent\u00e2mpl\u0103toare \u0219i nu este inten\u021bionat\u0103 de c\u0103tre autor.<\/em><\/p>\n\n\n\n<p><em>Autorul \u0219i editorul nu \u00ee\u0219i asum\u0103 responsabilitatea pentru exactitatea evenimentelor sau pentru modul \u00een care sunt portretizate personajele \u0219i nu sunt r\u0103spunz\u0103tori pentru eventuale interpret\u0103ri gre\u0219ite. Aceast\u0103 poveste este oferit\u0103 \u201eca atare\u201d, iar orice opinii exprimate apar\u021bin personajelor \u0219i nu reflect\u0103 punctele de vedere ale autorului sau ale editorului.<\/em><\/p>\n","protected":false},"excerpt":{"rendered":"<p>Nunta fratelui meu m-a l\u0103sat cu inima fr\u00e2nt\u0103\u2026 dar fiul meu de 9 ani a luat microfonul \u0219i a schimbat totul Niciodat\u0103 nu mi-am imaginat<\/p>\n","protected":false},"author":1,"featured_media":40939,"comment_status":"closed","ping_status":"closed","sticky":false,"template":"","format":"standard","meta":[],"categories":[1],"tags":[],"_links":{"self":[{"href":"https:\/\/calatorinromania.com\/index.php?rest_route=\/wp\/v2\/posts\/41261"}],"collection":[{"href":"https:\/\/calatorinromania.com\/index.php?rest_route=\/wp\/v2\/posts"}],"about":[{"href":"https:\/\/calatorinromania.com\/index.php?rest_route=\/wp\/v2\/types\/post"}],"author":[{"embeddable":true,"href":"https:\/\/calatorinromania.com\/index.php?rest_route=\/wp\/v2\/users\/1"}],"replies":[{"embeddable":true,"href":"https:\/\/calatorinromania.com\/index.php?rest_route=%2Fwp%2Fv2%2Fcomments&post=41261"}],"version-history":[{"count":1,"href":"https:\/\/calatorinromania.com\/index.php?rest_route=\/wp\/v2\/posts\/41261\/revisions"}],"predecessor-version":[{"id":41262,"href":"https:\/\/calatorinromania.com\/index.php?rest_route=\/wp\/v2\/posts\/41261\/revisions\/41262"}],"wp:featuredmedia":[{"embeddable":true,"href":"https:\/\/calatorinromania.com\/index.php?rest_route=\/wp\/v2\/media\/40939"}],"wp:attachment":[{"href":"https:\/\/calatorinromania.com\/index.php?rest_route=%2Fwp%2Fv2%2Fmedia&parent=41261"}],"wp:term":[{"taxonomy":"category","embeddable":true,"href":"https:\/\/calatorinromania.com\/index.php?rest_route=%2Fwp%2Fv2%2Fcategories&post=41261"},{"taxonomy":"post_tag","embeddable":true,"href":"https:\/\/calatorinromania.com\/index.php?rest_route=%2Fwp%2Fv2%2Ftags&post=41261"}],"curies":[{"name":"wp","href":"https:\/\/api.w.org\/{rel}","templated":true}]}}