{"id":41259,"date":"2025-08-16T10:22:05","date_gmt":"2025-08-16T10:22:05","guid":{"rendered":"https:\/\/calatorinromania.com\/?p=41259"},"modified":"2025-08-16T10:22:05","modified_gmt":"2025-08-16T10:22:05","slug":"colegii-bogati-au-batjocorit-o-pe-fiica-ingrijitorului","status":"publish","type":"post","link":"https:\/\/calatorinromania.com\/?p=41259","title":{"rendered":"COLEGII BOGA\u021aI AU BATJOCORIT-O PE FIICA \u00ceNGRIJITORULUI"},"content":{"rendered":"\n<p>C\u00e2nd limuzina alb\u0103 s-a oprit \u00een fa\u021ba liceului, colegii au amu\u021bit. C\u0103t\u0103lina Pop \u0219i grupul ei au r\u0103mas cu telefoanele \u00een m\u00e2ini, uit\u00e2nd s\u0103 mai filmeze.<\/p>\n\n\n\n<p><\/p>\n\n\n\n<p>Gra\u021biela a cobor\u00e2t cu gra\u021bie, ca desprins\u0103 dintr-un film. Profesorii o priveau de la distan\u021b\u0103, z\u00e2mbind.<\/p>\n\n\n\n<p><\/p>\n\n\n\n<p>\u2014 Cine\u2026 cine a adus-o pe ea a\u0219a? a \u0219optit un b\u0103iat din spatele s\u0103lii.<\/p>\n\n\n\n<p><\/p>\n\n\n\n<p>\u2014 E doar fata \u00eengrijitorului, a zis cineva. Dar azi\u2026 e regina balului.<\/p>\n\n\n\n<p><\/p>\n\n\n\n<p>\u00cen\u0103untru, totul p\u0103rea ireal. Muzic\u0103, lumini, rochii, costume \u2014 \u0219i ea, \u00een mijlocul lor, ca \u0219i cum ar fi apar\u021binut mereu acelui loc.<\/p>\n\n\n\n<p><\/p>\n\n\n\n<p>La un moment dat, DJ-ul a cerut t\u0103cere.<\/p>\n\n\n\n<p><\/p>\n\n\n\n<p>\u2014 Avem o mic\u0103 surpriz\u0103, a spus. Cineva special are un mesaj.<\/p>\n\n\n\n<p><\/p>\n\n\n\n<p>Pe ecran a ap\u0103rut un videoclip: profesori, bibliotecara, chiar \u0219i portarul. To\u021bi, vorbind despre c\u00e2t de mult o admir\u0103 pe Gra\u021biela.<\/p>\n\n\n\n<p><\/p>\n\n\n\n<p>Ultimul a fost Ben.<\/p>\n\n\n\n<p>\u2014 Nu am avut bani sau titluri. Dar am avut o comoar\u0103: o fiic\u0103 care nu s-a l\u0103sat niciodat\u0103 dobor\u00e2t\u0103. Azi, ea nu e doar frumoas\u0103. E puternic\u0103.<\/p>\n\n\n\n<p>Sala a izbucnit \u00een aplauze. Gra\u021biela a izbucnit \u00een lacrimi, dar a z\u00e2mbit. Pentru prima dat\u0103, nu mai era fata cu haine peticite. Era inspira\u021bie. Era dovada c\u0103 bun\u0103tatea \u0219i munca grea nu trec niciodat\u0103 neobservate.<\/p>\n\n\n\n<p>\u0218i \u00een acea noapte, cu stelele deasupra \u0219i tat\u0103l ei a\u0219tept\u00e2nd-o la ie\u0219ire, Gra\u021biela a \u0219tiut: nu doar c\u0103 a fost v\u0103zut\u0103\u2026 ci c\u0103 a fost apreciat\u0103.<\/p>\n\n\n\n<p>Pentru cine era cu adev\u0103rat.<\/p>\n\n\n\n<p><em>Aceast\u0103 lucrare este inspirat\u0103 din evenimente \u0219i persoane reale, \u00eens\u0103 a fost fic\u021bionalizat\u0103 \u00een scopuri creative. Numele, personajele \u0219i detaliile au fost schimbate pentru a proteja intimitatea \u0219i pentru a \u00eembun\u0103t\u0103\u021bi nara\u021biunea. Orice asem\u0103nare cu persoane reale, \u00een via\u021b\u0103 sau decedate, sau cu evenimente reale este pur \u00eent\u00e2mpl\u0103toare \u0219i nu este inten\u021bionat\u0103 de c\u0103tre autor.<\/em><\/p>\n\n\n\n<p><em>Autorul \u0219i editorul nu \u00ee\u0219i asum\u0103 responsabilitatea pentru exactitatea evenimentelor sau pentru modul \u00een care sunt portretizate personajele \u0219i nu sunt r\u0103spunz\u0103tori pentru eventuale interpret\u0103ri gre\u0219ite. Aceast\u0103 poveste este oferit\u0103 \u201eca atare\u201d, iar orice opinii exprimate apar\u021bin personajelor \u0219i nu reflect\u0103 punctele de vedere ale autorului sau ale editorului.<\/em><\/p>\n","protected":false},"excerpt":{"rendered":"<p>C\u00e2nd limuzina alb\u0103 s-a oprit \u00een fa\u021ba liceului, colegii au amu\u021bit. C\u0103t\u0103lina Pop \u0219i grupul ei au r\u0103mas cu telefoanele \u00een m\u00e2ini, uit\u00e2nd s\u0103 mai<\/p>\n","protected":false},"author":1,"featured_media":40939,"comment_status":"closed","ping_status":"closed","sticky":false,"template":"","format":"standard","meta":[],"categories":[1],"tags":[],"_links":{"self":[{"href":"https:\/\/calatorinromania.com\/index.php?rest_route=\/wp\/v2\/posts\/41259"}],"collection":[{"href":"https:\/\/calatorinromania.com\/index.php?rest_route=\/wp\/v2\/posts"}],"about":[{"href":"https:\/\/calatorinromania.com\/index.php?rest_route=\/wp\/v2\/types\/post"}],"author":[{"embeddable":true,"href":"https:\/\/calatorinromania.com\/index.php?rest_route=\/wp\/v2\/users\/1"}],"replies":[{"embeddable":true,"href":"https:\/\/calatorinromania.com\/index.php?rest_route=%2Fwp%2Fv2%2Fcomments&post=41259"}],"version-history":[{"count":1,"href":"https:\/\/calatorinromania.com\/index.php?rest_route=\/wp\/v2\/posts\/41259\/revisions"}],"predecessor-version":[{"id":41260,"href":"https:\/\/calatorinromania.com\/index.php?rest_route=\/wp\/v2\/posts\/41259\/revisions\/41260"}],"wp:featuredmedia":[{"embeddable":true,"href":"https:\/\/calatorinromania.com\/index.php?rest_route=\/wp\/v2\/media\/40939"}],"wp:attachment":[{"href":"https:\/\/calatorinromania.com\/index.php?rest_route=%2Fwp%2Fv2%2Fmedia&parent=41259"}],"wp:term":[{"taxonomy":"category","embeddable":true,"href":"https:\/\/calatorinromania.com\/index.php?rest_route=%2Fwp%2Fv2%2Fcategories&post=41259"},{"taxonomy":"post_tag","embeddable":true,"href":"https:\/\/calatorinromania.com\/index.php?rest_route=%2Fwp%2Fv2%2Ftags&post=41259"}],"curies":[{"name":"wp","href":"https:\/\/api.w.org\/{rel}","templated":true}]}}