{"id":41255,"date":"2025-08-16T10:17:35","date_gmt":"2025-08-16T10:17:35","guid":{"rendered":"https:\/\/calatorinromania.com\/?p=41255"},"modified":"2025-08-16T10:17:36","modified_gmt":"2025-08-16T10:17:36","slug":"abia-am-implinit-46-de-ani","status":"publish","type":"post","link":"https:\/\/calatorinromania.com\/?p=41255","title":{"rendered":"Abia am \u00eemplinit 46 de ani"},"content":{"rendered":"\n<p>\u00centr-o zi, primind \u00een cutia po\u0219tal\u0103 un plic, nu mi-a\u0219 fi putut imagina vreodat\u0103 c\u0103 \u00een\u0103untru se va afla un cadou care \u00eemi va r\u0103sturna lumea. Nu era un voucher pentru un salon de spa cochet, cu uleiuri aromatice \u0219i masaje relaxante\u00a0, nici o cin\u0103 romantic\u0103 la lumina lum\u00e2n\u0103rilor\u00a0\u2026 ci un document care \u00eemi propunea mutarea \u00eentr-un azil pentru v\u00e2rstnici \u2014 un loc unde oamenii \u00een v\u00e2rst\u0103 tr\u0103iesc \u201e\u00een grij\u0103 \u0219i lini\u0219te\u201d\u00a0.<\/p>\n\n\n\n<p><\/p>\n\n\n\n<p>Inima mi s-a str\u00e2ns ca \u0219i cum cineva ar fi \u00eenchis-o \u00een palm\u0103, iar respira\u021bia mi s-a oprit. Am \u00eencremenit, mut\u0103 \u0219i \u0219ocat\u0103. Fiica mea, crez\u00e2nd c\u0103 procedeaz\u0103 corect \u0219i g\u00e2ndindu-se doar la binele meu, m-a privit cu un z\u00e2mbet bl\u00e2nd, plin de grij\u0103 \u0219i, poate, cu o urm\u0103 de triste\u021be, \u0219i mi-a spus: \u201eMam\u0103, \u0219tii, acolo \u00ee\u021bi va fi mai u\u0219or\u2026 vei fi ocupat\u0103, vei avea noi activit\u0103\u021bi \u0219i prieteni \u0219i nu vei mai fi niciodat\u0103 singur\u0103\u2026\u201d<\/p>\n\n\n\n<p><\/p>\n\n\n\n<p>Glasul ei era cald, aproape lini\u0219titor, dar \u00een\u0103untrul meu ceva se rupea \u00een buc\u0103\u021bi. Am dat din cap, incapabil\u0103 s\u0103 r\u0103spund, de parc\u0103 vorbele mi s-ar fi blocat \u00een g\u00e2t. Privirea mi-era goal\u0103, ca \u0219i cum m-a\u0219 fi pierdut \u00een mine \u00eens\u0103mi. \u00cen seara aceea, c\u00e2nd casa s-a golit \u0219i am r\u0103mas singur\u0103 \u00een lini\u0219tea sufrageriei mele, m-a cuprins un val nesf\u00e2r\u0219it de triste\u021be \u0219i singur\u0103tate\u00a0<\/p>\n\n\n\n<p>.<\/p>\n\n\n\n<p>\u00cencercam iar \u0219i iar s\u0103 \u00een\u021beleg cum au putut crede c\u0103 trebuie s\u0103 fiu \u201eplasat\u0103\u201d acolo, ca un obiect vechi \u0219i uitat pe care e timpul s\u0103-l dai la o parte. Aveam doar 46 de ani \u2014 o v\u00e2rst\u0103 la care inima \u00eenc\u0103 e plin\u0103 de visuri, planurile ard mai puternic ca focul, iar dorin\u021ba de a tr\u0103i fiecare zi intens e mai vie ca niciodat\u0103. Dar, \u00een ochii fiicei mele, eram deja pe drumul declinului, b\u0103tr\u00e2n\u0103 \u0219i neputincioas\u0103.<\/p>\n\n\n\n<p><\/p>\n\n\n\n<p>\u00cen noaptea aceea n-am \u00eenchis un ochi, purt\u00e2ndu-mi \u00een g\u00e2nd toate variantele posibile, cert\u00e2ndu-m\u0103 cu mine \u00eens\u0103mi \u0219i \u00eencerc\u00e2nd s\u0103 g\u0103sesc cuvintele potrivite pentru a-i spune ce simt. A doua zi, str\u00e2ng\u00e2nd \u00een mine tot curajul, i-am scris un mesaj simplu, dar profund. F\u0103r\u0103 repro\u0219uri, f\u0103r\u0103 urm\u0103 de sup\u0103rare \u2014 doar c\u00e2teva cuvinte sincere: \u201ePoate ai uitat c\u0103 am \u00eenc\u0103 at\u00e2tea \u00een fa\u021b\u0103 \u2014 aventuri, descoperiri, bucurii. Cel mai bun cadou nu este s\u0103 \u00eemi asiguri un sf\u00e2r\u0219it lini\u0219tit, ci s\u0103 crezi \u00een noul meu \u00eenceput.\u201d<\/p>\n\n\n\n<p><\/p>\n\n\n\n<p>Au trecut c\u00e2teva minute \u0219i am auzit un cioc\u0103nit u\u0219or \u00een u\u0219\u0103. A intrat, cu ochii umezi de lacrimi. Nu a spus nimic, doar m-a \u00eembr\u0103\u021bi\u0219at str\u00e2ns, ca \u0219i cum s-ar fi temut s\u0103 nu m\u0103 piard\u0103. \u00cen \u0219oapta ei s-a sim\u021bit o cerere de iertare: \u201eIart\u0103-m\u0103, mam\u0103. Am vrut doar s\u0103 fii bine, s\u0103 fii \u00een siguran\u021b\u0103. Dar am uitat c\u0103 e\u0219ti \u00eenc\u0103 plin\u0103 de putere \u0219i via\u021b\u0103. Mi-a fost team\u0103 de singur\u0103tatea ta \u0219i, dorind s\u0103 te protejez, am ajuns s\u0103 te limitez.\u201d<\/p>\n\n\n\n<p><\/p>\n\n\n\n<p>\u00cen acel moment, toate sup\u0103r\u0103rile \u0219i ne\u00een\u021belegerile s-au topit, ca z\u0103pada \u00een soarele de prim\u0103var\u0103. Am \u00een\u021beles c\u0103 gestul ei nu venea din nep\u0103sare sau ne\u00eencredere, ci dintr-o dragoste prea mare, care uneori poate sufoca. Am stat de vorb\u0103 p\u00e2n\u0103 t\u00e2rziu \u00een noapte \u2014 \u0219i am r\u00e2s, \u0219i am pl\u00e2ns \u00een acela\u0219i timp. Ea a \u00een\u021beles c\u0103 nu am nevoie de o cu\u0219c\u0103 a grijii, ci de o arip\u0103 a sprijinului \u0219i libert\u0103\u021bii. Ne-am redeschis inimile una c\u0103tre cealalt\u0103.<\/p>\n\n\n\n<p><\/p>\n\n\n\n<p>De atunci, multe s-au schimbat. Ea a devenit nu doar fiica mea, ci un adev\u0103rat aliat \u00een planurile \u0219i visurile mele, inspir\u00e2ndu-m\u0103 s\u0103 fac pa\u0219i curajo\u0219i. Iar eu m-am sim\u021bit vie \u0219i liber\u0103, ca niciodat\u0103 \u00eenainte\u00a0.<\/p>\n\n\n\n<p>Uneori, cei mai apropia\u021bi ne pot r\u0103ni \u2014 nu din nep\u0103sare, ci pentru c\u0103 iubesc st\u00e2ngaci, \u00een felul lor. \u0218i \u00een astfel de momente este esen\u021bial s\u0103 \u0219tim s\u0103 vorbim, s\u0103 ne deschidem sufletul \u0219i s\u0103 ne amintim: adev\u0103rata iubire nu este control \u0219i limitare, ci \u00eencredere \u0219i credin\u021b\u0103, care ne dau puterea s\u0103 zbur\u0103m sus \u0219i cu \u00eendr\u0103zneal\u0103\u00a0.<\/p>\n\n\n\n<p><em>Aceast\u0103 lucrare este inspirat\u0103 din evenimente \u0219i persoane reale, \u00eens\u0103 a fost fic\u021bionalizat\u0103 \u00een scopuri creative. Numele, personajele \u0219i detaliile au fost schimbate pentru a proteja intimitatea \u0219i pentru a \u00eembun\u0103t\u0103\u021bi nara\u021biunea. Orice asem\u0103nare cu persoane reale, \u00een via\u021b\u0103 sau decedate, sau cu evenimente reale este pur \u00eent\u00e2mpl\u0103toare \u0219i nu este inten\u021bionat\u0103 de c\u0103tre autor.<\/em><\/p>\n\n\n\n<p><em>Autorul \u0219i editorul nu \u00ee\u0219i asum\u0103 responsabilitatea pentru exactitatea evenimentelor sau pentru modul \u00een care sunt portretizate personajele \u0219i nu sunt r\u0103spunz\u0103tori pentru eventuale interpret\u0103ri gre\u0219ite. Aceast\u0103 poveste este oferit\u0103 \u201eca atare\u201d, iar orice opinii exprimate apar\u021bin personajelor \u0219i nu reflect\u0103 punctele de vedere ale autorului sau ale editorului.<\/em><\/p>\n","protected":false},"excerpt":{"rendered":"<p>\u00centr-o zi, primind \u00een cutia po\u0219tal\u0103 un plic, nu mi-a\u0219 fi putut imagina vreodat\u0103 c\u0103 \u00een\u0103untru se va afla un cadou care \u00eemi va r\u0103sturna<\/p>\n","protected":false},"author":1,"featured_media":40939,"comment_status":"closed","ping_status":"closed","sticky":false,"template":"","format":"standard","meta":[],"categories":[1],"tags":[],"_links":{"self":[{"href":"https:\/\/calatorinromania.com\/index.php?rest_route=\/wp\/v2\/posts\/41255"}],"collection":[{"href":"https:\/\/calatorinromania.com\/index.php?rest_route=\/wp\/v2\/posts"}],"about":[{"href":"https:\/\/calatorinromania.com\/index.php?rest_route=\/wp\/v2\/types\/post"}],"author":[{"embeddable":true,"href":"https:\/\/calatorinromania.com\/index.php?rest_route=\/wp\/v2\/users\/1"}],"replies":[{"embeddable":true,"href":"https:\/\/calatorinromania.com\/index.php?rest_route=%2Fwp%2Fv2%2Fcomments&post=41255"}],"version-history":[{"count":1,"href":"https:\/\/calatorinromania.com\/index.php?rest_route=\/wp\/v2\/posts\/41255\/revisions"}],"predecessor-version":[{"id":41256,"href":"https:\/\/calatorinromania.com\/index.php?rest_route=\/wp\/v2\/posts\/41255\/revisions\/41256"}],"wp:featuredmedia":[{"embeddable":true,"href":"https:\/\/calatorinromania.com\/index.php?rest_route=\/wp\/v2\/media\/40939"}],"wp:attachment":[{"href":"https:\/\/calatorinromania.com\/index.php?rest_route=%2Fwp%2Fv2%2Fmedia&parent=41255"}],"wp:term":[{"taxonomy":"category","embeddable":true,"href":"https:\/\/calatorinromania.com\/index.php?rest_route=%2Fwp%2Fv2%2Fcategories&post=41255"},{"taxonomy":"post_tag","embeddable":true,"href":"https:\/\/calatorinromania.com\/index.php?rest_route=%2Fwp%2Fv2%2Ftags&post=41255"}],"curies":[{"name":"wp","href":"https:\/\/api.w.org\/{rel}","templated":true}]}}