{"id":41251,"date":"2025-08-16T10:14:01","date_gmt":"2025-08-16T10:14:01","guid":{"rendered":"https:\/\/calatorinromania.com\/?p=41251"},"modified":"2025-08-16T10:14:01","modified_gmt":"2025-08-16T10:14:01","slug":"sotul-meu-mi-a-dat-fiica-afara-din-casa-cat-timp-eram-la-serviciu-iar-cand-am-aflat-motivul-am-sunat-la-politie-continuarea","status":"publish","type":"post","link":"https:\/\/calatorinromania.com\/?p=41251","title":{"rendered":"\u201dSo\u021bul meu mi-a dat fiica afar\u0103 din cas\u0103 c\u00e2t timp eram la serviciu \u2013 iar c\u00e2nd am aflat motivul, am sunat la poli\u021bie\u201d \u2013 continuarea"},"content":{"rendered":"\n<p>So\u021bul meu mi-a dat fiica afar\u0103 din cas\u0103 c\u00e2t timp eram la serviciu \u2013 iar c\u00e2nd am aflat motivul, am sunat direct la poli\u021bie.<\/p>\n\n\n\n<p><\/p>\n\n\n\n<p>Via\u021ba de mam\u0103 singur\u0103 nu a fost niciodat\u0103 simpl\u0103. Apoi a ap\u0103rut Radu \u00een via\u021ba mea \u0219i am crezut, pentru prima oar\u0103 dup\u0103 mult timp, c\u0103 am g\u0103sit iubirea adev\u0103rat\u0103. M-am \u00een\u0219elat amarnic.<\/p>\n\n\n\n<p><\/p>\n\n\n\n<p>Nu doar c\u0103 m-a min\u021bit, dar a r\u0103nit cea mai important\u0103 fiin\u021b\u0103 pentru mine: fiica mea. M\u0103 numesc Mirela \u0219i am avut \u00eencredere \u00een omul nepotrivit cu tot ce aveam.<\/p>\n\n\n\n<p><\/p>\n\n\n\n<p>Ploaia lovea \u00een geamul biroului meu \u00een timp ce \u00eencheiam rapoartele lunare. \u00cenc\u0103 o sear\u0103 prelungit\u0103 la firma unde lucrez. Dar g\u00e2ndul c\u0103 o voi revedea pe fiica mea, Irina, \u00eemi aducea un z\u00e2mbet \u00een timp ce-mi str\u00e2ngeam lucrurile.<\/p>\n\n\n\n<p><\/p>\n\n\n\n<p>Era acas\u0103 pentru o s\u0103pt\u0103m\u00e2n\u0103, venit\u0103 din Cluj, unde studia la facultate. So\u021bul meu, Radu, urma s\u0103 fie \u0219i el acolo.<\/p>\n\n\n\n<p><\/p>\n\n\n\n<p>O crescusem singur\u0103 pe Irina \u00eenc\u0103 de la v\u00e2rsta de cinci ani, dup\u0103 ce tat\u0103l ei a decis c\u0103 asistenta lui era mai interesant\u0103 dec\u00e2t propria familie.<\/p>\n\n\n\n<p>Paisprezece ani de genunchi r\u0103ni\u021bi, spectacole de final de an \u0219i nop\u021bi \u00een care vorbeam despre iubiri care nu o meritau. Acum avea 19 ani. Inteligent\u0103, energic\u0103 \u0219i at\u00e2t de protectoare cu mine, \u00eenc\u00e2t uneori m\u0103 impresiona p\u00e2n\u0103 la lacrimi.<\/p>\n\n\n\n<p>Apoi, \u00een urm\u0103 cu un an \u0219i jum\u0103tate, \u00een vie\u021bile noastre a intrat Radu. P\u0103rea atent, bl\u00e2nd, cu c\u00e2teva fire c\u0103runte \u00een p\u0103rul castaniu \u0219i o privire care p\u0103rea c\u0103 \u00ee\u021bi p\u0103trunde \u00een suflet.<\/p>\n\n\n\n<p>A reparat robinetul care curgea de s\u0103pt\u0103m\u00e2ni \u00eentregi. \u0218tia cum \u00eemi beau cafeaua: cu dou\u0103 linguri\u021be de zah\u0103r \u0219i pu\u021bin\u0103 fri\u0219c\u0103. M-a f\u0103cut s\u0103 r\u00e2d din nou, dup\u0103 ani de t\u0103cere \u0219i greutate \u00een suflet.<\/p>\n\n\n\n<p>\u00cen seara aceea, c\u00e2nd am ajuns acas\u0103, lini\u0219tea era ap\u0103s\u0103toare. Nu se auzeau pa\u0219i, nici r\u00e2sete, nici m\u0103car televizorul pornit. Am strigat-o pe Irina, dar nu mi-a r\u0103spuns. \u00cen locul ei, a ap\u0103rut Radu \u00een hol, calm, aproape nep\u0103s\u0103tor.<\/p>\n\n\n\n<p>\u2014 Irina a plecat. Nu m\u0103 mai respecta \u0219i n-aveam de g\u00e2nd s\u0103 tolerez asta \u00een propria cas\u0103, mi-a spus el, ca \u0219i cum ar fi vorbit despre un obiect pierdut, nu despre copilul meu.<\/p>\n\n\n\n<p>Inima mi s-a str\u00e2ns. Am \u00eencercat s\u0103-l fac s\u0103 \u00een\u021beleag\u0103, dar tonul lui devenea tot mai dur. Nu doar c\u0103 o alungase, dar \u00eemi arunca mie vina, acuz\u00e2nd-o pe ea de insolent\u0103, manipulare \u0219i \u201elips\u0103 de recuno\u0219tin\u021b\u0103\u201d.<\/p>\n\n\n\n<p>F\u0103r\u0103 s\u0103 mai stau pe g\u00e2nduri, am pus m\u00e2na pe telefon \u0219i am sunat la poli\u021bie. Nu pentru c\u0103 voiam scandal, ci pentru c\u0103 o t\u00e2n\u0103r\u0103 fusese izgonit\u0103 din casa \u00een care avea tot dreptul s\u0103 fie.<\/p>\n\n\n\n<p>A doua zi, Irina a fost g\u0103sit\u0103 la o prieten\u0103, tremur\u00e2nd, cu ochii umfla\u021bi de pl\u00e2ns. M-a \u00eembr\u0103\u021bi\u0219at f\u0103r\u0103 s\u0103 spun\u0103 nimic. Am \u00een\u021beles totul din str\u00e2nsoarea aceea.<\/p>\n\n\n\n<p>L-am dat afar\u0103 pe Radu f\u0103r\u0103 ezitare. \u0218i, pentru o vreme, lini\u0219tea a p\u0103rut rece, dureroas\u0103. Dar \u00eencet, \u00eencet, am reconstruit. Eu \u0219i Irina. Am r\u00e2s din nou. Am g\u0103tit \u00eempreun\u0103. Ne-am f\u0103cut planuri de viitor.<\/p>\n\n\n\n<p>Ast\u0103zi? Suntem mai unite ca niciodat\u0103. Am \u00eenv\u0103\u021bat c\u0103 nicio rela\u021bie nu merit\u0103 sacrificiul copilului t\u0103u. \u0218i c\u0103, uneori, cea mai mare for\u021b\u0103 st\u0103 \u00een a spune \u201eajunge\u201d.<\/p>\n\n\n\n<p>Dac\u0103 \u021bi-a pl\u0103cut povestea, nu uita s\u0103 o distribui cu prietenii t\u0103i! \u00cempreun\u0103 putem duce mai departe emo\u021bia \u0219i inspira\u021bia.<\/p>\n\n\n\n<p>\u201dAceast\u0103 poveste este inspirat\u0103 din evenimente \u0219i persoane reale, \u00eens\u0103 a fost fic\u021bionalizat\u0103 \u00een scopuri creative. Numele, personajele \u0219i detaliile au fost schimbate pentru a proteja intimitatea \u0219i pentru a \u00eembun\u0103t\u0103\u021bi nara\u021biunea. Orice asem\u0103nare cu persoane reale, sau cu evenimente reale este pur \u00eent\u00e2mpl\u0103toare \u0219i nu este inten\u021bionat\u0103 de c\u0103tre autor.<\/p>\n\n\n\n<p>Autorul \u0219i editorul nu \u00ee\u0219i asum\u0103 responsabilitatea pentru exactitatea evenimentelor sau pentru modul \u00een care sunt portretizate personajele \u0219i nu sunt r\u0103spunz\u0103tori pentru eventuale interpret\u0103ri gre\u0219ite. Aceast\u0103 poveste este oferit\u0103 \u201eca atare\u201d, iar orice opinii exprimate apar\u021bin personajelor \u0219i nu reflect\u0103 punctele de vedere ale autorului sau ale editorului.\u201d<\/p>\n","protected":false},"excerpt":{"rendered":"<p>So\u021bul meu mi-a dat fiica afar\u0103 din cas\u0103 c\u00e2t timp eram la serviciu \u2013 iar c\u00e2nd am aflat motivul, am sunat direct la poli\u021bie. Via\u021ba<\/p>\n","protected":false},"author":1,"featured_media":40939,"comment_status":"closed","ping_status":"closed","sticky":false,"template":"","format":"standard","meta":[],"categories":[1],"tags":[],"_links":{"self":[{"href":"https:\/\/calatorinromania.com\/index.php?rest_route=\/wp\/v2\/posts\/41251"}],"collection":[{"href":"https:\/\/calatorinromania.com\/index.php?rest_route=\/wp\/v2\/posts"}],"about":[{"href":"https:\/\/calatorinromania.com\/index.php?rest_route=\/wp\/v2\/types\/post"}],"author":[{"embeddable":true,"href":"https:\/\/calatorinromania.com\/index.php?rest_route=\/wp\/v2\/users\/1"}],"replies":[{"embeddable":true,"href":"https:\/\/calatorinromania.com\/index.php?rest_route=%2Fwp%2Fv2%2Fcomments&post=41251"}],"version-history":[{"count":1,"href":"https:\/\/calatorinromania.com\/index.php?rest_route=\/wp\/v2\/posts\/41251\/revisions"}],"predecessor-version":[{"id":41252,"href":"https:\/\/calatorinromania.com\/index.php?rest_route=\/wp\/v2\/posts\/41251\/revisions\/41252"}],"wp:featuredmedia":[{"embeddable":true,"href":"https:\/\/calatorinromania.com\/index.php?rest_route=\/wp\/v2\/media\/40939"}],"wp:attachment":[{"href":"https:\/\/calatorinromania.com\/index.php?rest_route=%2Fwp%2Fv2%2Fmedia&parent=41251"}],"wp:term":[{"taxonomy":"category","embeddable":true,"href":"https:\/\/calatorinromania.com\/index.php?rest_route=%2Fwp%2Fv2%2Fcategories&post=41251"},{"taxonomy":"post_tag","embeddable":true,"href":"https:\/\/calatorinromania.com\/index.php?rest_route=%2Fwp%2Fv2%2Ftags&post=41251"}],"curies":[{"name":"wp","href":"https:\/\/api.w.org\/{rel}","templated":true}]}}