{"id":41244,"date":"2025-08-15T07:46:52","date_gmt":"2025-08-15T07:46:52","guid":{"rendered":"https:\/\/calatorinromania.com\/?p=41244"},"modified":"2025-08-15T07:46:52","modified_gmt":"2025-08-15T07:46:52","slug":"nora-face-dus-mai-mult-de-o-ora-in-fiecare-seara","status":"publish","type":"post","link":"https:\/\/calatorinromania.com\/?p=41244","title":{"rendered":"Nora face du\u0219 mai mult de o or\u0103 \u00een fiecare sear\u0103"},"content":{"rendered":"\n<p>C\u00e2teva minute mai t\u00e2rziu, dou\u0103 ma\u0219ini de poli\u021bie au oprit \u00een fa\u021ba por\u021bii. Farurile au luminat curtea mic\u0103, iar vecinii au \u00eenceput s\u0103 trag\u0103 cu ochiul pe dup\u0103 garduri. \u00centr-un sat unde toat\u0103 lumea \u0219tia pe toat\u0103 lumea, vestea c\u0103 poli\u021bia venise la familia lor se va r\u0103sp\u00e2ndi mai repede dec\u00e2t focul pe miri\u0219te.<\/p>\n\n\n\n<p><\/p>\n\n\n\n<p>Soacra, tremur\u00e2nd din tot corpul, le-a f\u0103cut semn agen\u021bilor s\u0103 intre. Le-a ar\u0103tat direct spre baie. Se auzea \u00eenc\u0103 apa curg\u00e2nd, aceea\u0219i ap\u0103 neregulat\u0103, de parc\u0103 cineva juca o pies\u0103 prost regizat\u0103.<\/p>\n\n\n\n<p><\/p>\n\n\n\n<p>Un poli\u021bist a b\u0103tut scurt \u00een u\u0219\u0103. \u201ePoli\u021bia! Deschide\u021bi!\u201d<\/p>\n\n\n\n<p><\/p>\n\n\n\n<p>Au trecut c\u00e2teva secunde de t\u0103cere, apoi s-a auzit un fo\u0219net, un obiect sc\u0103pat pe jos, \u0219i u\u0219a s-a deschis \u00eencet.<\/p>\n\n\n\n<p><\/p>\n\n\n\n<p>Nora st\u0103tea acolo, cu p\u0103rul ud, privirea pierdut\u0103 \u0219i o mim\u0103 de nevinov\u0103\u021bie care nu mai convingea pe nimeni.<\/p>\n\n\n\n<p><\/p>\n\n\n\n<p>\u2014 Ce se \u00eent\u00e2mpl\u0103? a \u00eentrebat ea cu voce tremurat\u0103.<\/p>\n\n\n\n<p><\/p>\n\n\n\n<p>Poli\u021bi\u0219tii au p\u0103\u0219it \u00een\u0103untru \u0219i au verificat fiecare col\u021bi\u0219or al b\u0103ii. \u0218i atunci, unul dintre ei a ridicat capacul de la c\u0103di\u021ba de du\u0219.<\/p>\n\n\n\n<p>\u00cen\u0103untru, \u00eenghesuit ca un animal speriat, st\u0103tea un b\u0103rbat t\u00e2n\u0103r, cu o geac\u0103 de piele ud\u0103 \u0219i un parfum puternic, identic cu cel pe care soacra \u00eel sim\u021bise \u00een ultimele s\u0103pt\u0103m\u00e2ni.<\/p>\n\n\n\n<p>Femeia a dus m\u00e2na la gur\u0103 \u0219i a sim\u021bit cum genunchii i se \u00eenmoaie. Nu era vreun str\u0103in periculos, a\u0219a cum \u00ee\u0219i imaginase\u2026 ci fostul iubit al norei, un b\u0103rbat din satul vecin, cunoscut pentru necazurile pe care le aducea peste tot.<\/p>\n\n\n\n<p>Nora a izbucnit \u00een lacrimi, m\u0103rturisind tot. De c\u00e2nd so\u021bul ei era mai mult plecat, se sim\u021bise singur\u0103 \u0219i, \u00eentr-o sear\u0103, \u00eel \u00eent\u00e2lnise pe acest b\u0103rbat. El profitase de sl\u0103biciunea ei, venind aproape \u00een fiecare noapte, ascuns de ochii lumii, crez\u00e2nd c\u0103 nimeni nu va afla.<\/p>\n\n\n\n<p>Poli\u021bi\u0219tii l-au \u00eenc\u0103tu\u0219at pe loc, iar vecinii, deja str\u00e2n\u0219i \u00een fa\u021ba por\u021bii, murmurau \u00eentre ei ca la \u0219ez\u0103toare, d\u00e2nd din cap cu dezam\u0103gire.<\/p>\n\n\n\n<p>Soacra, de\u0219i r\u0103nit\u0103 suflete\u0219te, nu a spus niciun cuv\u00e2nt. A privit doar cum ma\u0219ina de poli\u021bie se \u00eendep\u0103rta, purt\u00e2nd cu ea ru\u0219inea care \u00eei va b\u00e2ntui familia mult timp de acum \u00eenainte.<\/p>\n\n\n\n<p>A doua zi, la biseric\u0103, b\u0103tr\u00e2nele din sat vorbeau \u00een \u0219oapt\u0103, dar destul de tare c\u00e2t s\u0103 aud\u0103 oricine: \u201eVezi tu? U\u0219a casei trebuie s\u0103 fie deschis\u0103 pentru oaspe\u021bi, dar inima trebuie p\u0103zit\u0103 de str\u0103ini.\u201d<\/p>\n\n\n\n<p>\u0218i a\u0219a, \u00een casa aceea, du\u0219urile de sear\u0103 nu au mai durat niciodat\u0103 mai mult de c\u00e2teva minute, iar lini\u0219tea a revenit, \u00eempreun\u0103 cu o lec\u021bie amar\u0103: \u00eencrederea, odat\u0103 pierdut\u0103, nu se mai \u00eentoarce la fel.<\/p>\n\n\n\n<p><em>Aceast\u0103 lucrare este inspirat\u0103 din evenimente \u0219i persoane reale, \u00eens\u0103 a fost fic\u021bionalizat\u0103 \u00een scopuri creative. Numele, personajele \u0219i detaliile au fost schimbate pentru a proteja intimitatea \u0219i pentru a \u00eembun\u0103t\u0103\u021bi nara\u021biunea. Orice asem\u0103nare cu persoane reale, \u00een via\u021b\u0103 sau decedate, sau cu evenimente reale este pur \u00eent\u00e2mpl\u0103toare \u0219i nu este inten\u021bionat\u0103 de c\u0103tre autor.<\/em><\/p>\n\n\n\n<p><em>Autorul \u0219i editorul nu \u00ee\u0219i asum\u0103 responsabilitatea pentru exactitatea evenimentelor sau pentru modul \u00een care sunt portretizate personajele \u0219i nu sunt r\u0103spunz\u0103tori pentru eventuale interpret\u0103ri gre\u0219ite. Aceast\u0103 poveste este oferit\u0103 \u201eca atare\u201d, iar orice opinii exprimate apar\u021bin personajelor \u0219i nu reflect\u0103 punctele de vedere ale autorului sau ale editorului.<\/em><\/p>\n","protected":false},"excerpt":{"rendered":"<p>C\u00e2teva minute mai t\u00e2rziu, dou\u0103 ma\u0219ini de poli\u021bie au oprit \u00een fa\u021ba por\u021bii. Farurile au luminat curtea mic\u0103, iar vecinii au \u00eenceput s\u0103 trag\u0103 cu<\/p>\n","protected":false},"author":1,"featured_media":40939,"comment_status":"closed","ping_status":"closed","sticky":false,"template":"","format":"standard","meta":[],"categories":[1],"tags":[],"_links":{"self":[{"href":"https:\/\/calatorinromania.com\/index.php?rest_route=\/wp\/v2\/posts\/41244"}],"collection":[{"href":"https:\/\/calatorinromania.com\/index.php?rest_route=\/wp\/v2\/posts"}],"about":[{"href":"https:\/\/calatorinromania.com\/index.php?rest_route=\/wp\/v2\/types\/post"}],"author":[{"embeddable":true,"href":"https:\/\/calatorinromania.com\/index.php?rest_route=\/wp\/v2\/users\/1"}],"replies":[{"embeddable":true,"href":"https:\/\/calatorinromania.com\/index.php?rest_route=%2Fwp%2Fv2%2Fcomments&post=41244"}],"version-history":[{"count":1,"href":"https:\/\/calatorinromania.com\/index.php?rest_route=\/wp\/v2\/posts\/41244\/revisions"}],"predecessor-version":[{"id":41245,"href":"https:\/\/calatorinromania.com\/index.php?rest_route=\/wp\/v2\/posts\/41244\/revisions\/41245"}],"wp:featuredmedia":[{"embeddable":true,"href":"https:\/\/calatorinromania.com\/index.php?rest_route=\/wp\/v2\/media\/40939"}],"wp:attachment":[{"href":"https:\/\/calatorinromania.com\/index.php?rest_route=%2Fwp%2Fv2%2Fmedia&parent=41244"}],"wp:term":[{"taxonomy":"category","embeddable":true,"href":"https:\/\/calatorinromania.com\/index.php?rest_route=%2Fwp%2Fv2%2Fcategories&post=41244"},{"taxonomy":"post_tag","embeddable":true,"href":"https:\/\/calatorinromania.com\/index.php?rest_route=%2Fwp%2Fv2%2Ftags&post=41244"}],"curies":[{"name":"wp","href":"https:\/\/api.w.org\/{rel}","templated":true}]}}