{"id":41238,"date":"2025-08-15T07:30:47","date_gmt":"2025-08-15T07:30:47","guid":{"rendered":"https:\/\/calatorinromania.com\/?p=41238"},"modified":"2025-08-15T07:30:47","modified_gmt":"2025-08-15T07:30:47","slug":"femeie-in-varsta-a-crezut-ca-fiica-ei-adoptiva-o-va-duce-la-azil","status":"publish","type":"post","link":"https:\/\/calatorinromania.com\/?p=41238","title":{"rendered":"Femeie \u00een v\u00e2rst\u0103 a crezut c\u0103 fiica ei adoptiv\u0103 o va duce la azil"},"content":{"rendered":"\n<p>Pe drum, lini\u0219tea dintre ele p\u0103rea s\u0103 apese mai greu dec\u00e2t greutatea anilor aduna\u021bi \u00een sufletul Margaretei. Sim\u021bea cum \u00eei bate inima mai repede, de parc\u0103 fiecare kilometru o ducea tot mai departe de ceea ce numise \u201eacas\u0103\u201d o via\u021b\u0103 \u00eentreag\u0103.<\/p>\n\n\n\n<p><\/p>\n\n\n\n<p>\u00ce\u0219i amintea cum, \u00een curtea casei, at\u00e2rna rufele pe s\u00e2rm\u0103 \u00een dimine\u021bile de var\u0103, cum mirosea iarba proasp\u0103t cosit\u0103, cum se adunau vecinii la poart\u0103 pentru o can\u0103 de vorb\u0103. Acolo, chiar \u0219i t\u0103cerea avea un sunet cunoscut.<\/p>\n\n\n\n<p><\/p>\n\n\n\n<p>Liza conducea f\u0103r\u0103 grab\u0103, dar cu un aer hot\u0103r\u00e2t. Margareta vedea cum buzele fiicei sale erau u\u0219or str\u00e2nse, semn c\u0103 \u0219i ea purta \u00een inim\u0103 o lupt\u0103 t\u0103cut\u0103.<\/p>\n\n\n\n<p><\/p>\n\n\n\n<p>\u2014 Liza\u2026 \u2014 rosti \u00eencet Margareta, ca \u0219i cum fiecare liter\u0103 \u00eei cerea putere. \u2014 Dac\u0103 e\u0219ti sigur\u0103 c\u0103 asta e cel mai bine, eu nu m\u0103 voi \u00eempotrivi.<\/p>\n\n\n\n<p><\/p>\n\n\n\n<p>Fiica sa \u00eei arunc\u0103 o privire rapid\u0103, plin\u0103 de o c\u0103ldur\u0103 care spunea mai mult dec\u00e2t orice cuv\u00e2nt.<br>\u2014 Mam\u0103, nu te duc la niciun azil.<\/p>\n\n\n\n<p><\/p>\n\n\n\n<p>Margareta clipi de mai multe ori, \u00eencerc\u00e2nd s\u0103 \u00een\u021beleag\u0103.<br>\u2014 Dar\u2026 valiza, pliantele\u2026<\/p>\n\n\n\n<p>\u2014 M-am g\u00e2ndit c\u0103 ai nevoie de mai mult\u0103 grij\u0103, da. Dar nu \u00eentr-un loc str\u0103in. Am g\u0103sit o cas\u0103 l\u00e2ng\u0103 noi, cu gr\u0103din\u0103, unde s\u0103 te po\u021bi muta. E a noastr\u0103. A ta.<\/p>\n\n\n\n<p>\u00cen acel moment, sim\u021bi cum un nod i se ridic\u0103 \u00een g\u00e2t. Imaginile cu str\u0103zile reci ale unui c\u0103min pentru b\u0103tr\u00e2ni disp\u0103rur\u0103 din mintea ei, \u00eenlocuite de g\u00e2ndul la o curte cu flori, poate chiar \u0219i cu un loc pentru un mic cote\u021b de g\u0103ini, a\u0219a cum avusese odat\u0103.<\/p>\n\n\n\n<p>\u2014 \u0218i\u2026 cine va sta cu mine? \u2014 \u00eentreb\u0103 cu glas tremurat.<\/p>\n\n\n\n<p>\u2014 Eu, \u00een fiecare zi. Iar seara, copiii vor veni la tine. Vrem s\u0103 fii aproape, mam\u0103, nu departe.<\/p>\n\n\n\n<p>C\u00e2nd au ajuns, \u00een fa\u021ba lor st\u0103tea o cas\u0103 alb\u0103, cu obloane albastre, \u00eenconjurat\u0103 de tufe de trandafiri \u00eenc\u0103 \u00eenflori\u021bi, de\u0219i toamna \u00ee\u0219i ar\u0103ta deja primele semne.<\/p>\n\n\n\n<p>Margareta cobor\u00ee din ma\u0219in\u0103 \u0219i sim\u021bi mirosul p\u0103m\u00e2ntului umed. O lacrim\u0103 i se prelinse pe obraz, nu de triste\u021be, ci de recuno\u0219tin\u021b\u0103. \u00cen acea clip\u0103, \u00ee\u0219i d\u0103du seama c\u0103 nu pierduse nimic, ci c\u00e2\u0219tigase ceva nepre\u021buit: certitudinea c\u0103 dragostea nu se m\u0103soar\u0103 \u00een ani, ci \u00een gesturi care schimb\u0103 destine.<\/p>\n\n\n\n<p>Intr\u00e2nd \u00een cas\u0103, v\u0103zu pe mas\u0103 un \u0219tergar \u021besut la r\u0103zboi, exact ca cele din tinere\u021bea ei, \u0219i un co\u0219 cu mere ro\u0219ii din livada unui vecin. \u0218tia c\u0103 era acas\u0103. Iar inima \u00eei \u0219optea c\u0103, indiferent c\u00e2t de fragili am fi, iubirea adev\u0103rat\u0103 ne poate r\u0103d\u0103cina din nou.<\/p>\n\n\n\n<p><em>Aceast\u0103 lucrare este inspirat\u0103 din evenimente \u0219i persoane reale, \u00eens\u0103 a fost fic\u021bionalizat\u0103 \u00een scopuri creative. Numele, personajele \u0219i detaliile au fost schimbate pentru a proteja intimitatea \u0219i pentru a \u00eembun\u0103t\u0103\u021bi nara\u021biunea. Orice asem\u0103nare cu persoane reale, \u00een via\u021b\u0103 sau decedate, sau cu evenimente reale este pur \u00eent\u00e2mpl\u0103toare \u0219i nu este inten\u021bionat\u0103 de c\u0103tre autor.<\/em><\/p>\n\n\n\n<p><em>Autorul \u0219i editorul nu \u00ee\u0219i asum\u0103 responsabilitatea pentru exactitatea evenimentelor sau pentru modul \u00een care sunt portretizate personajele \u0219i nu sunt r\u0103spunz\u0103tori pentru eventuale interpret\u0103ri gre\u0219ite. Aceast\u0103 poveste este oferit\u0103 \u201eca atare\u201d, iar orice opinii exprimate apar\u021bin personajelor \u0219i nu reflect\u0103 punctele de vedere ale autorului sau ale editorului.<\/em><\/p>\n\n\n\n<p><a href=\"https:\/\/www.pinterest.com\/pin\/create\/button\/?url=https%3A%2F%2Fbumzi.ro%2F%3Fp%3D4038&amp;description=Femeie+%C3%AEn+v%C3%A2rst%C4%83+a+crezut+c%C4%83+fiica+ei+adoptiv%C4%83+o+va+duce+la+azil\" target=\"_blank\" rel=\"noreferrer noopener\"><\/a><\/p>\n\n\n\n<p><a href=\"https:\/\/www.facebook.com\/sharer\/sharer.php?u=https%3A%2F%2Fbumzi.ro%2F%3Fp%3D4038\" target=\"_blank\" rel=\"noreferrer noopener\"><\/a><\/p>\n\n\n\n<p><a href=\"https:\/\/twitter.com\/intent\/tweet?url=https%3A%2F%2Fbumzi.ro%2F%3Fp%3D4038&amp;text=Femeie+%C3%AEn+v%C3%A2rst%C4%83+a+crezut+c%C4%83+fiica+ei+adoptiv%C4%83+o+va+duce+la+azil\" target=\"_blank\" rel=\"noreferrer noopener\"><\/a><a href=\"https:\/\/bumzi.ro\/?p=4035\"><\/a><\/p>\n","protected":false},"excerpt":{"rendered":"<p>Pe drum, lini\u0219tea dintre ele p\u0103rea s\u0103 apese mai greu dec\u00e2t greutatea anilor aduna\u021bi \u00een sufletul Margaretei. Sim\u021bea cum \u00eei bate inima mai repede, de<\/p>\n","protected":false},"author":1,"featured_media":40939,"comment_status":"closed","ping_status":"closed","sticky":false,"template":"","format":"standard","meta":[],"categories":[1],"tags":[],"_links":{"self":[{"href":"https:\/\/calatorinromania.com\/index.php?rest_route=\/wp\/v2\/posts\/41238"}],"collection":[{"href":"https:\/\/calatorinromania.com\/index.php?rest_route=\/wp\/v2\/posts"}],"about":[{"href":"https:\/\/calatorinromania.com\/index.php?rest_route=\/wp\/v2\/types\/post"}],"author":[{"embeddable":true,"href":"https:\/\/calatorinromania.com\/index.php?rest_route=\/wp\/v2\/users\/1"}],"replies":[{"embeddable":true,"href":"https:\/\/calatorinromania.com\/index.php?rest_route=%2Fwp%2Fv2%2Fcomments&post=41238"}],"version-history":[{"count":1,"href":"https:\/\/calatorinromania.com\/index.php?rest_route=\/wp\/v2\/posts\/41238\/revisions"}],"predecessor-version":[{"id":41239,"href":"https:\/\/calatorinromania.com\/index.php?rest_route=\/wp\/v2\/posts\/41238\/revisions\/41239"}],"wp:featuredmedia":[{"embeddable":true,"href":"https:\/\/calatorinromania.com\/index.php?rest_route=\/wp\/v2\/media\/40939"}],"wp:attachment":[{"href":"https:\/\/calatorinromania.com\/index.php?rest_route=%2Fwp%2Fv2%2Fmedia&parent=41238"}],"wp:term":[{"taxonomy":"category","embeddable":true,"href":"https:\/\/calatorinromania.com\/index.php?rest_route=%2Fwp%2Fv2%2Fcategories&post=41238"},{"taxonomy":"post_tag","embeddable":true,"href":"https:\/\/calatorinromania.com\/index.php?rest_route=%2Fwp%2Fv2%2Ftags&post=41238"}],"curies":[{"name":"wp","href":"https:\/\/api.w.org\/{rel}","templated":true}]}}