{"id":41232,"date":"2025-08-14T07:17:59","date_gmt":"2025-08-14T07:17:59","guid":{"rendered":"https:\/\/calatorinromania.com\/?p=41232"},"modified":"2025-08-14T07:18:00","modified_gmt":"2025-08-14T07:18:00","slug":"nu-am-nevoie-de-nepoti-de-la-o-fata-de-la-tara-un-tata-instarit-si-a-renegat-fiul-cand-a-aflat-ca-logodnica-lui-dintr-un-sat-asteapta-tripleti-continu-2","status":"publish","type":"post","link":"https:\/\/calatorinromania.com\/?p=41232","title":{"rendered":"\u201eNu am nevoie de nepo\u021bi de la o fat\u0103 de la \u021bar\u0103!\u201d \u2013 un tat\u0103 \u00eenst\u0103rit \u0219i-a renegat fiul c\u00e2nd a aflat c\u0103 logodnica lui, dintr-un sat, a\u0219teapt\u0103 triple\u021bi\u201d \u2013 continuarea"},"content":{"rendered":"\n<p>\u201eNu am nevoie de nepo\u021bi de la o fat\u0103 de la \u021bar\u0103!\u201d \u2014 un tat\u0103 \u00eenst\u0103rit \u0219i-a renegat fiul c\u00e2nd a aflat c\u0103 logodnica lui, dintr-un sat, a\u0219teapt\u0103 triple\u021bi. Dup\u0103 trei ani, s-a dus s\u0103-l ia \u00een r\u00e2s \u0219i a r\u0103mas f\u0103r\u0103 cuvinte\u2026<\/p>\n\n\n\n<p><\/p>\n\n\n\n<p>\u2014 E\u0219ti nebun, Radu? Ai 22 de ani \u0219i vorbe\u0219ti de nunt\u0103? \u2014 Nicolae Popescu mergea nervos prin camer\u0103, str\u00e2ng\u00e2ndu-\u0219i fruntea \u00eentre palme.<\/p>\n\n\n\n<p><\/p>\n\n\n\n<p>L\u00e2ng\u0103 perete, fiul s\u0103u Radu \u00eel privea calm. Tocmai \u00eei spusese tat\u0103lui c\u0103 vrea s\u0103 se c\u0103s\u0103toreasc\u0103, iar decizia lui era luat\u0103. Nici rug\u0103min\u021bile \u0219i nici ironiile nu aveau efect.<\/p>\n\n\n\n<p><\/p>\n\n\n\n<p>\u2014 Uit-o, e o fat\u0103 simpl\u0103, crescut\u0103 la \u021bar\u0103. O s\u0103-\u021bi g\u0103sim o mireas\u0103 \u201epotrivit\u0103\u201d, din lumea ta.<\/p>\n\n\n\n<p><\/p>\n\n\n\n<p>\u2014 \u0218i apoi, de ce s\u0103 te \u00eensori acum? Mai a\u0219teapt\u0103, p\u00e2n\u0103 la 30 m\u0103car. Abia ai terminat facultatea, trebuie s\u0103 te concentrezi pe carier\u0103.<\/p>\n\n\n\n<p><\/p>\n\n\n\n<p>\u2014 Tat\u0103, dar Andreea e \u00eens\u0103rcinat\u0103.<\/p>\n\n\n\n<p><\/p>\n\n\n\n<p>Nicolae s-a oprit brusc, \u00eentorc\u00e2ndu-se spre el. \u00cen fa\u021ba lui era \u00eenc\u0103 un b\u0103iat, sub\u021birel, cu fa\u021ba luminoas\u0103 \u0219i abia cu o umbr\u0103 de barb\u0103. \u0218i \u00eendr\u0103znea s\u0103 i se \u00eempotriveasc\u0103?<\/p>\n\n\n\n<p>\u2014 \u0218i ce dac\u0103? D\u0103-i ni\u0219te bani \u0219i s\u0103-\u0219i rezolve problema. Nici banii nu-s neap\u0103rat necesari. S\u0103 se descurce cum o \u0219ti.<\/p>\n\n\n\n<p>\u2014 Va avea triple\u021bi, tat\u0103. Trei copii dintr-o dat\u0103. Cum o s\u0103 se descurce singur\u0103, mai ales acolo, la \u021bar\u0103?<\/p>\n\n\n\n<p>Tonul lui Nicolae a crescut \u0219i pere\u021bii camerei parc\u0103 vibrau.<\/p>\n\n\n\n<p>\u2014 Asta nu e problema noastr\u0103. Eu nu vreau nepo\u021bi de la o \u021b\u0103ranc\u0103. Uit\u0103-te la tine: t\u00e2n\u0103r, inteligent, ai toat\u0103 via\u021ba \u00een fa\u021b\u0103. O s\u0103 ai sute ca ea. Se vor lipi singure de tine.<\/p>\n\n\n\n<p>Dar Radu nu l-a ascultat. A plecat la \u021bar\u0103, la Andreea.<\/p>\n\n\n\n<p>\u2014 Sunt curios cum mai tr\u0103ie\u0219te b\u0103iatul \u0103sta acum, \u2014 a r\u00e2s Nicolae peste c\u00e2\u021biva ani.<\/p>\n\n\n\n<p>\u2014 Probabil st\u0103 \u00eentr-o cocioab\u0103, rupt de lume, cu trei copii url\u00e2nd \u00een jurul lui. Andreea \u00eei cere bani, el nu are de unde. Diploma aia de finan\u021be nu-l ajut\u0103 cu nimic acolo. Poate cel mult s\u0103 taie lemne pentru vecini.<\/p>\n\n\n\n<p>\u2014 Cu siguran\u021b\u0103 a regretat. Viseaz\u0103 s\u0103 se \u00eentoarc\u0103 acas\u0103 \u0219i s\u0103 fie iar \u201eb\u0103iatul lui tata\u201d. E timpul s\u0103-l \u201esalvez\u201d \u0219i s\u0103-i ar\u0103t ce \u00eenseamn\u0103 via\u021ba adev\u0103rat\u0103. \u0218i, pe drum, s\u0103 r\u00e2d pu\u021bin de el.<\/p>\n\n\n\n<p>F\u0103r\u0103 s\u0103 anun\u021be nimic, Nicolae s-a urcat \u00een ma\u0219in\u0103 \u0219i a pornit spre satul aflat la nici o or\u0103 de Bucure\u0219ti. Drumul \u0219erpuia printre p\u0103duri de conifere.<\/p>\n\n\n\n<p>Pe m\u0103sur\u0103 ce \u00eenainta, sim\u021bea c\u0103 locurile \u00eei sunt familiare. Satul avea un nume care parc\u0103 \u00eel b\u00e2ntuia din copil\u0103rie, dar nu reu\u0219ea s\u0103-l lege de ceva concret. Poate fusese c\u00e2ndva \u00eentr-o excursie, poate doar i se p\u0103rea.<\/p>\n\n\n\n<p>Se g\u00e2ndea deja la triumful lui, la cum Radu avea s\u0103-l roage s\u0103-l ia \u00eenapoi. Se vedea victorios, sigur pe el. Dar c\u00e2nd a ajuns \u00een fa\u021ba casei\u2026 a r\u0103mas uimit de ceea ce a v\u0103zut.<\/p>\n\n\n\n<p>\u00cen fa\u021ba lui nu era o cocioab\u0103. Era o cas\u0103 frumoas\u0103, renovat\u0103 cu grij\u0103, cu pridvor din lemn sculptat, flori la ferestre \u0219i un mic panou pe care scria: \u201eCabinet de consultan\u021b\u0103 financiar\u0103 \u2013 Radu Popescu\u201d.<\/p>\n\n\n\n<p>\u00cen curte, trei copii blonzi alergau \u0219i r\u00e2deau, iar o femeie t\u00e2n\u0103r\u0103 \u0219i frumoas\u0103 ie\u0219ea din cas\u0103 cu un pahar de limonad\u0103. L-a v\u0103zut \u0219i a z\u00e2mbit:<\/p>\n\n\n\n<p>\u2014 Bun\u0103 ziua, domnule Popescu. V-a\u0219teptam.<\/p>\n\n\n\n<p>Nicolae a \u00eenghe\u021bat. Nu mai avea replic\u0103. Radu ie\u0219ise \u0219i el din cas\u0103, cu c\u0103ma\u0219a descheiat\u0103 la g\u00e2t \u0219i un aer relaxat.<\/p>\n\n\n\n<p>\u2014 Tat\u0103, bine ai venit. Hai, intr\u0103. Copiii te a\u0219teptau de mult. Andreea le-a povestit despre tine.<\/p>\n\n\n\n<p>\u2014 Ce\u2026 cum ai reu\u0219it toate astea?<\/p>\n\n\n\n<p>\u2014 Am muncit. Am investit. Am aplicat tot ce am \u00eenv\u0103\u021bat. Am fost s\u0103raci o vreme, dar uni\u021bi. \u0218i c\u00e2nd e\u0219ti iubit cu adev\u0103rat, nu sim\u021bi greul la fel.<\/p>\n\n\n\n<p>Nicolae \u0219i-a l\u0103sat capul \u00een jos.<\/p>\n\n\n\n<p>\u2014 Am gre\u0219it, Radu. N-am avut \u00eencredere \u00een tine. Dar m\u0103 bucur s\u0103 v\u0103d c\u0103 ai reu\u0219it. \u0218i c\u0103 n-ai nevoie de \u201esalvarea\u201d mea.<\/p>\n\n\n\n<p>Radu l-a b\u0103tut pe um\u0103r \u0219i i-a z\u00e2mbit.<\/p>\n\n\n\n<p>\u2014 Ba avem nevoie. Dar nu de bani. De un bunic adev\u0103rat.<\/p>\n\n\n\n<p>Copiii s-au n\u0103pustit spre el, strig\u00e2nd \u201ebunicuuu!\u201d, iar Nicolae a sim\u021bit cum ceva i se tope\u0219te \u00een inim\u0103. Era pentru prima oar\u0103, dup\u0103 mul\u021bi ani, c\u00e2nd se sim\u021bea cu adev\u0103rat acas\u0103.<\/p>\n\n\n\n<p>Dac\u0103 \u021bi-a pl\u0103cut povestea, nu uita s\u0103 o distribui cu prietenii t\u0103i! \u00cempreun\u0103 putem duce mai departe emo\u021bia \u0219i inspira\u021bia.<\/p>\n\n\n\n<p>\u201dAceast\u0103 poveste este inspirat\u0103 din evenimente \u0219i persoane reale, \u00eens\u0103 a fost fic\u021bionalizat\u0103 \u00een scopuri creative. Numele, personajele \u0219i detaliile au fost schimbate pentru a proteja intimitatea \u0219i pentru a \u00eembun\u0103t\u0103\u021bi nara\u021biunea. Orice asem\u0103nare cu persoane reale, sau cu evenimente reale este pur \u00eent\u00e2mpl\u0103toare \u0219i nu este inten\u021bionat\u0103 de c\u0103tre autor.<\/p>\n\n\n\n<p>Autorul \u0219i editorul nu \u00ee\u0219i asum\u0103 responsabilitatea pentru exactitatea evenimentelor sau pentru modul \u00een care sunt portretizate personajele \u0219i nu sunt r\u0103spunz\u0103tori pentru eventuale interpret\u0103ri gre\u0219ite. Aceast\u0103 poveste este oferit\u0103 \u201eca atare\u201d, iar orice opinii exprimate apar\u021bin personajelor \u0219i nu reflect\u0103 punctele de vedere ale autorului sau ale editorului.\u201d<\/p>\n","protected":false},"excerpt":{"rendered":"<p>\u201eNu am nevoie de nepo\u021bi de la o fat\u0103 de la \u021bar\u0103!\u201d \u2014 un tat\u0103 \u00eenst\u0103rit \u0219i-a renegat fiul c\u00e2nd a aflat c\u0103 logodnica lui,<\/p>\n","protected":false},"author":1,"featured_media":40939,"comment_status":"closed","ping_status":"closed","sticky":false,"template":"","format":"standard","meta":[],"categories":[1],"tags":[],"_links":{"self":[{"href":"https:\/\/calatorinromania.com\/index.php?rest_route=\/wp\/v2\/posts\/41232"}],"collection":[{"href":"https:\/\/calatorinromania.com\/index.php?rest_route=\/wp\/v2\/posts"}],"about":[{"href":"https:\/\/calatorinromania.com\/index.php?rest_route=\/wp\/v2\/types\/post"}],"author":[{"embeddable":true,"href":"https:\/\/calatorinromania.com\/index.php?rest_route=\/wp\/v2\/users\/1"}],"replies":[{"embeddable":true,"href":"https:\/\/calatorinromania.com\/index.php?rest_route=%2Fwp%2Fv2%2Fcomments&post=41232"}],"version-history":[{"count":1,"href":"https:\/\/calatorinromania.com\/index.php?rest_route=\/wp\/v2\/posts\/41232\/revisions"}],"predecessor-version":[{"id":41233,"href":"https:\/\/calatorinromania.com\/index.php?rest_route=\/wp\/v2\/posts\/41232\/revisions\/41233"}],"wp:featuredmedia":[{"embeddable":true,"href":"https:\/\/calatorinromania.com\/index.php?rest_route=\/wp\/v2\/media\/40939"}],"wp:attachment":[{"href":"https:\/\/calatorinromania.com\/index.php?rest_route=%2Fwp%2Fv2%2Fmedia&parent=41232"}],"wp:term":[{"taxonomy":"category","embeddable":true,"href":"https:\/\/calatorinromania.com\/index.php?rest_route=%2Fwp%2Fv2%2Fcategories&post=41232"},{"taxonomy":"post_tag","embeddable":true,"href":"https:\/\/calatorinromania.com\/index.php?rest_route=%2Fwp%2Fv2%2Ftags&post=41232"}],"curies":[{"name":"wp","href":"https:\/\/api.w.org\/{rel}","templated":true}]}}