{"id":41230,"date":"2025-08-14T07:14:10","date_gmt":"2025-08-14T07:14:10","guid":{"rendered":"https:\/\/calatorinromania.com\/?p=41230"},"modified":"2025-08-14T07:14:10","modified_gmt":"2025-08-14T07:14:10","slug":"colegii-bogati-au-batjocorit-o-pe-fiica-ingrijitorului-pana-cand-a-aparut-la-bal-cu-o-limuzina-si-i-a-lasat-fara-cuvinte-continuarea-2","status":"publish","type":"post","link":"https:\/\/calatorinromania.com\/?p=41230","title":{"rendered":"\u201dColegii boga\u021bi au batjocorit-o pe fiica \u00eengrijitorului \u2013 p\u00e2n\u0103 c\u00e2nd a ap\u0103rut la bal cu o limuzin\u0103 \u0219i i-a l\u0103sat f\u0103r\u0103 cuvinte\u201d \u2013 continuarea"},"content":{"rendered":"\n<p>Colegii boga\u021bi au batjocorit-o pe fiica \u00eengrijitorului \u2014 p\u00e2n\u0103 c\u00e2nd a ap\u0103rut la bal cu o limuzin\u0103 \u0219i i-a l\u0103sat f\u0103r\u0103 cuvinte. La Liceul Mihai Viteazul, privilegiile erau la ordinea zilei. Elevii purtau haine de firm\u0103 \u0219i discutau despre internshipuri pentru vacan\u021ba de var\u0103. Dar Gra\u021biela Tomescu era diferit\u0103.<\/p>\n\n\n\n<p><\/p>\n\n\n\n<p>Tat\u0103l ei, Ben, era \u00eengrijitorul \u0219colii \u2014 un om muncitor, modest \u0219i cu suflet mare. Gra\u021biela venea cu pachetul \u00eentr-o pung\u0103 refolosit\u0103, purta haine ajustate, primite de la rude, \u0219i pedala pe biciclet\u0103 \u00een fiecare diminea\u021b\u0103, al\u0103turi de tat\u0103l ei.<\/p>\n\n\n\n<p><\/p>\n\n\n\n<p>Pentru unii era invizibil\u0103. Pentru al\u021bii, o \u021bint\u0103 u\u0219oar\u0103.<\/p>\n\n\n\n<p><\/p>\n\n\n\n<p>\u2014 Gra\u021biela, a spus cu batjocur\u0103 C\u0103t\u0103lina Pop, privind un petic de pe m\u00e2neca hainei ei, a dat tat\u0103l t\u0103u cu mopul pe sacoul \u0103la?<\/p>\n\n\n\n<p><\/p>\n\n\n\n<p>Au urmat r\u00e2sete. Gra\u021biela a t\u0103cut, amintindu-\u0219i de vorbele tat\u0103lui s\u0103u: \u201eNu te lua la har\u021b\u0103 cu vorbele lor\u2026 las\u0103 faptele s\u0103 vorbeasc\u0103 \u00een locul t\u0103u.\u201d \u0218i totu\u0219i, o durea.<\/p>\n\n\n\n<p><\/p>\n\n\n\n<p>Seara \u00eenv\u0103\u021ba cu s\u00e2rg, vis\u00e2nd la o facultate \u0219i o via\u021b\u0103 mai bun\u0103 pentru tat\u0103l ei. Un vis \u00eens\u0103 \u00eel l\u0103sase \u00een urm\u0103: balul de absolvire. Doar biletul costa mai mult dec\u00e2t m\u00e2ncarea pe o s\u0103pt\u0103m\u00e2n\u0103.<\/p>\n\n\n\n<p>\u00centr-o sear\u0103, Ben a observat-o privind vis\u0103toare pe fereastr\u0103.<\/p>\n\n\n\n<p>\u2014 E\u0219ti cu g\u00e2ndul departe, i-a spus el.<\/p>\n\n\n\n<p>\u2014 Balul e peste dou\u0103 s\u0103pt\u0103m\u00e2ni, a murmurat ea.<\/p>\n\n\n\n<p>\u2014 \u021ai-ai dori s\u0103 mergi?<\/p>\n\n\n\n<p>\u2014 Adic\u0103\u2026 da. Dar e \u00een regul\u0103\u2026<\/p>\n\n\n\n<p>\u2014 Gr\u0103\u021bi, a zis el, pun\u00e2ndu-i m\u00e2na pe um\u0103r, doar pentru c\u0103 nu avem mult, nu \u00eenseamn\u0103 c\u0103 trebuie s\u0103 te mul\u021bume\u0219ti cu pu\u021bin. Las\u0103 \u201ecum\u201d \u00een grija mea.<\/p>\n\n\n\n<p>\u2014 Nu ne permitem, tati.<\/p>\n\n\n\n<p>\u2014 Las\u0103 asta pe seama mea.<\/p>\n\n\n\n<p>A doua zi, Ben s-a dus, discret, la doamna Benea, profesoara Gra\u021bielei.<\/p>\n\n\n\n<p>\u2014 Se g\u00e2nde\u0219te mult la bal\u2026 dar nu pot acoperi costurile. Nu de unul singur.<\/p>\n\n\n\n<p>\u2014 E o fat\u0103 extraordinar\u0103, a spus doamna Benea. L\u0103sa\u021bi asta \u00een grija noastr\u0103.<\/p>\n\n\n\n<p>Profesorii s-au mobilizat \u2014 nu din mil\u0103, ci din admira\u021bie. Gra\u021biela \u00eei meditase pe colegii mai mici, f\u0103cuse voluntariat \u0219i r\u0103m\u00e2nea deseori dup\u0103 ore ca s\u0103 ajute.<\/p>\n\n\n\n<p>\u2014 E bun\u0103 \u0219i de\u0219teapt\u0103, a spus bibliotecara. Genul de fat\u0103 pe care mi-a\u0219 dori-o ca fiic\u0103.<\/p>\n\n\n\n<p>Un plic con\u021binea 10.000 de lei \u0219i un bilet: \u201eTat\u0103l t\u0103u m-a ajutat c\u00e2nd mi s-a inundat beciul. Nu a vrut niciun ban. Aceasta era o datorie veche.\u201d<\/p>\n\n\n\n<p>Dona\u021biile au acoperit totul.<\/p>\n\n\n\n<p>\u2014 Mergi la bal, draga mea, i-a spus doamna Benea.<\/p>\n\n\n\n<p>Gra\u021biela a clipit uimit\u0103.<\/p>\n\n\n\n<p>\u2014 Dar\u2026 cum?<\/p>\n\n\n\n<p>\u2014 Ai mai mul\u021bi oameni de partea ta dec\u00e2t crezi.<\/p>\n\n\n\n<p>Au trimis-o la o mic\u0103 butic cu rochii, de\u021binut de doamna Albescu, o croitoreas\u0103 pensionar\u0103 care \u00ee\u0219i ajutase \u0219i propria fiic\u0103 c\u00e2ndva. Gra\u021biela a ie\u0219it din cabin\u0103 \u00eentr-o rochie verde-smarald, cu m\u00e2neci din dantel\u0103 \u0219i fust\u0103 fluid\u0103.<\/p>\n\n\n\n<p>\u2014 Ar\u0103\u021bi ca o prin\u021bes\u0103, i-a \u0219optit doamna Albescu.<\/p>\n\n\n\n<p>Gra\u021biela s-a \u00eentors spre oglind\u0103 \u0219i a r\u0103mas f\u0103r\u0103 suflare. Pentru prima dat\u0103, s-a v\u0103zut ca o fat\u0103 care merita s\u0103 fie acolo.<\/p>\n\n\n\n<p>\u00cen ziua balului, Ben s-a trezit devreme, \u0219i-a c\u0103lcat c\u0103ma\u0219a \u0219i \u0219i-a lustruit pantofii. Voia s\u0103 o conduc\u0103 p\u00e2n\u0103 la limuzina pe care profesorii o \u00eenchiriaser\u0103 \u00een secret.<\/p>\n\n\n\n<p>\u00cen fa\u021ba liceului, elevii se adunaser\u0103 \u00een grupuri, coment\u00e2nd rochiile, ma\u0219inile \u0219i cine cu cine venise. C\u00e2nd limuzina alb\u0103 a oprit \u00een fa\u021ba treptelor, s-a l\u0103sat o lini\u0219te nea\u0219teptat\u0103. Portiera s-a deschis lent, iar din interior a cobor\u00e2t Gra\u021biela.<\/p>\n\n\n\n<p>Rochia \u00eei flutura u\u0219or, iar z\u00e2mbetul cald o transforma complet. C\u0103t\u0103lina Pop, care o ridiculizase, a r\u0103mas cu gura c\u0103scat\u0103.<\/p>\n\n\n\n<p>\u2014 E\u2026 aceea Gra\u021biela? a \u00eentrebat cineva.<\/p>\n\n\n\n<p>Ben a privit din dep\u0103rtare, cu ochii \u00eenl\u0103crima\u021bi, dar plin de m\u00e2ndrie.<\/p>\n\n\n\n<p>Toat\u0103 seara, Gra\u021biela a dansat, a r\u00e2s \u0219i a fost \u00eenconjurat\u0103 de colegi care, pentru prima dat\u0103, o vedeau cu adev\u0103rat. La finalul balului, a fost anun\u021bat\u0103 c\u00e2\u0219tig\u0103toarea titlului de \u201eRevela\u021bia anului\u201d \u2014 un premiu ales de profesori pentru elevii care au demonstrat curaj, bun\u0103tate \u0219i determinare.<\/p>\n\n\n\n<p>Dup\u0103 bal, a fost acceptat\u0103 cu burs\u0103 complet\u0103 la Facultatea de Litere din Cluj-Napoca. Iar \u00eentr-o zi, \u00eentr-o sal\u0103 de clas\u0103 micu\u021b\u0103 dintr-un liceu din jude\u021bul Bistri\u021ba, Gra\u021biela Tomescu avea s\u0103 le spun\u0103 elevilor s\u0103i:<\/p>\n\n\n\n<p>\u2014 Niciodat\u0103 s\u0103 nu v\u0103 ru\u0219ina\u021bi de cine sunte\u021bi. Demnitatea \u0219i bun\u0103tatea valoreaz\u0103 mai mult dec\u00e2t orice etichet\u0103.<\/p>\n\n\n\n<p>Iar pe catedra ei, \u00eentr-o ram\u0103 simpl\u0103, st\u0103tea o fotografie cu ea \u0219i tat\u0103l s\u0103u, \u00een acea sear\u0103 de bal. O sear\u0103 care le schimbase destinul.<\/p>\n\n\n\n<p>Dac\u0103 \u021bi-a pl\u0103cut povestea, nu uita s\u0103 o distribui cu prietenii t\u0103i! \u00cempreun\u0103 putem duce mai departe emo\u021bia \u0219i inspira\u021bia.<\/p>\n\n\n\n<p>\u201dAceast\u0103 poveste este inspirat\u0103 din evenimente \u0219i persoane reale, \u00eens\u0103 a fost fic\u021bionalizat\u0103 \u00een scopuri creative. Numele, personajele \u0219i detaliile au fost schimbate pentru a proteja intimitatea \u0219i pentru a \u00eembun\u0103t\u0103\u021bi nara\u021biunea. Orice asem\u0103nare cu persoane reale, sau cu evenimente reale este pur \u00eent\u00e2mpl\u0103toare \u0219i nu este inten\u021bionat\u0103 de c\u0103tre autor.<\/p>\n\n\n\n<p>Autorul \u0219i editorul nu \u00ee\u0219i asum\u0103 responsabilitatea pentru exactitatea evenimentelor sau pentru modul \u00een care sunt portretizate personajele \u0219i nu sunt r\u0103spunz\u0103tori pentru eventuale interpret\u0103ri gre\u0219ite. Aceast\u0103 poveste este oferit\u0103 \u201eca atare\u201d, iar orice opinii exprimate apar\u021bin personajelor \u0219i nu reflect\u0103 punctele de vedere ale autorului sau ale editorului.\u201d<\/p>\n","protected":false},"excerpt":{"rendered":"<p>Colegii boga\u021bi au batjocorit-o pe fiica \u00eengrijitorului \u2014 p\u00e2n\u0103 c\u00e2nd a ap\u0103rut la bal cu o limuzin\u0103 \u0219i i-a l\u0103sat f\u0103r\u0103 cuvinte. La Liceul Mihai<\/p>\n","protected":false},"author":1,"featured_media":40932,"comment_status":"closed","ping_status":"closed","sticky":false,"template":"","format":"standard","meta":[],"categories":[1],"tags":[],"_links":{"self":[{"href":"https:\/\/calatorinromania.com\/index.php?rest_route=\/wp\/v2\/posts\/41230"}],"collection":[{"href":"https:\/\/calatorinromania.com\/index.php?rest_route=\/wp\/v2\/posts"}],"about":[{"href":"https:\/\/calatorinromania.com\/index.php?rest_route=\/wp\/v2\/types\/post"}],"author":[{"embeddable":true,"href":"https:\/\/calatorinromania.com\/index.php?rest_route=\/wp\/v2\/users\/1"}],"replies":[{"embeddable":true,"href":"https:\/\/calatorinromania.com\/index.php?rest_route=%2Fwp%2Fv2%2Fcomments&post=41230"}],"version-history":[{"count":1,"href":"https:\/\/calatorinromania.com\/index.php?rest_route=\/wp\/v2\/posts\/41230\/revisions"}],"predecessor-version":[{"id":41231,"href":"https:\/\/calatorinromania.com\/index.php?rest_route=\/wp\/v2\/posts\/41230\/revisions\/41231"}],"wp:featuredmedia":[{"embeddable":true,"href":"https:\/\/calatorinromania.com\/index.php?rest_route=\/wp\/v2\/media\/40932"}],"wp:attachment":[{"href":"https:\/\/calatorinromania.com\/index.php?rest_route=%2Fwp%2Fv2%2Fmedia&parent=41230"}],"wp:term":[{"taxonomy":"category","embeddable":true,"href":"https:\/\/calatorinromania.com\/index.php?rest_route=%2Fwp%2Fv2%2Fcategories&post=41230"},{"taxonomy":"post_tag","embeddable":true,"href":"https:\/\/calatorinromania.com\/index.php?rest_route=%2Fwp%2Fv2%2Ftags&post=41230"}],"curies":[{"name":"wp","href":"https:\/\/api.w.org\/{rel}","templated":true}]}}