{"id":41228,"date":"2025-08-14T07:11:36","date_gmt":"2025-08-14T07:11:36","guid":{"rendered":"https:\/\/calatorinromania.com\/?p=41228"},"modified":"2025-08-14T07:11:37","modified_gmt":"2025-08-14T07:11:37","slug":"fiica-mea-de-4-ani","status":"publish","type":"post","link":"https:\/\/calatorinromania.com\/?p=41228","title":{"rendered":"Fiica mea de 4 ani"},"content":{"rendered":"\n<p>Fiica mea de 4 ani: \u201eMami, o s\u0103 pl\u00e2ngi c\u00e2nd merg la plaj\u0103 cu tati \u0219i cu cealalt\u0103 mam\u0103 a mea?\u201d<\/p>\n\n\n\n<p><\/p>\n\n\n\n<p>Eu: \u201eCe\u2026 cum ai spus?\u201d<\/p>\n\n\n\n<p><\/p>\n\n\n\n<p>Fiica: \u201eCealalt\u0103 mam\u0103 a mea. Mama Lizzie spune c\u0103 tu e\u0219ti mama cea rea \u0219i ea e cea bun\u0103. \u0218i \u00een cur\u00e2nd o s\u0103 mergem la plaj\u0103.\u201d<\/p>\n\n\n\n<p><\/p>\n\n\n\n<p>Eu (for\u021b\u00e2nd un z\u00e2mbet): \u201eCine e mama Lizzie, scumpo?\u201d<\/p>\n\n\n\n<p><\/p>\n\n\n\n<p>Fiica: \u201eEa locuie\u0219te \u00een casa noastr\u0103. O \u0219tii, mami. Nu te preface!\u201d<\/p>\n\n\n\n<p><\/p>\n\n\n\n<p>Eu: \u201eVrei s\u0103 mergem la bunica, draga mea? \u00cel sun pe tati \u0219i \u00eei spun c\u0103 vom r\u0103m\u00e2ne acolo peste noapte.\u201d<\/p>\n\n\n\n<p><\/p>\n\n\n\n<p>O or\u0103 mai t\u00e2rziu, am deschis pe telefon imaginile de pe camera de supraveghere ascuns\u0103 pe raftul cu c\u0103r\u021bi \u0219i l-am v\u0103zut pe so\u021bul meu \u00eempreun\u0103 cu\u2026<\/p>\n\n\n\n<p><\/p>\n\n\n\n<p>Nu a trebuit s\u0103 v\u0103d mai mult. M-a lovit ca o mie de c\u0103r\u0103mizi pr\u0103v\u0103lite direct pe piept.<\/p>\n\n\n\n<p><\/p>\n\n\n\n<p>Erau acolo. Adam \u0219i Lizzie. Femeia despre care tocmai \u00eemi vorbise fiica mea. Femeia care, se pare, locuise cu noi, \u00eemp\u0103r\u021bind patul so\u021bului meu, probabil de luni \u00eentregi. Nici m\u0103car nu m\u0103 puteam concentra pe detalii \u2014 pe felul \u00een care r\u00e2deau sau se jucau cu Mia pe podea. Imaginea lor era o pat\u0103 tulbure, o lovitur\u0103 \u00een stomac care m-a l\u0103sat f\u0103r\u0103 aer.<\/p>\n\n\n\n<p><\/p>\n\n\n\n<p>Am sc\u0103pat telefonul din m\u00e2n\u0103, \u00eengrozit\u0103, \u0219i am r\u0103mas cu privirea pierdut\u0103 spre tavan, sim\u021bind c\u0103 totul se \u00eenv\u00e2rte \u00een jurul meu. Nu putea fi adev\u0103rat. Adam, so\u021bul meu de \u0219ase ani, b\u0103rbatul pe care credeam c\u0103 \u00eel cunosc at\u00e2t de bine, iubea pe altcineva. \u0218i nu doar pe altcineva \u2014 ci pe cineva la care nu m-a\u0219 fi g\u00e2ndit niciodat\u0103. Lizzie, a\u0219a-zisa mea \u201eprieten\u0103\u201d, m\u0103 min\u021bise tot timpul.<\/p>\n\n\n\n<p><\/p>\n\n\n\n<p>Am \u00eencercat s\u0103-mi lini\u0219tesc respira\u021bia, s\u0103-mi spun c\u0103 poate e o gre\u0219eal\u0103, c\u0103 poate exagerez. Dar, \u00een ad\u00e2ncul sufletului, \u0219tiam c\u0103 era real. Inima mea o sim\u021bise \u00eenainte ca mintea s\u0103 realizeze.<\/p>\n\n\n\n<p><\/p>\n\n\n\n<p>Nu avea sens. Eu \u0219i Adam fuseser\u0103m ferici\u021bi, sau cel pu\u021bin a\u0219a credeam. Avuseser\u0103m probleme, dar cine nu are? C\u0103snicia nu e u\u0219oar\u0103, iar eu eram dispus\u0103 s\u0103 lupt pentru ea. \u00cei fusesem al\u0103turi mereu, \u00eei sprijinisem cariera, avusesem grij\u0103 de Mia c\u00e2t timp el lucra ore \u00eentregi, m\u0103 asigurasem c\u0103 avem o cas\u0103 cald\u0103 \u0219i iubitoare.<\/p>\n\n\n\n<p><\/p>\n\n\n\n<p>Acum, st\u00e2nd \u00een sufrageria mea, m\u0103 sim\u021beam o proast\u0103. Nici nu m\u0103 puteam uita la Mia. Cum a\u0219 fi putut s\u0103-i explic? C\u0103 tat\u0103l ei \u2014 protectorul ei \u2014 tr\u0103da tot ceea ce ea credea? Ce fel de mam\u0103 m\u0103 f\u0103cea asta? Lacrimile \u00eemi curgeau fierbin\u021bi \u0219i necontenit.<\/p>\n\n\n\n<p><\/p>\n\n\n\n<p>M-am g\u00e2ndit s\u0103-l sun pe Adam imediat \u0219i s\u0103-l confrunt. Dar la ce bun? Ce i-a\u0219 fi spus? \u201e\u0218tiu ce ai f\u0103cut pe la spatele meu\u201d? \u0218tiam c\u0103, dac\u0103 a\u0219 fi vorbit atunci, ar fi fost un amestec de furie, durere \u0219i ne\u00eencredere. Nu mai era vorba doar despre mine. Era vorba despre familia noastr\u0103. Despre fiica noastr\u0103. Cum ar fi \u00een\u021beles Mia?<\/p>\n\n\n\n<p>A\u0219a c\u0103, \u00een loc s\u0103 reac\u021bionez pe loc, am f\u0103cut un bagaj mic, am luat-o pe Mia \u0219i am plecat la mama. Nu i-am spus lui Adam unde merg. Pur \u0219i simplu am plecat.<\/p>\n\n\n\n<p>C\u00e2nd am ajuns, casa era rece \u0219i t\u0103cut\u0103, iar Mia m\u0103 privea cu ochi mari, plini de confuzie. M\u0103 v\u0103zuse sup\u0103rat\u0103, dar nu \u00een\u021belegea de ce. Era doar un copil. Totu\u0219i, sim\u021bea c\u0103 ceva s-a schimbat.<\/p>\n\n\n\n<p>\u201eMami, de ce suntem aici? C\u00e2nd mergem acas\u0103?\u201d m-a \u00eentrebat, str\u00e2ng\u00e2nd la piept iepura\u0219ul de plu\u0219.<\/p>\n\n\n\n<p>I-am m\u00e2ng\u00e2iat p\u0103rul \u0219i am \u00eencercat s\u0103 z\u00e2mbesc. \u201eVom sta pu\u021bin aici, scumpo. S\u0103 o vizit\u0103m pe bunica.\u201d<\/p>\n\n\n\n<p>Dar adev\u0103rul era c\u0103 nu \u0219tiam c\u00e2nd \u2014 sau dac\u0103 \u2014 vom mai merge acas\u0103.<\/p>\n\n\n\n<p>Zilele urm\u0103toare au fost o cea\u021b\u0103. Am stat mai mult la mama, \u021bin\u00e2nd-o pe Mia ocupat\u0103 cu puzzle-uri \u0219i gust\u0103ri, \u00een timp ce \u00eencercam s\u0103 \u00een\u021beleg ce se \u00eent\u00e2mplase. De fiecare dat\u0103 c\u00e2nd \u00eenchideam ochii, \u00eemi revenea imaginea lui Adam cu Lizzie, r\u00e2setele lor fiind o amintire crud\u0103 a tot ce pierdusem.<\/p>\n\n\n\n<p>Adam a sunat, desigur. La \u00eenceput, a fost doar un mesaj: \u201eTrebuie s\u0103 vorbim.\u201d Apoi au urmat altele: \u201eMia \u00eentreab\u0103 de tine.\u201d \u00cen cele din urm\u0103, m-a sunat direct. Nu am r\u0103spuns.<\/p>\n\n\n\n<p>Nu eram preg\u0103tit\u0103 s\u0103 vorbesc cu el. Ce i-a\u0219 fi spus? \u201eTe-am v\u0103zut cu ea. Te-am v\u0103zut c\u00e2t erai de fericit. De ce nu mi-ai spus direct?\u201d Cum a\u0219 fi putut pune asta \u00een cuvinte?<\/p>\n\n\n\n<p>Dar \u0219tiam c\u0103 momentul va veni. Nu puteam s\u0103 fug la nesf\u00e2r\u0219it.<\/p>\n\n\n\n<p>Dup\u0103 patru zile, am luat decizia. L-am sunat \u0219i i-am spus s\u0103 ne \u00eent\u00e2lnim \u00een parcul de l\u00e2ng\u0103 casa mamei.<\/p>\n\n\n\n<p>Am ajuns mai devreme \u0219i am a\u0219teptat, plimb\u00e2ndu-m\u0103 pe l\u00e2ng\u0103 leag\u0103ne. C\u00e2nd Adam a venit, i-am citit vinov\u0103\u021bia pe chip. \u0218i frica.<\/p>\n\n\n\n<p>Am r\u0103mas \u00een t\u0103cere o vreme, apoi el a spus: \u201e\u00cemi pare r\u0103u.\u201d<\/p>\n\n\n\n<p>\u201e\u00ce\u021bi pare r\u0103u?\u201d am repetat, vocea ridic\u00e2ndu-mi-se f\u0103r\u0103 s\u0103 vreau. \u201e\u00ce\u021bi pare r\u0103u pentru ce? Pentru c\u0103 m-ai tr\u0103dat? Pentru c\u0103 ai l\u0103sat-o pe femeia asta s\u0103 se mute la noi crez\u00e2nd c\u0103 nu voi afla? Sau pentru c\u0103 te-am prins?\u201d<\/p>\n\n\n\n<p>A \u00eencercat s\u0103 explice: \u201eNu am vrut s\u0103 se \u00eent\u00e2mple asta. Eu \u0219i Lizzie\u2014\u201d<\/p>\n\n\n\n<p>\u201eNu!\u201d l-am oprit. \u201eNu m\u0103 intereseaz\u0103 detaliile. M\u0103 intereseaz\u0103 c\u0103 m-ai min\u021bit. \u00cen fiecare zi. \u0218i m-ai l\u0103sat s\u0103 \u00eemi cresc copilul \u00eentr-o cas\u0103 \u00een care ascundeai asta.\u201d<\/p>\n\n\n\n<p>\u201eNu am vrut s\u0103 te r\u0103nesc\u2026 s\u0103 te pierd.\u201d<\/p>\n\n\n\n<p>\u201eAtunci de ce nu ai vorbit cu mine, Adam? De ce nu ai spus adev\u0103rul?\u201d<\/p>\n\n\n\n<p>\u201eMi-a fost fric\u0103\u2026 Nu credeam c\u0103 vei \u00een\u021belege. Nu credeam c\u0103 m\u0103 vei ierta.\u201d<\/p>\n\n\n\n<p>\u201eIerta? Pentru ce? Pentru c\u0103 ai distrus familia noastr\u0103? Pentru c\u0103 mi-ai fr\u00e2nt inima? Crezi c\u0103 pot s\u0103 iert asta?\u201d<\/p>\n\n\n\n<p>Nu a mai spus nimic.<\/p>\n\n\n\n<p>Mi-am \u00eenghi\u021bit lacrimile \u0219i i-am spus: \u201eTrebuie s\u0103 pleci. Du-te la ea. Ai f\u0103cut alegerea. Nu te mai vreau aici.\u201d<\/p>\n\n\n\n<p>A dat din cap, ca \u0219i cum se a\u0219teptase la asta, \u0219i a plecat.<\/p>\n\n\n\n<p>Au urmat s\u0103pt\u0103m\u00e2ni \u00een care am \u00eencercat s\u0103 reconstruiesc ce se putea. Adam s-a mutat, Lizzie a disp\u0103rut. Mia s-a adaptat, dar \u00eei sim\u021beam lipsa pe care o resim\u021bea. I-am spus adev\u0103rul c\u00e2t de bl\u00e2nd am putut: \u201eTati nu se \u00eentoarce deocamdat\u0103. E cu altcineva.\u201d<\/p>\n\n\n\n<p>Lunile au trecut, iar via\u021ba a \u00eenceput s\u0103 se a\u0219eze. Rela\u021bia cu Adam a r\u0103mas civilizat\u0103, doar pentru Mia. \u00cencredere nu mai era. A trebuit s\u0103 \u00eenv\u0103\u021b s\u0103 tr\u0103iesc f\u0103r\u0103 el. \u0218i am reu\u0219it.<\/p>\n\n\n\n<p>Cea mai grea parte a fost iertarea. Nu \u0219tiu dac\u0103 am reu\u0219it cu adev\u0103rat, dar am \u0219tiut c\u0103 trebuie s\u0103 las furia s\u0103 plece. Pentru mine. Pentru Mia.<\/p>\n\n\n\n<p>Am \u00een\u021beles, \u00een cele din urm\u0103, ceva important: oamenii gre\u0219esc. Chiar \u0219i cei pe care \u00eei iubim. \u0218i uneori, nu putem alege drumul pe care suntem, dar putem alege cum mergem mai departe.<\/p>\n\n\n\n<p>Via\u021ba nu era perfect\u0103. Dar era a mea. \u0218i merita s\u0103 lupt pentru ea.<\/p>\n\n\n\n<p><em>Aceast\u0103 lucrare este inspirat\u0103 din evenimente \u0219i persoane reale, \u00eens\u0103 a fost fic\u021bionalizat\u0103 \u00een scopuri creative. Numele, personajele \u0219i detaliile au fost schimbate pentru a proteja intimitatea \u0219i pentru a \u00eembun\u0103t\u0103\u021bi nara\u021biunea. Orice asem\u0103nare cu persoane reale, \u00een via\u021b\u0103 sau decedate, sau cu evenimente reale este pur \u00eent\u00e2mpl\u0103toare \u0219i nu este inten\u021bionat\u0103 de c\u0103tre autor.<\/em><\/p>\n\n\n\n<p><em>Autorul \u0219i editorul nu \u00ee\u0219i asum\u0103 responsabilitatea pentru exactitatea evenimentelor sau pentru modul \u00een care sunt portretizate personajele \u0219i nu sunt r\u0103spunz\u0103tori pentru eventuale interpret\u0103ri gre\u0219ite. Aceast\u0103 poveste este oferit\u0103 \u201eca atare\u201d, iar orice opinii exprimate apar\u021bin personajelor \u0219i nu reflect\u0103 punctele de vedere ale autorului sau ale editorului.<\/em><\/p>\n","protected":false},"excerpt":{"rendered":"<p>Fiica mea de 4 ani: \u201eMami, o s\u0103 pl\u00e2ngi c\u00e2nd merg la plaj\u0103 cu tati \u0219i cu cealalt\u0103 mam\u0103 a mea?\u201d Eu: \u201eCe\u2026 cum ai<\/p>\n","protected":false},"author":1,"featured_media":40932,"comment_status":"closed","ping_status":"closed","sticky":false,"template":"","format":"standard","meta":[],"categories":[1],"tags":[],"_links":{"self":[{"href":"https:\/\/calatorinromania.com\/index.php?rest_route=\/wp\/v2\/posts\/41228"}],"collection":[{"href":"https:\/\/calatorinromania.com\/index.php?rest_route=\/wp\/v2\/posts"}],"about":[{"href":"https:\/\/calatorinromania.com\/index.php?rest_route=\/wp\/v2\/types\/post"}],"author":[{"embeddable":true,"href":"https:\/\/calatorinromania.com\/index.php?rest_route=\/wp\/v2\/users\/1"}],"replies":[{"embeddable":true,"href":"https:\/\/calatorinromania.com\/index.php?rest_route=%2Fwp%2Fv2%2Fcomments&post=41228"}],"version-history":[{"count":1,"href":"https:\/\/calatorinromania.com\/index.php?rest_route=\/wp\/v2\/posts\/41228\/revisions"}],"predecessor-version":[{"id":41229,"href":"https:\/\/calatorinromania.com\/index.php?rest_route=\/wp\/v2\/posts\/41228\/revisions\/41229"}],"wp:featuredmedia":[{"embeddable":true,"href":"https:\/\/calatorinromania.com\/index.php?rest_route=\/wp\/v2\/media\/40932"}],"wp:attachment":[{"href":"https:\/\/calatorinromania.com\/index.php?rest_route=%2Fwp%2Fv2%2Fmedia&parent=41228"}],"wp:term":[{"taxonomy":"category","embeddable":true,"href":"https:\/\/calatorinromania.com\/index.php?rest_route=%2Fwp%2Fv2%2Fcategories&post=41228"},{"taxonomy":"post_tag","embeddable":true,"href":"https:\/\/calatorinromania.com\/index.php?rest_route=%2Fwp%2Fv2%2Ftags&post=41228"}],"curies":[{"name":"wp","href":"https:\/\/api.w.org\/{rel}","templated":true}]}}