{"id":41216,"date":"2025-08-12T11:12:21","date_gmt":"2025-08-12T11:12:21","guid":{"rendered":"https:\/\/calatorinromania.com\/?p=41216"},"modified":"2025-08-25T09:37:06","modified_gmt":"2025-08-25T09:37:06","slug":"o-fetita-de-doisprezece-ani-a-intrat-timid-tinand-strans-in-brate-un-bebelus-invelit-intr-o-patura-veche-continuarea-2","status":"publish","type":"post","link":"https:\/\/calatorinromania.com\/?p=41216","title":{"rendered":"\u201dO feti\u021b\u0103 de doisprezece ani a intrat timid, \u021bin\u00e2nd str\u00e2ns \u00een bra\u021be un bebelu\u0219 \u00eenvelit \u00eentr-o p\u0103tur\u0103 veche\u201d \u2013 continuarea"},"content":{"rendered":"\n<p><\/p>\n\n\n\n<p>\u00centr-o dup\u0103-amiaz\u0103 obi\u0219nuit\u0103, la un spital din Valea Speran\u021bei, u\u0219a sec\u021biei de primiri urgen\u021be s-a deschis \u00eencet. O feti\u021b\u0103 de doisprezece ani a intrat timid, \u021bin\u00e2nd str\u00e2ns \u00een bra\u021be un bebelu\u0219 \u00eenvelit \u00eentr-o p\u0103tur\u0103 veche. Chipul ei era marcat de o combina\u021bie tulbur\u0103toare de team\u0103 \u0219i hot\u0103r\u00e2re.<\/p>\n\n\n\n<p><\/p>\n\n\n\n<p>O asistent\u0103 s-a apropiat imediat:<\/p>\n\n\n\n<p><br>\u2014 Ce s-a \u00eent\u00e2mplat? Cine e\u0219ti? Unde sunt p\u0103rin\u021bii copilului?<\/p>\n\n\n\n<p><\/p>\n\n\n\n<p>Fata a r\u0103spuns cu voce tremurat\u0103, dar clar\u0103:<\/p>\n\n\n\n<p><br>\u2014 V\u0103 rog, ajuta\u021bi-l! Are febr\u0103 mare \u0219i nu mai respir\u0103 bine. Nu \u0219tiam unde altundeva s\u0103 merg.<\/p>\n\n\n\n<p><\/p>\n\n\n\n<p>Copilul a fost preluat imediat de medici \u0219i dus \u00een camera de monitorizare. Fata a r\u0103mas nemi\u0219cat\u0103 \u00een hol, privind \u00een gol, cu ochii umezi \u0219i obrajii palizi.<\/p>\n\n\n\n<p><\/p>\n\n\n\n<p>La scurt timp, \u00een jurul ei s-au adunat mai multe persoane: un medic, o asistent\u0103-\u0219ef\u0103, un agent de poli\u021bie \u0219i un paznic. \u00centreb\u0103rile au \u00eenceput s\u0103 curg\u0103:<\/p>\n\n\n\n<p><br>\u2014 E\u0219ti mama copilului?<\/p>\n\n\n\n<p>\u2014 Nu, e fratele meu \u2014 a spus ea, privindu-i drept \u00een ochi. \u2014 L-am g\u0103sit asear\u0103 l\u00e2ng\u0103 scara blocului. Pl\u00e2ngea \u0219i era \u00eenfrigurat. Nu am cu ce s\u0103-l ajut acas\u0103. Am venit aici pentru c\u0103 doar aici ar putea fi salvat.<\/p>\n\n\n\n<p>O lini\u0219te grea s-a a\u0219ternut \u00een jur. Privirile celor prezen\u021bi s-au \u00eencruci\u0219at, iar cuvintele p\u0103reau c\u0103 nu-\u0219i mai g\u0103sesc locul. Poli\u021bistul \u0219i-a cobor\u00e2t tonul, iar asistentele au r\u0103mas nemi\u0219cate.<\/p>\n\n\n\n<p>\u2014 Dar p\u0103rin\u021bii vo\u0219tri? \u2014 a \u00eentrebat cineva cu bl\u00e2nde\u021be.<\/p>\n\n\n\n<p>\u2014 Mama\u2026 nu mai e ea. Bea aproape \u00een fiecare zi. Iar tata ne-a p\u0103r\u0103sit de ani de zile. Eu am r\u0103mas s\u0103 am grij\u0103 de tot. Dar noaptea\u2026 noaptea nu mai reu\u0219esc.<\/p>\n\n\n\n<p>Medicul care \u00eel preluase pe copil a revenit:<br>\u2014 Are febr\u0103 ridicat\u0103, dar r\u0103spunde bine la tratament. Are \u0219anse.<\/p>\n\n\n\n<p>Abia atunci, fata s-a pr\u0103bu\u0219it \u00een lacrimi. Lacrimi adunate din neputin\u021b\u0103, fric\u0103 \u0219i oboseal\u0103. Lacrimi de copil cu suflet de adult.<\/p>\n\n\n\n<p>\u2014 Pot s\u0103 stau l\u00e2ng\u0103 el p\u00e2n\u0103 adoarme? \u2014 a \u00eentrebat \u00een \u0219oapt\u0103.<\/p>\n\n\n\n<p>Au l\u0103sat-o s\u0103 intre. S-a apropiat de p\u0103tu\u021b, i-a luat m\u00e2nu\u021ba \u00een palm\u0103 \u0219i a murmurat:<br>\u2014 Sunt aici, puiule. N-o s\u0103 te las singur. Niciodat\u0103.<\/p>\n\n\n\n<p>\u00cen spatele u\u0219ii, autorit\u0103\u021bile discutau:<br>\u2014 Mama cunoscut\u0103 pentru probleme cu alcoolul, tat\u0103l inexistent. Copilul ar fi fost \u00een pericol dac\u0103 nu intervenea ea.<br>\u2014 A procedat cu o maturitate care ne dep\u0103\u0219e\u0219te. Nu putem s\u0103-i desp\u0103r\u021bim.<\/p>\n\n\n\n<p>C\u00e2teva ore mai t\u00e2rziu, fata a fost chemat\u0103 \u00eentr-un birou. Un reprezentant al protec\u021biei copilului i-a spus:<\/p>\n\n\n\n<p>\u2014 Putem avea grij\u0103 de voi. Nu ve\u021bi fi desp\u0103r\u021bi\u021bi. Vom g\u0103si un loc unde pute\u021bi fi \u00een siguran\u021b\u0103, \u00eempreun\u0103.<\/p>\n\n\n\n<p>Feti\u021ba a dat din cap, \u00een t\u0103cere. Pentru prima dat\u0103, responsabilitatea nu mai era doar pe umerii ei.<\/p>\n\n\n\n<p>A\u0219a a devenit spitalul din Valea Speran\u021bei un loc unde durerea a \u00eenceput s\u0103 se vindece \u2014 cu r\u0103bdare, cu \u00eengrijire \u0219i cu dragostea unei surori care a f\u0103cut tot ce a putut pentru fratele ei.<\/p>\n\n\n\n<p>Au trecut c\u00e2teva s\u0103pt\u0103m\u00e2ni. Feti\u021ba \u0219i fr\u0103\u021biorul ei au fost muta\u021bi \u00eentr-un centru de plasament temporar, unde o echip\u0103 dedicat\u0103 de asisten\u021bi sociali \u0219i psihologi i-a sus\u021binut pas cu pas.<\/p>\n\n\n\n<p>\u00centre timp, un cuplu din acela\u0219i ora\u0219, oameni bl\u00e2nzi \u0219i iubitori care nu puteau avea copii, a citit despre cazul lor \u00eentr-un articol discret ap\u0103rut \u00een presa local\u0103. Emo\u021biona\u021bi, au contactat Direc\u021bia pentru Protec\u021bia Copilului \u0219i au \u00eenceput procesul de plasament familial.<\/p>\n\n\n\n<p>Dup\u0103 evalu\u0103ri, vizite \u0219i \u00eent\u00e2lniri, feti\u021ba a fost \u00eentrebat\u0103:<br>\u2014 Ai vrea s\u0103 locuie\u0219ti cu o familie care s\u0103 v\u0103 iubeasc\u0103 \u0219i s\u0103 v\u0103 sprijine, a\u0219a cum merita\u021bi?<\/p>\n\n\n\n<p>Privirea ei a fost plin\u0103 de emo\u021bie. A privit spre fr\u0103\u021biorul ei, care z\u00e2mbea \u00een bra\u021bele unei asistente, apoi a dat din cap cu \u00eencredere:<br>\u2014 Da. At\u00e2ta timp c\u00e2t suntem \u00eempreun\u0103\u2026 da.<\/p>\n\n\n\n<p>Familia i-a primit cu bra\u021bele deschise. I-au oferit o camer\u0103 doar a lor, haine noi, o \u0219coal\u0103 bun\u0103 \u0219i, mai ales, siguran\u021b\u0103. \u00cen fiecare sear\u0103, feti\u021ba \u00eei citea pove\u0219ti fratelui s\u0103u \u00eenainte de culcare, iar el adormea lini\u0219tit, \u00eenvelit \u00een p\u0103tura lui nou\u0103, l\u00e2ng\u0103 sora care \u00eei fusese mam\u0103 atunci c\u00e2nd nimeni altcineva nu a fost.<\/p>\n\n\n\n<p>Iar ea? Ea a putut, \u00een sf\u00e2r\u0219it, s\u0103 fie din nou copil.<\/p>\n\n\n\n<p>Dac\u0103 \u021bi-a pl\u0103cut povestea, nu uita s\u0103 o distribui cu prietenii t\u0103i! \u00cempreun\u0103 putem duce mai departe emo\u021bia \u0219i inspira\u021bia.<\/p>\n\n\n\n<p>\u201dAceast\u0103 poveste este inspirat\u0103 din evenimente \u0219i persoane reale, \u00eens\u0103 a fost fic\u021bionalizat\u0103 \u00een scopuri creative. Numele, personajele \u0219i detaliile au fost schimbate pentru a proteja intimitatea \u0219i pentru a \u00eembun\u0103t\u0103\u021bi nara\u021biunea. Orice asem\u0103nare cu persoane reale, sau cu evenimente reale este pur \u00eent\u00e2mpl\u0103toare \u0219i nu este inten\u021bionat\u0103 de c\u0103tre autor.<\/p>\n\n\n\n<p>Autorul \u0219i editorul nu \u00ee\u0219i asum\u0103 responsabilitatea pentru exactitatea evenimentelor sau pentru modul \u00een care sunt portretizate personajele \u0219i nu sunt r\u0103spunz\u0103tori pentru eventuale interpret\u0103ri gre\u0219ite. Aceast\u0103 poveste este oferit\u0103 \u201eca atare\u201d, iar orice opinii exprimate apar\u021bin personajelor \u0219i nu reflect\u0103 punctele de vedere ale autorului sau ale editorului.\u201d<\/p>\n","protected":false},"excerpt":{"rendered":"<p>\u00centr-o dup\u0103-amiaz\u0103 obi\u0219nuit\u0103, la un spital din Valea Speran\u021bei, u\u0219a sec\u021biei de primiri urgen\u021be s-a deschis \u00eencet. O feti\u021b\u0103 de doisprezece ani a intrat timid,<\/p>\n","protected":false},"author":1,"featured_media":40939,"comment_status":"closed","ping_status":"closed","sticky":false,"template":"","format":"standard","meta":[],"categories":[1],"tags":[],"_links":{"self":[{"href":"https:\/\/calatorinromania.com\/index.php?rest_route=\/wp\/v2\/posts\/41216"}],"collection":[{"href":"https:\/\/calatorinromania.com\/index.php?rest_route=\/wp\/v2\/posts"}],"about":[{"href":"https:\/\/calatorinromania.com\/index.php?rest_route=\/wp\/v2\/types\/post"}],"author":[{"embeddable":true,"href":"https:\/\/calatorinromania.com\/index.php?rest_route=\/wp\/v2\/users\/1"}],"replies":[{"embeddable":true,"href":"https:\/\/calatorinromania.com\/index.php?rest_route=%2Fwp%2Fv2%2Fcomments&post=41216"}],"version-history":[{"count":1,"href":"https:\/\/calatorinromania.com\/index.php?rest_route=\/wp\/v2\/posts\/41216\/revisions"}],"predecessor-version":[{"id":41217,"href":"https:\/\/calatorinromania.com\/index.php?rest_route=\/wp\/v2\/posts\/41216\/revisions\/41217"}],"wp:featuredmedia":[{"embeddable":true,"href":"https:\/\/calatorinromania.com\/index.php?rest_route=\/wp\/v2\/media\/40939"}],"wp:attachment":[{"href":"https:\/\/calatorinromania.com\/index.php?rest_route=%2Fwp%2Fv2%2Fmedia&parent=41216"}],"wp:term":[{"taxonomy":"category","embeddable":true,"href":"https:\/\/calatorinromania.com\/index.php?rest_route=%2Fwp%2Fv2%2Fcategories&post=41216"},{"taxonomy":"post_tag","embeddable":true,"href":"https:\/\/calatorinromania.com\/index.php?rest_route=%2Fwp%2Fv2%2Ftags&post=41216"}],"curies":[{"name":"wp","href":"https:\/\/api.w.org\/{rel}","templated":true}]}}