{"id":41214,"date":"2025-08-12T11:10:31","date_gmt":"2025-08-12T11:10:31","guid":{"rendered":"https:\/\/calatorinromania.com\/?p=41214"},"modified":"2025-08-12T11:10:32","modified_gmt":"2025-08-12T11:10:32","slug":"m-am-recasatorit-dupa-ce-sotia-mea-a-trecut-in-nefiinta-iar-cand-m-am-intors-dintr-o-calatorie-de-afaceri-fiica-mea-mi-a-spus-continuarea","status":"publish","type":"post","link":"https:\/\/calatorinromania.com\/?p=41214","title":{"rendered":"\u201dM-am rec\u0103s\u0103torit dup\u0103 ce so\u021bia mea a trecut \u00een nefiin\u021b\u0103 \u2013 iar c\u00e2nd m-am \u00eentors dintr-o c\u0103l\u0103torie de afaceri, fiica mea mi-a spus\u201d \u2013 continuarea"},"content":{"rendered":"\n<p>M-am rec\u0103s\u0103torit dup\u0103 ce so\u021bia mea a trecut \u00een nefiin\u021b\u0103 \u2013 iar c\u00e2nd m-am \u00eentors dintr-o c\u0103l\u0103torie de afaceri, fiica mea mi-a spus: \u201eTat\u0103, mama cea nou\u0103 e altfel c\u00e2nd nu e\u0219ti acas\u0103\u2026\u201d<\/p>\n\n\n\n<p><\/p>\n\n\n\n<p>La doi ani dup\u0103 pierderea so\u021biei mele, am decis c\u0103 e timpul s\u0103 fac un pas \u00eenainte. Via\u021ba singur, doar cu fiica mea, Irina, \u00een v\u00e2rst\u0103 de cinci ani, era grea. A\u0219a c\u0103 m-am rec\u0103s\u0103torit.<\/p>\n\n\n\n<p><\/p>\n\n\n\n<p>Noua mea so\u021bie, Laura, p\u0103rea cald\u0103, echilibrat\u0103 \u0219i atent\u0103. Ne-am mutat \u00een casa ei, mo\u0219tenit\u0103 de la p\u0103rin\u021bii care plecaser\u0103 dintre noi cu ceva timp \u00een urm\u0103. Totul p\u0103rea lini\u0219tit, a\u0219ezat. Cel pu\u021bin, la \u00eenceput\u2026<\/p>\n\n\n\n<p><\/p>\n\n\n\n<p>\u00centr-o sear\u0103, dup\u0103 ce m-am \u00eentors dintr-o c\u0103l\u0103torie de afaceri care durase o s\u0103pt\u0103m\u00e2n\u0103, Irina m-a \u00eent\u00e2mpinat cu o \u00eembr\u0103\u021bi\u0219are lung\u0103 \u0219i tremurat\u0103.<\/p>\n\n\n\n<p><\/p>\n\n\n\n<p>\u201eTati\u2026 mama cea nou\u0103 e diferit\u0103 c\u00e2nd nu e\u0219ti tu aici\u2026\u201d<\/p>\n\n\n\n<p>Tonul ei era \u0219optit, dar plin de team\u0103. Un fior rece m-a cuprins.<\/p>\n\n\n\n<p>\u201eCe \u00eenseamn\u0103, puiule?\u201d am \u00eentrebat, a\u0219ez\u00e2ndu-m\u0103 l\u00e2ng\u0103 ea \u0219i privind-o cu seriozitate.<\/p>\n\n\n\n<p>\u201eSe \u00eencuie \u00een pod,\u201d a spus ea, privind \u00een gol. \u201eAud zgomote ciudate. E \u00eentuneric acolo. \u0218i \u00eemi spune s\u0103 nu intru niciodat\u0103. \u0218i\u2026 e ro\u0219cat\u0103.\u201d<\/p>\n\n\n\n<p>Am clipit surprins.<\/p>\n\n\n\n<p>\u201eRo\u0219cat\u0103? Dar Laura are p\u0103rul \u0219aten\u2026\u201d am spus, \u00eencerc\u00e2nd s\u0103 \u00een\u021beleg.<\/p>\n\n\n\n<p>\u201eM\u0103 pune s\u0103-mi cur\u0103\u021b singur\u0103 camera \u0219i nu-mi d\u0103 \u00eenghe\u021bat\u0103, nici m\u0103car c\u00e2nd sunt cuminte,\u201d a ad\u0103ugat ea, trist\u0103.<\/p>\n\n\n\n<p>Am sim\u021bit cum inima mi se str\u00e2nge. \u00cen mintea mea, \u00eencuietoarea de la pod pe care o remarcasem de c\u00e2teva ori \u0219i comportamentul ei rece \u00een ultima vreme au c\u0103p\u0103tat brusc alt\u0103 greutate. Oare f\u0103cusem o gre\u0219eal\u0103?<\/p>\n\n\n\n<p>\u00cen noaptea aceea, nu am reu\u0219it s\u0103 \u00eenchid un ochi. Pe la miezul nop\u021bii, am auzit pa\u0219ii Laurei urc\u00e2nd sc\u0103rile spre pod. U\u0219a s-a deschis, iar de data asta n-a mai \u00eencuiat-o.<\/p>\n\n\n\n<p>Impulsiv, am urcat \u00een v\u00e2rful degetelor \u0219i, cu inima b\u0103t\u00e2nd s\u0103-mi sparg\u0103 pieptul, am deschis u\u0219a \u0219i am intrat\u2026<\/p>\n\n\n\n<p>Camera era \u00eentunecat\u0103, dar lini\u0219tit\u0103. \u00cen\u0103untru, Laura st\u0103tea pe un scaun, cu o cutie veche \u00een poal\u0103. S-a \u00eentors spre mine surprins\u0103, dar nu furioas\u0103. \u00cen privirea ei era o triste\u021be pe care nu o mai v\u0103zusem p\u00e2n\u0103 atunci.<\/p>\n\n\n\n<p>\u201eCe faci aici?\u201d am \u00eentrebat, \u00een \u0219oapt\u0103.<\/p>\n\n\n\n<p>\u201eN-am vrut s\u0103 afle nimeni,\u201d a spus ea. \u201ePodul \u0103sta\u2026 era locul unde mama mea picta. De c\u00e2nd ai plecat, vin aici noaptea \u0219i pictez \u00een t\u0103cere, ca s\u0103 o simt aproape. A fost modul meu de a face fa\u021b\u0103.\u201d<\/p>\n\n\n\n<p>Am r\u0103mas nemi\u0219cat. Pe peretele lateral erau sprijinite mai multe p\u00e2nze \u2013 unele pictate \u00een nuan\u021be vii, altele \u00eentunecate, toate purt\u00e2nd semn\u0103tura Laurei.<\/p>\n\n\n\n<p>Acel ro\u0219cat despre care vorbise Irina era doar o peruc\u0103 dintr-un autoportret neterminat. Zgomotele ciudate fuseser\u0103 doar pensulele frec\u00e2nd p\u00e2nza sau scaunul care sc\u00e2r\u021b\u00e2ia.<\/p>\n\n\n\n<p>\u201e\u0218i Irina?\u201d am \u00eentrebat.<\/p>\n\n\n\n<p>\u201eNu m-am sim\u021bit preg\u0103tit\u0103 s\u0103 fiu mam\u0103 pentru ea,\u201d a recunoscut. \u201e\u0218i n-am vrut s\u0103 o r\u0103sf\u0103\u021b \u00een lipsa ta. Poate am fost prea strict\u0103\u2026 dar niciodat\u0103 rea.\u201d<\/p>\n\n\n\n<p>\u00cen acea noapte, am stat \u00eempreun\u0103 \u0219i am vorbit ore \u00een \u0219ir. A doua zi, Laura i-a ar\u0103tat Irinei tablourile \u0219i i-a explicat totul. Au \u00eenceput s\u0103 petreac\u0103 mai mult timp \u00eempreun\u0103 \u2013 pict\u00e2nd, povestind, r\u00e2z\u00e2nd.<\/p>\n\n\n\n<p>\u0218ase luni mai t\u00e2rziu, Irina a intrat \u00een camer\u0103 cu un z\u00e2mbet larg \u0219i a spus:<\/p>\n\n\n\n<p>\u201eTati, \u0219tii ce? Acum \u00eemi place s\u0103 fiu cu mama Laura chiar \u0219i c\u00e2nd tu nu e\u0219ti acas\u0103.\u201d<\/p>\n\n\n\n<p>\u0218i am \u0219tiut c\u0103 familia noastr\u0103, chiar dac\u0103 diferit\u0103, era complet\u0103.<\/p>\n\n\n\n<p>Dac\u0103 \u021bi-a pl\u0103cut povestea, nu uita s\u0103 o distribui cu prietenii t\u0103i! \u00cempreun\u0103 putem duce mai departe emo\u021bia \u0219i inspira\u021bia.<\/p>\n\n\n\n<p>\u201dAceast\u0103 poveste este inspirat\u0103 din evenimente \u0219i persoane reale, \u00eens\u0103 a fost fic\u021bionalizat\u0103 \u00een scopuri creative. Numele, personajele \u0219i detaliile au fost schimbate pentru a proteja intimitatea \u0219i pentru a \u00eembun\u0103t\u0103\u021bi nara\u021biunea. Orice asem\u0103nare cu persoane reale, sau cu evenimente reale este pur \u00eent\u00e2mpl\u0103toare \u0219i nu este inten\u021bionat\u0103 de c\u0103tre autor.<\/p>\n\n\n\n<p>Autorul \u0219i editorul nu \u00ee\u0219i asum\u0103 responsabilitatea pentru exactitatea evenimentelor sau pentru modul \u00een care sunt portretizate personajele \u0219i nu sunt r\u0103spunz\u0103tori pentru eventuale interpret\u0103ri gre\u0219ite. Aceast\u0103 poveste este oferit\u0103 \u201eca atare\u201d, iar orice opinii exprimate apar\u021bin personajelor \u0219i nu reflect\u0103 punctele de vedere ale autorului sau ale editorului.\u201d<\/p>\n","protected":false},"excerpt":{"rendered":"<p>M-am rec\u0103s\u0103torit dup\u0103 ce so\u021bia mea a trecut \u00een nefiin\u021b\u0103 \u2013 iar c\u00e2nd m-am \u00eentors dintr-o c\u0103l\u0103torie de afaceri, fiica mea mi-a spus: \u201eTat\u0103, mama<\/p>\n","protected":false},"author":1,"featured_media":40939,"comment_status":"closed","ping_status":"closed","sticky":false,"template":"","format":"standard","meta":[],"categories":[1],"tags":[],"_links":{"self":[{"href":"https:\/\/calatorinromania.com\/index.php?rest_route=\/wp\/v2\/posts\/41214"}],"collection":[{"href":"https:\/\/calatorinromania.com\/index.php?rest_route=\/wp\/v2\/posts"}],"about":[{"href":"https:\/\/calatorinromania.com\/index.php?rest_route=\/wp\/v2\/types\/post"}],"author":[{"embeddable":true,"href":"https:\/\/calatorinromania.com\/index.php?rest_route=\/wp\/v2\/users\/1"}],"replies":[{"embeddable":true,"href":"https:\/\/calatorinromania.com\/index.php?rest_route=%2Fwp%2Fv2%2Fcomments&post=41214"}],"version-history":[{"count":1,"href":"https:\/\/calatorinromania.com\/index.php?rest_route=\/wp\/v2\/posts\/41214\/revisions"}],"predecessor-version":[{"id":41215,"href":"https:\/\/calatorinromania.com\/index.php?rest_route=\/wp\/v2\/posts\/41214\/revisions\/41215"}],"wp:featuredmedia":[{"embeddable":true,"href":"https:\/\/calatorinromania.com\/index.php?rest_route=\/wp\/v2\/media\/40939"}],"wp:attachment":[{"href":"https:\/\/calatorinromania.com\/index.php?rest_route=%2Fwp%2Fv2%2Fmedia&parent=41214"}],"wp:term":[{"taxonomy":"category","embeddable":true,"href":"https:\/\/calatorinromania.com\/index.php?rest_route=%2Fwp%2Fv2%2Fcategories&post=41214"},{"taxonomy":"post_tag","embeddable":true,"href":"https:\/\/calatorinromania.com\/index.php?rest_route=%2Fwp%2Fv2%2Ftags&post=41214"}],"curies":[{"name":"wp","href":"https:\/\/api.w.org\/{rel}","templated":true}]}}