{"id":41212,"date":"2025-08-12T11:09:09","date_gmt":"2025-08-12T11:09:09","guid":{"rendered":"https:\/\/calatorinromania.com\/?p=41212"},"modified":"2025-08-12T11:09:09","modified_gmt":"2025-08-12T11:09:09","slug":"nu-intelegeti-l-am-visat-viu-pe-copilul-meu-striga-femeia-continuarea-3","status":"publish","type":"post","link":"https:\/\/calatorinromania.com\/?p=41212","title":{"rendered":"\u201eNu \u00een\u021belege\u021bi, l-am visat viu pe copilul meu!\u201d \u2013 striga femeia \u2013 continuarea"},"content":{"rendered":"\n<p><\/p>\n\n\n\n<p>\u201eNu \u00een\u021belege\u021bi, l-am visat viu pe copilul meu!\u201d \u2013 striga femeia, cu sufletul sf\u00e2\u0219iat. Dar nimeni nu o asculta. A\u0219a c\u0103 a luat o lopat\u0103 \u0219i s-a \u00eendreptat spre cimitir, hot\u0103r\u00e2t\u0103 s\u0103 afle adev\u0103rul.<\/p>\n\n\n\n<p><\/p>\n\n\n\n<p>Cu doar o lun\u0103 \u00eenainte, Ana era o alt\u0103 femeie \u2014 plin\u0103 de via\u021b\u0103, cu privirea cald\u0103 \u0219i un z\u00e2mbet care nu lipsea aproape niciodat\u0103. \u00cens\u0103, de c\u00e2nd \u0219i-a condus fiul pe ultimul drum, \u00een sufletul ei s-a rupt ceva ad\u00e2nc, de nevindecat.<\/p>\n\n\n\n<p><\/p>\n\n\n\n<p>Zilele au \u00eenceput s\u0103 curg\u0103 greu, ca o povar\u0103. P\u0103rul i s-a preschimbat \u00een alb, ochii i s-au stins, m\u00e2inile \u00eei tremurau ne\u00eencetat. Nu mai ie\u0219ea din cas\u0103, nu mai deschidea geamul, nu vorbea cu nimeni. Nici lacrimile nu mai veneau. Doar un gol f\u0103r\u0103 sf\u00e2r\u0219it.<\/p>\n\n\n\n<p><\/p>\n\n\n\n<p>P\u00e2n\u0103 c\u00e2nd, \u00eentr-o noapte, a avut un vis.<\/p>\n\n\n\n<p><\/p>\n\n\n\n<p>L-a v\u0103zut pe b\u0103iatul ei \u2014 nu \u00een alb, nu ca o fantom\u0103, ci exact a\u0219a cum \u00eel \u0219tia: \u00een hainele lui de zi cu zi, u\u0219or tulburat, nelini\u0219tit. S-a apropiat, i-a luat m\u00e2inile \u0219i i-a spus cu o voce tremurat\u0103:<\/p>\n\n\n\n<p><\/p>\n\n\n\n<p>\u2014 Mam\u0103\u2026 sunt viu. Ajut\u0103-m\u0103, te rog.<\/p>\n\n\n\n<p><\/p>\n\n\n\n<p>Ana s-a trezit cu inima b\u0103t\u00e2nd haotic, ud\u0103 de sudoare rece. Nu p\u0103rea un vis. Era o senza\u021bie \u00een oase, un presentiment, o certitudine inexplicabil\u0103. \u0218tia. Copilul ei era undeva, \u00een via\u021b\u0103, \u0219i avea nevoie de ea.<\/p>\n\n\n\n<p><\/p>\n\n\n\n<p>A \u00eenceput s\u0103 caute r\u0103spunsuri. A mers la autorit\u0103\u021bi, la poli\u021bie, la biroul de eviden\u021b\u0103, chiar \u0219i la medicina legal\u0103. A cerut, a implorat, a povestit visul care o b\u00e2ntuia noapte de noapte. Le-a cerut doar at\u00e2t: s\u0103 deschid\u0103 morm\u00e2ntul.<\/p>\n\n\n\n<p><\/p>\n\n\n\n<p>\u2014 Este durerea care v\u0103 face s\u0103 spera\u021bi \u2014 i-au spus, cu bl\u00e2nde\u021be. \u2014 Ce a\u021bi tr\u0103it e de neimaginat, dar ce cere\u021bi nu e posibil. Trebuie s\u0103 vorbi\u021bi cu cineva, s\u0103 v\u0103 lini\u0219ti\u021bi\u2026<\/p>\n\n\n\n<p><\/p>\n\n\n\n<p>Dar vocile visului deveneau tot mai clare, nop\u021bile tot mai intense. \u00centr-o diminea\u021b\u0103, \u00eenainte de r\u0103s\u0103rit, Ana \u0219i-a pus haina groas\u0103 \u0219i a luat cu ea lopata veche \u2014 aceea cu care, c\u00e2ndva, planta flori \u00een gr\u0103din\u0103 al\u0103turi de fiul ei. A l\u0103sat un mesaj scurt prietenei sale \u0219i a plecat spre cimitir.<\/p>\n\n\n\n<p>Morm\u00e2ntul nu era at\u00e2t de ad\u00e2nc precum se temuse. P\u0103m\u00e2ntul, ud de la ploaia din ziua precedent\u0103, ceda sub loviturile grele. Ana s\u0103pa cu disperare, cu durere \u00een fiecare mu\u0219chi, dar cu o energie ciudat\u0103, ca \u0219i cum \u00eens\u0103\u0219i dragostea pentru copil \u00eei d\u0103dea putere.<\/p>\n\n\n\n<p>Dup\u0103 aproape o or\u0103, lopata a atins lemnul sicriului. S-a oprit, cu respira\u021bia t\u0103iat\u0103. A a\u0219ezat palma pe capac \u2014 \u0219i pentru o clip\u0103, a avut impresia c\u0103 simte o vibra\u021bie slab\u0103, ca o b\u0103taie de inim\u0103.<\/p>\n\n\n\n<p>A ridicat capacul.<\/p>\n\n\n\n<p>\u0218i ceea ce a descoperit i-a t\u0103iat respira\u021bia.<\/p>\n\n\n\n<p>\u00cen\u0103untru\u2026 sicriul era gol.<\/p>\n\n\n\n<p>O p\u0103tur\u0103 mototolit\u0103 \u0219i o fotografie rupt\u0103 de pe un suport \u2014 at\u00e2t mai r\u0103m\u0103sese. Ana nu \u00een\u021belegea. Tremura. Se uita \u00een jur cu ochii mari, ca \u0219i cum p\u0103m\u00e2ntul ar fi trebuit s\u0103-i spun\u0103 ce s-a \u00eent\u00e2mplat.<\/p>\n\n\n\n<p>\u00cen acel moment, o lumin\u0103 de lantern\u0103 a str\u0103lucit printre cruci. Un b\u0103rbat \u00een v\u00e2rst\u0103, paznicul cimitirului, se apropia alert, cu telefonul \u00een m\u00e2n\u0103.<\/p>\n\n\n\n<p>\u2014 Doamn\u0103! Ce face\u021bi acolo? Cine sunte\u021bi?<\/p>\n\n\n\n<p>Ana, pl\u00e2ng\u00e2nd, i-a spus povestea. B\u0103rbatul a t\u0103cut. Apoi, dup\u0103 c\u00e2teva clipe, \u0219i-a dat jos c\u0103ciula \u0219i a spus:<\/p>\n\n\n\n<p>\u2014 Acum o s\u0103pt\u0103m\u00e2n\u0103\u2026 am v\u0103zut un t\u00e2n\u0103r care sem\u0103na cu poza de pe cruce. Era sl\u0103bit, descul\u021b, dar\u2026 viu. Am crezut c\u0103 mi se pare.<\/p>\n\n\n\n<p>Poli\u021bia a fost chemat\u0103. Au verificat \u00eenregistr\u0103rile, camerele de la morg\u0103, documentele. S-a descoperit c\u0103, \u00eentr-o zi de confuzie \u0219i haos, doi b\u0103ie\u021bi fuseser\u0103 \u00eencurca\u021bi \u2014 iar fiul Anei, aflat \u00een com\u0103 profund\u0103 dup\u0103 un accident, fusese declarat decedat din gre\u0219eal\u0103.<\/p>\n\n\n\n<p>C\u00e2teva zile mai t\u00e2rziu, \u00eentr-un centru de recuperare, Ana \u0219i-a str\u00e2ns fiul \u00een bra\u021be. Sl\u0103bit, cu privirea \u00eence\u021bo\u0219at\u0103, dar viu.<\/p>\n\n\n\n<p>\u2014 \u021ai-am spus c\u0103 vin dup\u0103 tine \u2014 i-a \u0219optit ea printre lacrimi.<\/p>\n\n\n\n<p>\u0218i pentru prima dat\u0103 dup\u0103 mult timp\u2026 a z\u00e2mbit din nou.<\/p>\n\n\n\n<p>Dac\u0103 \u021bi-a pl\u0103cut povestea, nu uita s\u0103 o distribui cu prietenii t\u0103i! \u00cempreun\u0103 putem duce mai departe emo\u021bia \u0219i inspira\u021bia.<\/p>\n\n\n\n<p>\u201dAceast\u0103 poveste este inspirat\u0103 din evenimente \u0219i persoane reale, \u00eens\u0103 a fost fic\u021bionalizat\u0103 \u00een scopuri creative. Numele, personajele \u0219i detaliile au fost schimbate pentru a proteja intimitatea \u0219i pentru a \u00eembun\u0103t\u0103\u021bi nara\u021biunea. Orice asem\u0103nare cu persoane reale, sau cu evenimente reale este pur \u00eent\u00e2mpl\u0103toare \u0219i nu este inten\u021bionat\u0103 de c\u0103tre autor.<\/p>\n\n\n\n<p>Autorul \u0219i editorul nu \u00ee\u0219i asum\u0103 responsabilitatea pentru exactitatea evenimentelor sau pentru modul \u00een care sunt portretizate personajele \u0219i nu sunt r\u0103spunz\u0103tori pentru eventuale interpret\u0103ri gre\u0219ite. Aceast\u0103 poveste este oferit\u0103 \u201eca atare\u201d, iar orice opinii exprimate apar\u021bin personajelor \u0219i nu reflect\u0103 punctele de vedere ale autorului sau ale editorului.\u201d<\/p>\n","protected":false},"excerpt":{"rendered":"<p>\u201eNu \u00een\u021belege\u021bi, l-am visat viu pe copilul meu!\u201d \u2013 striga femeia, cu sufletul sf\u00e2\u0219iat. Dar nimeni nu o asculta. A\u0219a c\u0103 a luat o lopat\u0103<\/p>\n","protected":false},"author":1,"featured_media":40939,"comment_status":"closed","ping_status":"closed","sticky":false,"template":"","format":"standard","meta":[],"categories":[1],"tags":[],"_links":{"self":[{"href":"https:\/\/calatorinromania.com\/index.php?rest_route=\/wp\/v2\/posts\/41212"}],"collection":[{"href":"https:\/\/calatorinromania.com\/index.php?rest_route=\/wp\/v2\/posts"}],"about":[{"href":"https:\/\/calatorinromania.com\/index.php?rest_route=\/wp\/v2\/types\/post"}],"author":[{"embeddable":true,"href":"https:\/\/calatorinromania.com\/index.php?rest_route=\/wp\/v2\/users\/1"}],"replies":[{"embeddable":true,"href":"https:\/\/calatorinromania.com\/index.php?rest_route=%2Fwp%2Fv2%2Fcomments&post=41212"}],"version-history":[{"count":1,"href":"https:\/\/calatorinromania.com\/index.php?rest_route=\/wp\/v2\/posts\/41212\/revisions"}],"predecessor-version":[{"id":41213,"href":"https:\/\/calatorinromania.com\/index.php?rest_route=\/wp\/v2\/posts\/41212\/revisions\/41213"}],"wp:featuredmedia":[{"embeddable":true,"href":"https:\/\/calatorinromania.com\/index.php?rest_route=\/wp\/v2\/media\/40939"}],"wp:attachment":[{"href":"https:\/\/calatorinromania.com\/index.php?rest_route=%2Fwp%2Fv2%2Fmedia&parent=41212"}],"wp:term":[{"taxonomy":"category","embeddable":true,"href":"https:\/\/calatorinromania.com\/index.php?rest_route=%2Fwp%2Fv2%2Fcategories&post=41212"},{"taxonomy":"post_tag","embeddable":true,"href":"https:\/\/calatorinromania.com\/index.php?rest_route=%2Fwp%2Fv2%2Ftags&post=41212"}],"curies":[{"name":"wp","href":"https:\/\/api.w.org\/{rel}","templated":true}]}}