{"id":41210,"date":"2025-08-12T11:00:32","date_gmt":"2025-08-12T11:00:32","guid":{"rendered":"https:\/\/calatorinromania.com\/?p=41210"},"modified":"2025-08-12T11:00:32","modified_gmt":"2025-08-12T11:00:32","slug":"elevii-radeau-de-noua-profesoara-voiau-s-o-faca-sa-cedeze-dar-dupa-cateva-minute-s-a-intamplat-ceva-continuarea","status":"publish","type":"post","link":"https:\/\/calatorinromania.com\/?p=41210","title":{"rendered":"\u201dElevii r\u00e2deau de noua profesoar\u0103, voiau s-o fac\u0103 s\u0103 cedeze, dar dup\u0103 c\u00e2teva minute s-a \u00eent\u00e2mplat ceva\u201d \u2013 continuarea"},"content":{"rendered":"\n<p>Elevii r\u00e2deau de noua profesoar\u0103, voiau s-o fac\u0103 s\u0103 cedeze, dar dup\u0103 c\u00e2teva minute s-a \u00eent\u00e2mplat ceva cu totul nea\u0219teptat\u2026<\/p>\n\n\n\n<p><\/p>\n\n\n\n<p>La clasa a X-a B, dintr-un liceu aflat \u00een centrul unui ora\u0219 mare din Rom\u00e2nia, postul de profesor de limba rom\u00e2n\u0103 devenise un loc instabil. Un dasc\u0103l plecase \u00een concediu de cre\u0219tere a copilului, altul renun\u021base dup\u0103 nici o lun\u0103. A\u0219a c\u0103, atunci c\u00e2nd a p\u0103\u0219it pe u\u0219\u0103 Elena Mure\u0219an \u2014 t\u00e2n\u0103r\u0103, t\u0103cut\u0103, cu o \u021binut\u0103 modest\u0103 dar \u00eengrijit\u0103 \u2014 c\u00e2\u021biva elevi \u0219i-au aruncat z\u00e2mbete complice:<\/p>\n\n\n\n<p><\/p>\n\n\n\n<p>\u2014 \u201eIar una nou\u0103\u2026 Nu cred c\u0103 rezist\u0103 mai mult de dou\u0103 s\u0103pt\u0103m\u00e2ni\u201d, a murmurat cineva din spate.<\/p>\n\n\n\n<p>Ora a \u00eenceput ca un adev\u0103rat test de rezisten\u021b\u0103.<\/p>\n\n\n\n<p><\/p>\n\n\n\n<p>\u2014 \u201eDeschide\u021bi v\u0103 rog caietele\u2026\u201d, a rostit ea cu un ton bl\u00e2nd.<\/p>\n\n\n\n<p><\/p>\n\n\n\n<p>\u2014 \u201eN-am adus!\u201d \u2014 s-a auzit imediat din ultima banc\u0103, urmat de chicoteli.<\/p>\n\n\n\n<p><\/p>\n\n\n\n<p>\u2014 \u201ePoate \u00eent\u00e2i ne zice\u021bi cum v\u0103 cheam\u0103, apoi vedem dac\u0103 merit\u0103 s\u0103 ascult\u0103m ceva\u201d, a spus cineva ironic.<\/p>\n\n\n\n<p><\/p>\n\n\n\n<p>\u2014 \u201eSunt Elena Mure\u0219an\u201d, a r\u0103spuns ea calm. \u201e\u0218i eu\u2026\u201d<\/p>\n\n\n\n<p>\u2014 \u201eElena Mure\u0219an? Parc\u0103 e nume de sirop de tuse!\u201d, a \u00eentrerupt-o o fat\u0103 r\u00e2z\u00e2nd.<\/p>\n\n\n\n<p>\u2014 \u201eParfum de m\u0103tu\u0219\u0103 \u0219i ochelari din epoca de piatr\u0103\u201d, s-a auzit dintr-un col\u021b, declan\u0219\u00e2nd alte r\u00e2sete.<\/p>\n\n\n\n<p>Un b\u0103iat a pus pe telefon sunetul unui m\u0103gar, pe fundalul c\u0103ruia al\u021bii chicoteau. C\u00e2nd profesoara scria la tabl\u0103, un avion de h\u00e2rtie i-a lovit spatele.<\/p>\n\n\n\n<p>Ea s-a \u00eentors lini\u0219tit\u0103.<\/p>\n\n\n\n<p>\u2014 \u201eO s\u0103 pl\u00e2nge\u021bi \u0219i o s\u0103 pleca\u021bi, la fel ca ceilal\u021bi?\u201d, a \u0219optit un b\u0103iat din prima banc\u0103, suficient de tare c\u00e2t s\u0103 aud\u0103 to\u021bi.<\/p>\n\n\n\n<p>C\u0103r\u021bi c\u0103deau \u201edin gre\u0219eal\u0103\u201d pe jos, scaunele erau mi\u0219cate zgomotos, iar unii erau deja cu TikTok-ul pornit pe telefoane.<\/p>\n\n\n\n<p>Atunci, spre surprinderea general\u0103, doamna Mure\u0219an s-a a\u0219ezat pe marginea catedrei \u0219i, cu o voce sc\u0103zut\u0103, aproape plictisit\u0103, a rostit\u2026<\/p>\n\n\n\n<p>Clasa a \u00eencremenit la ceea ce a urmat.<\/p>\n\n\n\n<p>\u2014 \u201eEram de v\u00e2rsta voastr\u0103 c\u00e2nd mi-am pierdut mama. Nu aveam nici telefon, nici haine noi. Doar o bibliotec\u0103 veche \u0219i o profesoar\u0103 care a crezut \u00een mine.\u201d<\/p>\n\n\n\n<p>Se l\u0103sase lini\u0219te. To\u021bi p\u0103reau brusc mai aten\u021bi.<\/p>\n\n\n\n<p>\u2014 \u201e\u00cen prima zi de liceu, eram la fel de speriat\u0103 ca voi. Dar am \u00eenv\u0103\u021bat c\u0103 literatura nu e despre note. E despre oameni. Despre ce tr\u0103iesc, ce pierd, ce c\u00e2\u0219tig\u0103. Despre cum ne g\u0103sim vocea c\u00e2nd pare c\u0103 nimeni nu ne ascult\u0103.\u201d<\/p>\n\n\n\n<p>Nimeni nu mai chicotea. Chiar \u0219i b\u0103iatul cu avionul de h\u00e2rtie p\u0103rea jenat.<\/p>\n\n\n\n<p>\u2014 \u201eA\u0219a c\u0103 da, pute\u021bi s\u0103 r\u00e2de\u021bi. Sau pute\u021bi s\u0103 asculta\u021bi. Nu pentru mine. Pentru voi. Eu sunt aici s\u0103 v\u0103 dau ceva ce nimeni nu mi-a dat la timp: o \u0219ans\u0103 s\u0103 v\u0103 descoperi\u021bi.\u201d<\/p>\n\n\n\n<p>T\u0103cerea devenise ap\u0103s\u0103toare. Apoi, \u00een col\u021bul clasei, o m\u00e2n\u0103 s-a ridicat timid.<\/p>\n\n\n\n<p>\u2014 \u201eDoamn\u0103\u2026 putem s\u0103 \u00eencepem totu\u0219i ora?\u201d<\/p>\n\n\n\n<p>Ziua aceea a fost un punct de cotitur\u0103. \u00cen c\u00e2teva s\u0103pt\u0103m\u00e2ni, clasa care alt\u0103dat\u0103 gonea profesorii devenise un loc \u00een care se citea \u0219i se discuta pe bune. Elena Mure\u0219an a r\u0103mas acolo ani la r\u00e2nd, transform\u00e2nd elevii nu doar \u00een buni cunosc\u0103tori ai literaturii, ci \u00een tineri capabili s\u0103 asculte, s\u0103 simt\u0103 \u0219i s\u0103 \u00een\u021beleag\u0103.<\/p>\n\n\n\n<p>La finalul anului, b\u0103iatul din prima banc\u0103 i-a \u00eentins o scrisoare:<\/p>\n\n\n\n<p>\u201eMul\u021bumim c\u0103 n-a\u021bi plecat. Datorit\u0103 dumneavoastr\u0103, am \u00een\u021beles c\u0103 pove\u0219tile nu sunt doar \u00een c\u0103r\u021bi. Sunt \u00een oameni.\u201d<\/p>\n\n\n\n<p>\u0218i doamna Mure\u0219an a z\u00e2mbit. Pentru prima dat\u0103 \u00een mult timp.<\/p>\n\n\n\n<p>Dac\u0103 \u021bi-a pl\u0103cut povestea, nu uita s\u0103 o distribui cu prietenii t\u0103i! \u00cempreun\u0103 putem duce mai departe emo\u021bia \u0219i inspira\u021bia.<\/p>\n\n\n\n<p>\u201dAceast\u0103 poveste este inspirat\u0103 din evenimente \u0219i persoane reale, \u00eens\u0103 a fost fic\u021bionalizat\u0103 \u00een scopuri creative. Numele, personajele \u0219i detaliile au fost schimbate pentru a proteja intimitatea \u0219i pentru a \u00eembun\u0103t\u0103\u021bi nara\u021biunea. Orice asem\u0103nare cu persoane reale, sau cu evenimente reale este pur \u00eent\u00e2mpl\u0103toare \u0219i nu este inten\u021bionat\u0103 de c\u0103tre autor.<\/p>\n\n\n\n<p>Autorul \u0219i editorul nu \u00ee\u0219i asum\u0103 responsabilitatea pentru exactitatea evenimentelor sau pentru modul \u00een care sunt portretizate personajele \u0219i nu sunt r\u0103spunz\u0103tori pentru eventuale interpret\u0103ri gre\u0219ite. Aceast\u0103 poveste este oferit\u0103 \u201eca atare\u201d, iar orice opinii exprimate apar\u021bin personajelor \u0219i nu reflect\u0103 punctele de vedere ale autorului sau ale editorului.\u201d<\/p>\n","protected":false},"excerpt":{"rendered":"<p>Elevii r\u00e2deau de noua profesoar\u0103, voiau s-o fac\u0103 s\u0103 cedeze, dar dup\u0103 c\u00e2teva minute s-a \u00eent\u00e2mplat ceva cu totul nea\u0219teptat\u2026 La clasa a X-a B,<\/p>\n","protected":false},"author":1,"featured_media":40939,"comment_status":"closed","ping_status":"closed","sticky":false,"template":"","format":"standard","meta":[],"categories":[1],"tags":[],"_links":{"self":[{"href":"https:\/\/calatorinromania.com\/index.php?rest_route=\/wp\/v2\/posts\/41210"}],"collection":[{"href":"https:\/\/calatorinromania.com\/index.php?rest_route=\/wp\/v2\/posts"}],"about":[{"href":"https:\/\/calatorinromania.com\/index.php?rest_route=\/wp\/v2\/types\/post"}],"author":[{"embeddable":true,"href":"https:\/\/calatorinromania.com\/index.php?rest_route=\/wp\/v2\/users\/1"}],"replies":[{"embeddable":true,"href":"https:\/\/calatorinromania.com\/index.php?rest_route=%2Fwp%2Fv2%2Fcomments&post=41210"}],"version-history":[{"count":1,"href":"https:\/\/calatorinromania.com\/index.php?rest_route=\/wp\/v2\/posts\/41210\/revisions"}],"predecessor-version":[{"id":41211,"href":"https:\/\/calatorinromania.com\/index.php?rest_route=\/wp\/v2\/posts\/41210\/revisions\/41211"}],"wp:featuredmedia":[{"embeddable":true,"href":"https:\/\/calatorinromania.com\/index.php?rest_route=\/wp\/v2\/media\/40939"}],"wp:attachment":[{"href":"https:\/\/calatorinromania.com\/index.php?rest_route=%2Fwp%2Fv2%2Fmedia&parent=41210"}],"wp:term":[{"taxonomy":"category","embeddable":true,"href":"https:\/\/calatorinromania.com\/index.php?rest_route=%2Fwp%2Fv2%2Fcategories&post=41210"},{"taxonomy":"post_tag","embeddable":true,"href":"https:\/\/calatorinromania.com\/index.php?rest_route=%2Fwp%2Fv2%2Ftags&post=41210"}],"curies":[{"name":"wp","href":"https:\/\/api.w.org\/{rel}","templated":true}]}}