{"id":41208,"date":"2025-08-12T10:58:07","date_gmt":"2025-08-12T10:58:07","guid":{"rendered":"https:\/\/calatorinromania.com\/?p=41208"},"modified":"2025-08-12T10:58:08","modified_gmt":"2025-08-12T10:58:08","slug":"sotul-meu-a-adus-acasa-o-femeie-si-a-spus-ca-va-fi-a-doua-lui-sotie","status":"publish","type":"post","link":"https:\/\/calatorinromania.com\/?p=41208","title":{"rendered":"So\u021bul meu a adus acas\u0103 o femeie \u0219i a spus c\u0103 va fi a doua lui so\u021bie"},"content":{"rendered":"\n<p>Regula mea nu avea nimic de-a face cu m\u00e2ncarea, cur\u0103\u021benia sau \u00eemp\u0103r\u021birea sarcinilor. Era o regul\u0103 care \u00eei va pune pe am\u00e2ndoi \u00een fa\u021ba unei realit\u0103\u021bi crude, dar pe care eu o \u0219tiam prea bine.<\/p>\n\n\n\n<p><\/p>\n\n\n\n<p>Le-am spus c\u0103, dac\u0103 Clara urma s\u0103 locuiasc\u0103 \u00een casa noastr\u0103, trebuia s\u0103 se supun\u0103 tuturor obiceiurilor din familia mea. \u0218i nu m\u0103 refeream doar la sp\u0103latul pe m\u00e2ini \u00eenainte de mas\u0103 sau la ridicatul \u00een picioare c\u00e2nd intr\u0103 cineva mai \u00een v\u00e2rst\u0103.<\/p>\n\n\n\n<p><\/p>\n\n\n\n<p>M\u0103 refeream la acele tradi\u021bii pe care bunica le p\u0103stra cu sfin\u021benie, tradi\u021bii din satul unde am copil\u0103rit. S\u0103 se scoale la 5 diminea\u021ba s\u0103 dea de m\u00e2ncare la g\u0103ini. S\u0103 fr\u0103m\u00e2nte p\u00e2inea cu m\u00e2na, nu cu robotul. S\u0103 spele covoarele \u00een curte, pe genunchi, cu ap\u0103 rece din f\u00e2nt\u00e2n\u0103, indiferent de anotimp.<\/p>\n\n\n\n<p><\/p>\n\n\n\n<p>C\u00e2nd am \u00eenceput s\u0103 enum\u0103r toate aceste \u201eobliga\u021bii\u201d, Mihai a \u00eenceput s\u0103 clipeasc\u0103 des, iar Clara \u0219i-a mu\u0219cat buza.<\/p>\n\n\n\n<p><\/p>\n\n\n\n<p>\u201eA\u0219a func\u021bioneaz\u0103 familia mea\u201d, am spus. \u201e\u0218i dac\u0103 vrei s\u0103 faci parte din ea, nu exist\u0103 scutiri. Toat\u0103 lumea munce\u0219te, toat\u0103 lumea respect\u0103 tradi\u021bia. Iar dac\u0103 nu respec\u021bi, pleci.\u201d<\/p>\n\n\n\n<p><\/p>\n\n\n\n<p>\u00cen acea clip\u0103, mi-am dat seama c\u0103 nu vor rezista. Mihai, obi\u0219nuit s\u0103 doarm\u0103 p\u00e2n\u0103 la 9 \u00een weekend, nu ar fi pus m\u00e2na s\u0103 care g\u0103le\u021bi cu ap\u0103 rece. Clara, cu unghiile ei perfect f\u0103cute, nu ar fi stat \u00een noroi s\u0103 planteze r\u0103saduri.<\/p>\n\n\n\n<p><\/p>\n\n\n\n<p>Dar am mers mai departe. Le-am spus c\u0103, \u00een fiecare duminic\u0103, dup\u0103 biseric\u0103, to\u021bi membrii familiei lucreaz\u0103 \u00eempreun\u0103 la gospod\u0103rie: t\u0103iem lemne, repar\u0103m gardul, cur\u0103\u021b\u0103m \u0219an\u021bul din fa\u021ba casei. \u0218i c\u0103, la mesele mari, femeile g\u0103tesc totul de la zero, iar b\u0103rba\u021bii taie carnea \u0219i fac focul.<\/p>\n\n\n\n<p>Mihai \u00eencerca s\u0103 \u00ee\u0219i p\u0103streze z\u00e2mbetul, dar Clara p\u0103rea gata s\u0103 izbucneasc\u0103 \u00een pl\u00e2ns.<\/p>\n\n\n\n<p>\u00cen acea sear\u0103, nu am mai auzit nimic despre \u201ecea de-a doua so\u021bie\u201d. Clara a plecat \u00eenainte de cin\u0103, sub pretextul c\u0103 avea \u201etreab\u0103 urgent\u0103\u201d. Mihai a \u00eencercat s\u0103 schimbe subiectul, dar lini\u0219tea dintre noi spunea totul.<\/p>\n\n\n\n<p>A doua zi diminea\u021b\u0103, m-am trezit devreme, am pus cafeaua pe foc \u0219i m-am uitat pe fereastr\u0103 la gr\u0103din\u0103. Era lini\u0219te, cum nu mai fusese de mult.<\/p>\n\n\n\n<p>\u00cen sinea mea, \u0219tiam c\u0103 regula mea nu era doar despre tradi\u021bii. Era despre respect. Despre faptul c\u0103 o familie nu se \u00eemparte \u0219i c\u0103 iubirea nu se negociaz\u0103.<\/p>\n\n\n\n<p>Mihai a \u00eenv\u0103\u021bat lec\u021bia. Iar eu am realizat c\u0103 uneori, nu trebuie s\u0103 te superi sau s\u0103 \u021bipi pentru a-\u021bi ap\u0103ra locul. Trebuie doar s\u0103 fii mai de\u0219teapt\u0103 dec\u00e2t jocul pe care \u00eencearc\u0103 ceilal\u021bi s\u0103-l joace.<\/p>\n\n\n\n<p>\u0218i, de atunci, nimeni nu a mai adus vorba despre a doua so\u021bie. Pentru c\u0103 \u0219tiau foarte bine c\u0103, la mine, regulile nu se schimb\u0103.<\/p>\n\n\n\n<p><em>Aceast\u0103 lucrare este inspirat\u0103 din evenimente \u0219i persoane reale, \u00eens\u0103 a fost fic\u021bionalizat\u0103 \u00een scopuri creative. Numele, personajele \u0219i detaliile au fost schimbate pentru a proteja intimitatea \u0219i pentru a \u00eembun\u0103t\u0103\u021bi nara\u021biunea. Orice asem\u0103nare cu persoane reale, \u00een via\u021b\u0103 sau decedate, sau cu evenimente reale este pur \u00eent\u00e2mpl\u0103toare \u0219i nu este inten\u021bionat\u0103 de c\u0103tre autor.<\/em><\/p>\n\n\n\n<p><em>Autorul \u0219i editorul nu \u00ee\u0219i asum\u0103 responsabilitatea pentru exactitatea evenimentelor sau pentru modul \u00een care sunt portretizate personajele \u0219i nu sunt r\u0103spunz\u0103tori pentru eventuale interpret\u0103ri gre\u0219ite. Aceast\u0103 poveste este oferit\u0103 \u201eca atare\u201d, iar orice opinii exprimate apar\u021bin personajelor \u0219i nu reflect\u0103 punctele de vedere ale autorului sau ale editorului.<\/em><\/p>\n","protected":false},"excerpt":{"rendered":"<p>Regula mea nu avea nimic de-a face cu m\u00e2ncarea, cur\u0103\u021benia sau \u00eemp\u0103r\u021birea sarcinilor. Era o regul\u0103 care \u00eei va pune pe am\u00e2ndoi \u00een fa\u021ba unei<\/p>\n","protected":false},"author":1,"featured_media":40939,"comment_status":"closed","ping_status":"closed","sticky":false,"template":"","format":"standard","meta":[],"categories":[1],"tags":[],"_links":{"self":[{"href":"https:\/\/calatorinromania.com\/index.php?rest_route=\/wp\/v2\/posts\/41208"}],"collection":[{"href":"https:\/\/calatorinromania.com\/index.php?rest_route=\/wp\/v2\/posts"}],"about":[{"href":"https:\/\/calatorinromania.com\/index.php?rest_route=\/wp\/v2\/types\/post"}],"author":[{"embeddable":true,"href":"https:\/\/calatorinromania.com\/index.php?rest_route=\/wp\/v2\/users\/1"}],"replies":[{"embeddable":true,"href":"https:\/\/calatorinromania.com\/index.php?rest_route=%2Fwp%2Fv2%2Fcomments&post=41208"}],"version-history":[{"count":1,"href":"https:\/\/calatorinromania.com\/index.php?rest_route=\/wp\/v2\/posts\/41208\/revisions"}],"predecessor-version":[{"id":41209,"href":"https:\/\/calatorinromania.com\/index.php?rest_route=\/wp\/v2\/posts\/41208\/revisions\/41209"}],"wp:featuredmedia":[{"embeddable":true,"href":"https:\/\/calatorinromania.com\/index.php?rest_route=\/wp\/v2\/media\/40939"}],"wp:attachment":[{"href":"https:\/\/calatorinromania.com\/index.php?rest_route=%2Fwp%2Fv2%2Fmedia&parent=41208"}],"wp:term":[{"taxonomy":"category","embeddable":true,"href":"https:\/\/calatorinromania.com\/index.php?rest_route=%2Fwp%2Fv2%2Fcategories&post=41208"},{"taxonomy":"post_tag","embeddable":true,"href":"https:\/\/calatorinromania.com\/index.php?rest_route=%2Fwp%2Fv2%2Ftags&post=41208"}],"curies":[{"name":"wp","href":"https:\/\/api.w.org\/{rel}","templated":true}]}}