{"id":41206,"date":"2025-08-12T10:56:29","date_gmt":"2025-08-12T10:56:29","guid":{"rendered":"https:\/\/calatorinromania.com\/?p=41206"},"modified":"2025-08-12T10:56:29","modified_gmt":"2025-08-12T10:56:29","slug":"la-52-de-ani-am-avut-un-accident-vascular-cerebral","status":"publish","type":"post","link":"https:\/\/calatorinromania.com\/?p=41206","title":{"rendered":"La 52 de ani, am avut un accident vascular cerebral"},"content":{"rendered":"\n<p>C\u00e2nd a intrat pe u\u0219\u0103, \u00eenc\u0103 mirosind a crem\u0103 de plaj\u0103 \u0219i purt\u00e2nd acel z\u00e2mbet satisf\u0103cut, a g\u0103sit sufrageria plin\u0103. La mas\u0103 erau fratele lui, cumnata \u0219i doi prieteni de familie, to\u021bi cu fe\u021be serioase. Pe mas\u0103, \u00een fa\u021ba lor, era un teanc de h\u00e2rtii.<\/p>\n\n\n\n<p><\/p>\n\n\n\n<p>Eu, sprijinit\u0103 \u00een baston, m-am ridicat \u00eencet din fotoliu. \u00cei sim\u021beam privirea nedumerit\u0103, dar nu i-am dat timp s\u0103 \u00eentrebe.<\/p>\n\n\n\n<p><\/p>\n\n\n\n<p>\u2014 \u021ai-ai f\u0103cut bagajele? l-am \u00eentrebat calm.<\/p>\n\n\n\n<p><\/p>\n\n\n\n<p>\u2014 Cum adic\u0103? abia a reu\u0219it s\u0103 \u00eengaime.<\/p>\n\n\n\n<p><\/p>\n\n\n\n<p>Am ridicat din teanc actele de divor\u021b. Cu doar c\u00e2teva zile \u00eenainte, din patul de spital, vorbisem cu avocatul meu, cu banca \u0219i cu familia mea. Voiam s\u0103 m\u0103 asigur c\u0103 atunci c\u00e2nd se va \u00eentoarce, nu va mai g\u0103si femeia pe care o p\u0103r\u0103sise \u00een cel mai greu moment al vie\u021bii ei.<\/p>\n\n\n\n<p><\/p>\n\n\n\n<p>Fratele lui \u0219i-a plecat privirea, ru\u0219inat. Cumnata nu-l putea privi \u00een ochi. \u0218i totu\u0219i, el p\u0103rea incapabil s\u0103 \u00een\u021beleag\u0103 gravitatea situa\u021biei.<\/p>\n\n\n\n<p><\/p>\n\n\n\n<p>\u2014 Ai ales s\u0103-\u021bi petreci vacan\u021ba, nu s\u0103 stai l\u00e2ng\u0103 mine c\u00e2nd a\u0219 fi putut s\u0103 mor. Ai l\u0103sat \u00een urm\u0103 o femeie abia capabil\u0103 s\u0103 respire singur\u0103, ca s\u0103 te bronzezi. Ei bine\u2026 acum \u00ee\u021bi po\u021bi continua via\u021ba f\u0103r\u0103 mine.<\/p>\n\n\n\n<p>Am sim\u021bit cum \u00eemi tremur\u0103 m\u00e2inile, dar nu de sl\u0103biciune, ci de puterea pe care nu o mai avusesem de ani de zile.<\/p>\n\n\n\n<p>El a \u00eencercat s\u0103 se apropie, dar am f\u0103cut un pas \u00eenapoi.<\/p>\n\n\n\n<p>\u2014 Tot ce vezi aici\u2026 casa, economiile, ma\u0219ina\u2026 sunt pe numele meu. Nici m\u0103car nu va trebui s\u0103-\u021bi faci bagajele greu. Le-am pus deja \u00een garaj.<\/p>\n\n\n\n<p>Un murmur a trecut printre cei prezen\u021bi. \u00cen t\u0103cerea care a urmat, s-a auzit doar tic-tacul ceasului de perete.<\/p>\n\n\n\n<p>\u2014 \u0218i \u00eenc\u0103 ceva, am ad\u0103ugat, cu vocea ferm\u0103. C\u00e2nd vei povesti altora despre ce s-a \u00eent\u00e2mplat, s\u0103 nu omi\u021bi detaliul c\u0103 ai l\u0103sat o so\u021bie la spital, dup\u0103 un accident vascular, pentru un sejur \u00een Maldive. Poate a\u0219a vei \u00een\u021belege de ce nimeni nu va mai avea \u00eencredere \u00een tine.<\/p>\n\n\n\n<p>A r\u0103mas nemi\u0219cat c\u00e2teva secunde, apoi a luat bagajele \u0219i a plecat f\u0103r\u0103 s\u0103 spun\u0103 un cuv\u00e2nt.<\/p>\n\n\n\n<p>Dup\u0103 ce u\u0219a s-a \u00eenchis, m-am a\u0219ezat din nou \u00een fotoliu, obosit\u0103 dar liber\u0103. Am privit pe fereastr\u0103 spre gr\u0103dina unde soarele apunea peste pomii \u00eenflori\u021bi. Era prima dat\u0103, dup\u0103 mult timp, c\u00e2nd sim\u021beam c\u0103 respir cu adev\u0103rat.<\/p>\n\n\n\n<p>\u0218i am \u0219tiut, \u00een ad\u00e2ncul sufletului, c\u0103 de acum \u00eenainte \u00eemi voi petrece zilele \u00eenconjurat\u0103 doar de oameni care \u0219tiu s\u0103 r\u0103m\u00e2n\u0103\u2026 chiar \u0219i atunci c\u00e2nd cerul se pr\u0103bu\u0219e\u0219te peste tine.<\/p>\n\n\n\n<p><em>Aceast\u0103 lucrare este inspirat\u0103 din evenimente \u0219i persoane reale, \u00eens\u0103 a fost fic\u021bionalizat\u0103 \u00een scopuri creative. Numele, personajele \u0219i detaliile au fost schimbate pentru a proteja intimitatea \u0219i pentru a \u00eembun\u0103t\u0103\u021bi nara\u021biunea. Orice asem\u0103nare cu persoane reale, \u00een via\u021b\u0103 sau decedate, sau cu evenimente reale este pur \u00eent\u00e2mpl\u0103toare \u0219i nu este inten\u021bionat\u0103 de c\u0103tre autor.<\/em><\/p>\n\n\n\n<p><em>Autorul \u0219i editorul nu \u00ee\u0219i asum\u0103 responsabilitatea pentru exactitatea evenimentelor sau pentru modul \u00een care sunt portretizate personajele \u0219i nu sunt r\u0103spunz\u0103tori pentru eventuale interpret\u0103ri gre\u0219ite. Aceast\u0103 poveste este oferit\u0103 \u201eca atare\u201d, iar orice opinii exprimate apar\u021bin personajelor \u0219i nu reflect\u0103 punctele de vedere ale autorului sau ale editorului.<\/em><\/p>\n","protected":false},"excerpt":{"rendered":"<p>C\u00e2nd a intrat pe u\u0219\u0103, \u00eenc\u0103 mirosind a crem\u0103 de plaj\u0103 \u0219i purt\u00e2nd acel z\u00e2mbet satisf\u0103cut, a g\u0103sit sufrageria plin\u0103. La mas\u0103 erau fratele lui,<\/p>\n","protected":false},"author":1,"featured_media":40939,"comment_status":"closed","ping_status":"closed","sticky":false,"template":"","format":"standard","meta":[],"categories":[1],"tags":[],"_links":{"self":[{"href":"https:\/\/calatorinromania.com\/index.php?rest_route=\/wp\/v2\/posts\/41206"}],"collection":[{"href":"https:\/\/calatorinromania.com\/index.php?rest_route=\/wp\/v2\/posts"}],"about":[{"href":"https:\/\/calatorinromania.com\/index.php?rest_route=\/wp\/v2\/types\/post"}],"author":[{"embeddable":true,"href":"https:\/\/calatorinromania.com\/index.php?rest_route=\/wp\/v2\/users\/1"}],"replies":[{"embeddable":true,"href":"https:\/\/calatorinromania.com\/index.php?rest_route=%2Fwp%2Fv2%2Fcomments&post=41206"}],"version-history":[{"count":1,"href":"https:\/\/calatorinromania.com\/index.php?rest_route=\/wp\/v2\/posts\/41206\/revisions"}],"predecessor-version":[{"id":41207,"href":"https:\/\/calatorinromania.com\/index.php?rest_route=\/wp\/v2\/posts\/41206\/revisions\/41207"}],"wp:featuredmedia":[{"embeddable":true,"href":"https:\/\/calatorinromania.com\/index.php?rest_route=\/wp\/v2\/media\/40939"}],"wp:attachment":[{"href":"https:\/\/calatorinromania.com\/index.php?rest_route=%2Fwp%2Fv2%2Fmedia&parent=41206"}],"wp:term":[{"taxonomy":"category","embeddable":true,"href":"https:\/\/calatorinromania.com\/index.php?rest_route=%2Fwp%2Fv2%2Fcategories&post=41206"},{"taxonomy":"post_tag","embeddable":true,"href":"https:\/\/calatorinromania.com\/index.php?rest_route=%2Fwp%2Fv2%2Ftags&post=41206"}],"curies":[{"name":"wp","href":"https:\/\/api.w.org\/{rel}","templated":true}]}}