{"id":41204,"date":"2025-08-12T10:54:57","date_gmt":"2025-08-12T10:54:57","guid":{"rendered":"https:\/\/calatorinromania.com\/?p=41204"},"modified":"2025-08-12T10:54:57","modified_gmt":"2025-08-12T10:54:57","slug":"am-adoptat-un-baietel-de-3-ani","status":"publish","type":"post","link":"https:\/\/calatorinromania.com\/?p=41204","title":{"rendered":"Am adoptat un b\u0103ie\u021bel de 3 ani"},"content":{"rendered":"\n<p>Am p\u0103\u0219it \u00een baie, cu respira\u021bia t\u0103iat\u0103, f\u0103r\u0103 s\u0103 \u0219tiu la ce s\u0103 m\u0103 a\u0219tept. Sam st\u0103tea \u00een cad\u0103, cu ap\u0103 cald\u0103 p\u00e2n\u0103 la burt\u0103, juc\u00e2ndu-se cu o barc\u0103 mic\u0103 de plastic. Nu p\u0103rea speriat. Nu p\u0103rea r\u0103nit. Dar so\u021bul meu era palid ca varul, cu m\u00e2na \u00eentins\u0103, ar\u0103t\u00e2nd spre spatele copilului.<\/p>\n\n\n\n<p><\/p>\n\n\n\n<p>M-am aplecat \u0219i atunci am v\u0103zut. Pe pielea lui Sam, sub un strat sub\u021bire de spum\u0103, era o cicatrice mare, ad\u00e2nc\u0103, \u00een form\u0103 de semilun\u0103. Nu era o simpl\u0103 zg\u00e2rietur\u0103 din joac\u0103 \u2014 era un semn vechi, dar perfect conturat, ca \u0219i cum cineva i-ar fi ap\u0103sat c\u00e2ndva fierul \u00eencins pe piele.<\/p>\n\n\n\n<p><\/p>\n\n\n\n<p>\u2014 Doamne, am \u0219optit. Ce s-a \u00eent\u00e2mplat?<\/p>\n\n\n\n<p><\/p>\n\n\n\n<p>So\u021bul meu \u0219i-a trecut m\u00e2na prin p\u0103r, tremur\u00e2nd. \u2014 Recuno\u0219ti?<\/p>\n\n\n\n<p><\/p>\n\n\n\n<p>M-am uitat mai atent. Inima mi-a s\u0103rit o b\u0103taie. Cicatricea aceea\u2026 era identic\u0103 cu una pe care o v\u0103zusem cu ani \u00een urm\u0103, pe spatele fratelui meu mai mic. Fratele pe care \u00eel pierdusem \u00eentr-un incendiu tragic, c\u00e2nd era doar un copil.<\/p>\n\n\n\n<p><\/p>\n\n\n\n<p>O amintire veche, \u00eengropat\u0103, a izbucnit \u00een mintea mea: mirosul de fum, \u021bipetele, \u0219i o m\u00e2n\u0103 mic\u0103 \u00eentins\u0103 spre mine, cu exact acel semn pe piele.<\/p>\n\n\n\n<p><\/p>\n\n\n\n<p>\u2014 Nu\u2026 nu se poate, am murmurat.<\/p>\n\n\n\n<p><\/p>\n\n\n\n<p>So\u021bul meu s-a ridicat brusc. \u2014 Trebuie s\u0103 sun\u0103m la agen\u021bie. Ceva nu e \u00een regul\u0103.<\/p>\n\n\n\n<p>Dar eu nu m-am putut desprinde de l\u00e2ng\u0103 Sam. El m\u0103 privea cu ochii lui alba\u0219tri, inocen\u021bi, f\u0103r\u0103 s\u0103 \u0219tie ce furtun\u0103 se abate asupra noastr\u0103.<\/p>\n\n\n\n<p>\u2014 Cine \u021bi-a f\u0103cut asta, puiule? am \u00eentrebat \u00eencet.<\/p>\n\n\n\n<p>Sam a dat din umeri. \u2014 Nu \u0219tiu\u2026 mama spunea c\u0103 a fost un accident.<\/p>\n\n\n\n<p>M-am uitat la so\u021bul meu. \u00cen ochii lui era fric\u0103, dar \u0219i ceva ce nu-i mai v\u0103zusem niciodat\u0103: ne\u00eencredere total\u0103 \u00een lumea din jur.<\/p>\n\n\n\n<p>\u00cen zilele urm\u0103toare, am \u00eenceput s\u0103 \u00eentreb\u0103m discret. Am aflat c\u0103 dosarul lui Sam era incomplet. Unele pagini lipseau. Orfelinatul spunea c\u0103 fusese g\u0103sit pe marginea drumului, dar vecinii de acolo povesteau altceva: c\u0103 fusese luat \u00een grab\u0103 dintr-o cas\u0103 cu fl\u0103c\u0103ri, cu ani \u00een urm\u0103.<\/p>\n\n\n\n<p>\u00centr-o sear\u0103, am stat singur\u0103 \u00een buc\u0103t\u0103rie, cu lumina stins\u0103, privind prin fereastr\u0103. Afar\u0103 ningea lini\u0219tit, dar \u00een sufletul meu se adunase o furtun\u0103. Dac\u0103 Sam era cu adev\u0103rat legat de familia mea printr-un trecut pe care \u00eel crezusem pierdut? Dac\u0103 soarta \u00eel adusese \u00eenapoi, sub un alt nume, pentru a repara ce fusese rupt?<\/p>\n\n\n\n<p>\u00cen cultura noastr\u0103, b\u0103tr\u00e2nii spun c\u0103 sufletele care au o leg\u0103tur\u0103 puternic\u0103 se vor reg\u0103si mereu, oric\u00e2t ar \u00eencerca via\u021ba s\u0103 le despart\u0103. Poate c\u0103 Sam nu era doar un copil adoptat. Poate era o parte din mine, pierdut\u0103 \u0219i reg\u0103sit\u0103.<\/p>\n\n\n\n<p>C\u00e2teva zile mai t\u00e2rziu, l-am dus pe Sam la bunica mea, singura care mai putea confirma b\u0103nuiala mea. Ea l-a privit \u00eendelung, apoi a cerut s\u0103 \u00eei vad\u0103 spatele. C\u00e2nd a v\u0103zut cicatricea, lacrimile i-au curs pe obraji.<\/p>\n\n\n\n<p>\u2014 E semnul\u2026 a \u0219optit. Semnul lui Mihai.<\/p>\n\n\n\n<p>So\u021bul meu a r\u0103mas f\u0103r\u0103 cuvinte. Eu am sim\u021bit cum tot aerul din camer\u0103 se schimb\u0103. Nu era doar o coinciden\u021b\u0103.<\/p>\n\n\n\n<p>Din acea zi, g\u00e2ndul de a-l \u201eda \u00eenapoi\u201d a disp\u0103rut pentru totdeauna. \u00cen schimb, ne-am promis c\u0103 vom afla adev\u0103rul, oric\u00e2t de dureros ar fi.<\/p>\n\n\n\n<p>Poate nu aveam toate r\u0103spunsurile, dar \u0219tiam un lucru: b\u0103iatul acela cu ochi de cer \u0219i semn de foc pe piele era acum copilul nostru. \u0218i nimeni, niciodat\u0103, nu avea s\u0103 ni-l mai ia.<\/p>\n\n\n\n<p><em>Aceast\u0103 lucrare este inspirat\u0103 din evenimente \u0219i persoane reale, \u00eens\u0103 a fost fic\u021bionalizat\u0103 \u00een scopuri creative. Numele, personajele \u0219i detaliile au fost schimbate pentru a proteja intimitatea \u0219i pentru a \u00eembun\u0103t\u0103\u021bi nara\u021biunea. Orice asem\u0103nare cu persoane reale, \u00een via\u021b\u0103 sau decedate, sau cu evenimente reale este pur \u00eent\u00e2mpl\u0103toare \u0219i nu este inten\u021bionat\u0103 de c\u0103tre autor.<\/em><\/p>\n\n\n\n<p><em>Autorul \u0219i editorul nu \u00ee\u0219i asum\u0103 responsabilitatea pentru exactitatea evenimentelor sau pentru modul \u00een care sunt portretizate personajele \u0219i nu sunt r\u0103spunz\u0103tori pentru eventuale interpret\u0103ri gre\u0219ite. Aceast\u0103 poveste este oferit\u0103 \u201eca atare\u201d, iar orice opinii exprimate apar\u021bin personajelor \u0219i nu reflect\u0103 punctele de vedere ale autorului sau ale editorului.<\/em><\/p>\n","protected":false},"excerpt":{"rendered":"<p>Am p\u0103\u0219it \u00een baie, cu respira\u021bia t\u0103iat\u0103, f\u0103r\u0103 s\u0103 \u0219tiu la ce s\u0103 m\u0103 a\u0219tept. Sam st\u0103tea \u00een cad\u0103, cu ap\u0103 cald\u0103 p\u00e2n\u0103 la burt\u0103,<\/p>\n","protected":false},"author":1,"featured_media":40939,"comment_status":"closed","ping_status":"closed","sticky":false,"template":"","format":"standard","meta":[],"categories":[1],"tags":[],"_links":{"self":[{"href":"https:\/\/calatorinromania.com\/index.php?rest_route=\/wp\/v2\/posts\/41204"}],"collection":[{"href":"https:\/\/calatorinromania.com\/index.php?rest_route=\/wp\/v2\/posts"}],"about":[{"href":"https:\/\/calatorinromania.com\/index.php?rest_route=\/wp\/v2\/types\/post"}],"author":[{"embeddable":true,"href":"https:\/\/calatorinromania.com\/index.php?rest_route=\/wp\/v2\/users\/1"}],"replies":[{"embeddable":true,"href":"https:\/\/calatorinromania.com\/index.php?rest_route=%2Fwp%2Fv2%2Fcomments&post=41204"}],"version-history":[{"count":1,"href":"https:\/\/calatorinromania.com\/index.php?rest_route=\/wp\/v2\/posts\/41204\/revisions"}],"predecessor-version":[{"id":41205,"href":"https:\/\/calatorinromania.com\/index.php?rest_route=\/wp\/v2\/posts\/41204\/revisions\/41205"}],"wp:featuredmedia":[{"embeddable":true,"href":"https:\/\/calatorinromania.com\/index.php?rest_route=\/wp\/v2\/media\/40939"}],"wp:attachment":[{"href":"https:\/\/calatorinromania.com\/index.php?rest_route=%2Fwp%2Fv2%2Fmedia&parent=41204"}],"wp:term":[{"taxonomy":"category","embeddable":true,"href":"https:\/\/calatorinromania.com\/index.php?rest_route=%2Fwp%2Fv2%2Fcategories&post=41204"},{"taxonomy":"post_tag","embeddable":true,"href":"https:\/\/calatorinromania.com\/index.php?rest_route=%2Fwp%2Fv2%2Ftags&post=41204"}],"curies":[{"name":"wp","href":"https:\/\/api.w.org\/{rel}","templated":true}]}}