{"id":41199,"date":"2025-08-12T10:47:45","date_gmt":"2025-08-12T10:47:45","guid":{"rendered":"https:\/\/calatorinromania.com\/?p=41199"},"modified":"2025-08-12T10:47:45","modified_gmt":"2025-08-12T10:47:45","slug":"adevarul-despre-fantana-tamaduirii-care-vindeca-orice-boala-se-afla-in-romania-si-are-puteri-miraculoase-mai-ales-asupra-celor-bolnavi","status":"publish","type":"post","link":"https:\/\/calatorinromania.com\/?p=41199","title":{"rendered":"Adev\u0103rul despre F\u00e2nt\u00e2na T\u0103m\u0103duirii care VINDEC\u0102 orice boal\u0103. Se afl\u0103 \u00een Rom\u00e2nia \u0219i are puteri miraculoase, mai ales asupra celor bolnavi"},"content":{"rendered":"\n<p>La mai pu\u0163in de 20 de km distanta de ora\u015ful Buz\u0103u, pe marginea drumului care duce catre localitatea Smeeni, in inima B\u0103r\u0103ganului se afl\u0103 o biseric\u0103 despre care pu\u0163ini \u015ftiu c\u0103 indic\u0103 locul care p\u00e2n\u0103 nu demult aduna mii de pelerini \u00een c\u0103utarea miracolului vindec\u0103rii. Cunoscut ca izvorul t\u0103m\u0103duitor de la Smeeni, fenomenul mistic a fost ponderat de autorit\u0103\u021bile din perioada interbelic\u0103, apoi de comuni\u0219ti. A fost redescoperit imediat dup\u0103 Revolu\u021bia din \u201889, \u00eens\u0103 nu pentru mult timp.<\/p>\n\n\n\n<p><\/p>\n\n\n\n<p>\u00cen fiecare an, \u00een prima vineri dup\u0103 Pa\u0219te, c\u00e2nd Biserica Ortodox\u0103 s\u0103rb\u0103tore\u0219te Izvorul T\u0103m\u0103duirii, sute de cre\u015ftini din zona B\u0103r\u0103ganului buzoian se str\u00e2ng \u00een jurul bisericii de l\u00e2ng\u0103 F\u00e2nt\u00e2na T\u0103m\u0103duirii din Smeeni, pentru a lua parte la slujba de sfin\u0163ire a apei, cunoscut\u0103 \u015fi sub numele de Aghiasma mic\u0103<\/p>\n\n\n\n<p>Acesta este unul dintre cei care veneau la izvorul vindec\u0103tor \u015fi \u00een urm\u0103 cu peste dou\u0103 decenii, c\u00e2nd mii de oameni se \u00eembr\u00e2nceau ca s\u0103 prind\u0103 o pic\u0103tur\u0103 din apa miraculoas\u0103. \u00cen anii \u201890, vestea c\u0103 apa din acest izvor poate vindeca orice boal\u0103 s-a r\u0103sp\u00e2ndit \u00een \u00eentreaga \u0163ar\u0103, iar locul a fost asaltat de mii de pelerini. Ulterior, cu banii str\u00e2n\u015fi din dona\u0163iile credincio\u015filor, aici s-a ridicat biserica \u015fi s-a amenajat un loc de popas.<\/p>\n\n\n\n<p><\/p>\n\n\n\n<p>B\u0103tr\u00e2nii satului spun c\u0103 \u00een urm\u0103 cu zeci de ani, aici a existat doar un loc \u00eemprejmuit \u00een jurul unui tub de f\u00e2nt\u00e2n\u0103, iar apa de aici vindeca numeroase boli grave. Despre izvor, presa na\u0163ional\u0103 scria \u00een 1926 c\u0103 poate vindeca orice boal\u0103.<\/p>\n\n\n\n<p>Totul ar fi pornit de la o legend\u0103 conform c\u0103reia un t\u00e2n\u0103r orb, ce se \u00eendrepta cu tat\u0103l sau c\u0103tre ora\u015f, a c\u0103p\u0103tat vederea atunci c\u00e2nd s-a oprit \u00een acest loc \u015fi s-a sp\u0103lat pe fa\u0163\u0103 cu aceast\u0103 ap\u0103. I-a spus tat\u0103lui s\u0103u c\u0103 poate vedea lumina zilei, iar din acel moment s-a r\u0103sp\u00e2ndit vestea c\u0103 izvorul de la Smeeni este unul care face minuni.<\/p>\n\n\n\n<p>\u015etirea despre izvorul miraculos de la Smeeni, cum titrau ziarele din 1926, a ajuns \u00een toate col\u0163urile \u0163\u0103rii, iar la scurt timp localitatea s-a transformat \u00een loc de pelerinaj pentru oameni bolnavi sau pentru rudele unor oameni r\u0103pu\u015fi de suferin\u0163e \u015fi care sperau \u00een rolul divin al apei.<\/p>\n\n\n\n<p><\/p>\n\n\n\n<p>Fenomenul cre\u015ftea rapid \u00een intensitate, ajung\u00e2nd ca mul\u0163i dintre pelerini s\u0103 cread\u0103 c\u0103 p\u00e2n\u0103 \u015fi noroiul din balta format\u0103 l\u00e2ng\u0103 izvor are propriet\u0103\u0163i miraculoase. Se ungeau cu m\u00e2l sau chiar dormeau pe jos, \u00een mocirl\u0103, \u00een speran\u0163a c\u0103 se pot vindeca mai repede de afec\u0163iunile care \u00eei chinuiau. Unii localnici au dezvoltat rapid mici afaceri cu \u201clicoarea miraculoas\u0103\u201d, v\u00e2ndut\u0103 de multe ori mai scump chiar dec\u00e2t o sticl\u0103 de vin celebr\u0103 atunci.<\/p>\n\n\n\n<p>M\u0103rturii ale unor oameni convin\u015fi de puterea miraculoas\u0103 a apei de la Smeeni au fost culese \u015fi publicate de Marcela Ghiulbenghian, pre\u015fedintele Fundatiei Tezaurul Sacru al Religiilor, pe propriul blog:<\/p>\n\n\n\n<p>\u201cFratele meu Petric\u0103 Hornet s-a sp\u0103lat cu apa de la f\u00e2nt\u00e2n\u0103 \u015fi vreo lun\u0103 \u015fi ceva n-a mai pus ochelarii la ochi. \u015ei de atunci foarte pu\u0163in, c\u00e2nd cite\u015fte ziarul sau are alte treburi mai mig\u0103loase, unde e nevoie s\u0103 vezi bine\u201d, povestea Manolache Hornet.<\/p>\n\n\n\n<p><\/p>\n\n\n\n<p>Tot Mo\u015f Manolache \u00ee\u015fi aminte\u015fte de marile pelegrinaje de dinainte de r\u0103zboi, ca \u015fi slujbele care se f\u0103ceau la f\u00e2nt\u00e2n\u0103. \u201dEra prin \u201936. Mergeam cu Damian al lui Pocris s\u0103 ducem caii la ciread\u0103. C\u00e2nd am ajuns la f\u00e2nt\u00e2n\u0103, un sobor de vreo \u015fapte preo\u0163i f\u0103ceau slujb\u0103 mare. Toat\u0103 suflarea se adunase. Era o rug\u0103 de ploaie pentru c\u0103 seceta p\u00e2rjolise totul. N-am ajuns bine acas\u0103 \u015fi a \u00eenceput s\u0103 toarne cu galeata\u201d.<\/p>\n\n\n\n<p>Confruntate cu un risc enorm de izbucnire a unor epidemii, autorit\u0103\u0163ile vremii s-au v\u0103zut nevoite s\u0103 \u00eenchid\u0103 zona, dup\u0103 numai c\u00e2teva luni de la debutul fenomenului. Presa a ajutat \u015fi ea, vorbind despre f\u00e2nt\u00e2na t\u0103m\u0103duirii ca despre \u201co pepinier\u0103 a bolilor contagioase\u201d.<\/p>\n\n\n\n<p>\u201eF\u00e2nt\u00e2na de la Smeeni este un caz izolat din domeniul patologiei sociale \u015fi eviden\u0163iaz\u0103 satisf\u0103c\u0103tor misticismul arhaic, ce nici cultura nu a putut s\u0103-l extirpeze (\u2026) Efectele de autosugestie au fost c\u00e2teva \u015fi au fost de ajuns ca cei mai ironici speciali\u015fti s\u0103 cedeze \u00een fa\u0163a enigmei. F\u00e2nt\u00e2na de la Smeeni amenin\u0163\u0103 s\u0103 aduc\u0103 o revolu\u0163iune \u00een domeniul moral, o rede\u015fteptare spre datorie a clerului atras cam mult spre cele lume\u015fti. Iat\u0103 \u00eens\u0103 c\u0103 un control mai serios a dus la o surprinz\u0103toare contestare a efectelor miraculoase de la Smeeni.\u201d, scriau la 21 octombrie 1927 ziari\u015ftii gazetei \u201eVocea Buz\u0103ului\u201d.<\/p>\n\n\n\n<p>Pentru comuni\u015fti, f\u00e2nt\u00e2na cu ap\u0103 t\u0103m\u0103duitoare nu a existat \u00eens\u0103 nimic nu a putut \u015fterge din memoria colectiv\u0103, pre\u0163 de aproape jum\u0103tate de secol, imaginea sutelor de pelerini atra\u015fi din toat\u0103 \u0163ara de izvorul t\u0103m\u0103duitor. Dup\u0103 Revolu\u0163ie, localnicii au ridicat \u00een acel loc o biseric\u0103 iar \u00een imediata vecin\u0103tate a fost amenajat\u0103 o ci\u015fmea unde curge apa considerat\u0103 de unii \u015fi acum ca fiind binef\u0103c\u0103toare.<\/p>\n\n\n\n<p>\u201c\u00cen aceast\u0103 zon\u0103, se spune c\u0103 ar fi o tradi\u0163ie veche \u00eenc\u0103 de la 1860, despre care localnicii \u00eenc\u0103 mai povestesc. Acele vindec\u0103ri au fost consemnate \u015fi \u00een presa vremii, dar autorit\u0103\u0163ile au \u00eencercat s\u0103 le \u00eenchid\u0103 gura oamenilor, pentru a combate misticismul. Izvorul a fost astupat \u015fi uitat p\u00e2n\u0103 dup\u0103 Revolu\u0163ie, c\u00e2nd localnicii \u015fi-au dezgropat mo\u015ftenirea, c\u0103ut\u00e2nd s\u0103 duc\u0103 mai departe pre\u0163uirea acestui loc\u201d, explica \u00een urm\u0103 cu mai mul\u0163i ani, pentru ziarul Adev\u0103rul, pre\u015fedintele Funda\u0163iei \u201cIzvorul T\u0103m\u0103duirii din Smeeni\u201d, protopop Ioan Dumitran.<\/p>\n\n\n\n<p>La \u00eenceputul anilor \u201990, vestea s-a r\u0103sp\u00e2ndit din nou iar \u00een scurt timp locul s-a umplut de pelerini. Mul\u0163i oameni cu probleme de vedere se ungeau cu apa binef\u0103c\u0103toare \u00een speran\u0163a c\u0103 se vindec\u0103 \u00eens\u0103 efectul era invers, \u00een anumite cazuri. Dup\u0103 ce se d\u0103deau cu n\u0103mol pe ochi, pe r\u0103ni sau opera\u0163ii, ajungeau la spital din cauza pl\u0103gilor infectate.<\/p>\n\n\n\n<p>RENESTEREA FANTANII<\/p>\n\n\n\n<p>Era o dimineata de inceput de martie. Primavara se apropia cu pasi repezi. Sfarsitul de an trezise noi sperante in sufletele tuturor romanilor. Revolutia din decembrie promisese oamenilor mult asteptata libertate si odata cu ea slobozirea credintei. La Smeeni, copiii, tinerii sau batranii mergeau fara frica la biserica.<\/p>\n\n\n\n<p>Intr-o casa nu prea bogata de la margine de sat, o femeie sarmana isi traia viata dupa o zi pe alta. In aceea noapte de martie a avut un vis. Maica Domnului inconjurata de toi sfintii impartea daruri multimii adunate in jurul sau. Fiecaruia dupa viata si credinta sa. Anisoarei Tudose i-a spus aratandu-i cu mana spre nord: \u201c Iti gasesti vindecarea in a treia saptamana. Sa iei apa din fantana Domnului, sa bei si sa te speli cu ea\u201d De cum s-a sculat, batrana a rememorat visul, etapa cu etapa. La cativa kilometri de casa se afla un izvor tamaduitor, acum uitat de toti.<\/p>\n\n\n\n<p>Batrana avusese mai intai o gajaiala, dupa care isi pierduse graiul. Isi chema baietii si vecinii cu un fluier pe care il purta permanent la ea. Mos Vasile isi aminteste ca a zarit-o mergand la locul cu pricina. Batranii satului nu s-au mirat deloc de aceasta intamplare. Lucruri mult mai grozave vazusera si auzisera ei. S-au dus la parintele paroh Constantin Isbasoiu, cel care le vorbise in biserica despre recunoasterea credintei strabune. Abia acum s-au dumirit ei. Fantana tamaduirii putea sa devina fara oprelisti un bun al tuturor. Oamenii buni si batrani, noua la numar, s-au legat intr-un comitet. Sarcina lor nu era deloc simpla. Curatirea fantanii, intretinerea si amenajarea ei. Deja se auzise in toata tara si lumea o luase cu asalt.<\/p>\n\n\n\n<p>O batrana din Gheraseni (sat invecinat cu Smeeni) ramasese oarba de ani buni. De nenumarate ori si-a rugat fiul sa o duca la fantana. Luat cu treburile, baiatul o tot amana. A apelat la un vecin care avea drum intracolo. Dupa trei slujbe a intrat pe poarta casei uimita de cele ce vedea \u201d Doamne, vad\u201d, a exclamat. Apoi\u201d Ioane, frumoasa casa ti-ai durat!\u201d. \u201c Si susurul asta al tau nu stiam ca-i asa mandru!\u201d Copii au ramas inmarmuriti. Batrana nu vedea de mai bine de 10 ani. A murit cand mergea pe 90 de ani, dar a murit cu vaz.<\/p>\n\n\n\n<p>Anii dinainte de al doilea mare razboi au lasat in mintea batranilor multe imagini inca vii. In 1924, isi aminteste Teodor C. Radu, cantaret la parohia din Smeeni, aveam cativa ani si m-am imbolnavit de varsat. M-a luat mama pe brate si m-a dus la fantana. Era sarbatoare si venise lume din toata tara. Mama a vrut sa ma spele chiar acolo, dar un om bine imbracat i-a spus ca apa trebuie intai incalzita si pe urma sa ma spele. Apoi mama a luat apa acasa, a incalzit-o putin, m-a spalat de cateva ori, dupa care m-a infasurat intr-un cearsaf. M-am vindecat si nu mi-a ramas nici un semn, cu toate ca aveam varsat mare.<\/p>\n\n\n\n<p>Acelasi Tudor C. Radu vorbeste de larga recunoastere a fantanii inainte de razboi. In 1944, la Budapesta aflandu-se ca vine de prin partile Buzaului a fost intrebat de fantana miraculoasa din Smeeni. Prin intermediul unui ceferist roman casatorit in Ungaria, un ungur a tinut mult sa-i comunice ca tatal sau, paralizat de o mana si de un picior, a plecat la fantana din Smeeni, unde a stat sub tratament o vara intreaga. Facea impachetari si se spala cu apa de aici, indeosebi pe mana si piciorul bolnave. Toamna a plecat sanatos. \u201c De unde o fi stiut ungurul acela de fantana noastra n-am aflat nici atunci, nici mai tarziu\u201d.<\/p>\n\n\n\n<p>Oamenii ajungeau s\u0103 \u00ee\u015fi v\u00e2nd\u0103 agoniseala ca s\u0103 cumpere ap\u0103 \u015fi pungi cu n\u0103mol. \u00cen toamna anului 1990, autorit\u0103\u0163ile locale au decis din nou s\u0103 izoleze sursa de ap\u0103 de la Smeeni. \u201c\u00cen urma analizelor, nu s-au descoperit substan\u0163e deosebite \u00een ap\u0103, dar cert este c\u0103 era curat\u0103 \u015fi mai rece dec\u00e2t cea obi\u015fnuit\u0103, pentru c\u0103 provenea dintr-un izvor subteran al r\u00e2ului C\u0103lm\u0103\u0163ui. Nu este exclus \u00eens\u0103 ca unele vindec\u0103ri ale unor boli mai pu\u0163in grave s\u0103 fi fost rodul autosugestiei\u201d, a declarat medicul Mariana Barna, fost director zonal al Spitalului din Smeeni, pentru o publica\u0163ie local\u0103 din Buz\u0103u.<\/p>\n\n\n\n<p>Pentru a \u0163ine sub control calitatea apei, \u00een 1991, l\u00e2ng\u0103 l\u0103ca\u015ful ridicat din banii str\u00e2n\u015fi \u00een \u015fase luni din dona\u0163iile credincio\u015filor au fost amenajate o ci\u015fmea modern\u0103 \u015fi o f\u00e2nt\u00e2n\u0103. De atunci, \u00eens\u0103, pofta credincio\u015filor pentru apa de izvor, de-acum la discre\u0163ie, s-a diminuat aproape instantaneu. Biserica mai atrage grupuri mari de oameni numai la s\u0103rb\u0103toarea cre\u015ftineasc\u0103 de Izvorul T\u0103m\u0103duirii.<\/p>\n","protected":false},"excerpt":{"rendered":"<p>La mai pu\u0163in de 20 de km distanta de ora\u015ful Buz\u0103u, pe marginea drumului care duce catre localitatea Smeeni, in inima B\u0103r\u0103ganului se afl\u0103 o<\/p>\n","protected":false},"author":1,"featured_media":41200,"comment_status":"closed","ping_status":"closed","sticky":false,"template":"","format":"standard","meta":[],"categories":[1],"tags":[],"_links":{"self":[{"href":"https:\/\/calatorinromania.com\/index.php?rest_route=\/wp\/v2\/posts\/41199"}],"collection":[{"href":"https:\/\/calatorinromania.com\/index.php?rest_route=\/wp\/v2\/posts"}],"about":[{"href":"https:\/\/calatorinromania.com\/index.php?rest_route=\/wp\/v2\/types\/post"}],"author":[{"embeddable":true,"href":"https:\/\/calatorinromania.com\/index.php?rest_route=\/wp\/v2\/users\/1"}],"replies":[{"embeddable":true,"href":"https:\/\/calatorinromania.com\/index.php?rest_route=%2Fwp%2Fv2%2Fcomments&post=41199"}],"version-history":[{"count":1,"href":"https:\/\/calatorinromania.com\/index.php?rest_route=\/wp\/v2\/posts\/41199\/revisions"}],"predecessor-version":[{"id":41201,"href":"https:\/\/calatorinromania.com\/index.php?rest_route=\/wp\/v2\/posts\/41199\/revisions\/41201"}],"wp:featuredmedia":[{"embeddable":true,"href":"https:\/\/calatorinromania.com\/index.php?rest_route=\/wp\/v2\/media\/41200"}],"wp:attachment":[{"href":"https:\/\/calatorinromania.com\/index.php?rest_route=%2Fwp%2Fv2%2Fmedia&parent=41199"}],"wp:term":[{"taxonomy":"category","embeddable":true,"href":"https:\/\/calatorinromania.com\/index.php?rest_route=%2Fwp%2Fv2%2Fcategories&post=41199"},{"taxonomy":"post_tag","embeddable":true,"href":"https:\/\/calatorinromania.com\/index.php?rest_route=%2Fwp%2Fv2%2Ftags&post=41199"}],"curies":[{"name":"wp","href":"https:\/\/api.w.org\/{rel}","templated":true}]}}