{"id":41197,"date":"2025-08-11T16:39:24","date_gmt":"2025-08-11T16:39:24","guid":{"rendered":"https:\/\/calatorinromania.com\/?p=41197"},"modified":"2025-08-11T16:39:24","modified_gmt":"2025-08-11T16:39:24","slug":"barbatul-isi-da-afara-sotia","status":"publish","type":"post","link":"https:\/\/calatorinromania.com\/?p=41197","title":{"rendered":"B\u0102RBATUL \u00ce\u0218I D\u0102 AFAR\u0102 SO\u021aIA"},"content":{"rendered":"\n<p>Mihai sim\u021bea cum aerul i se blocheaz\u0103 \u00een piept. Era ca \u0219i cum to\u021bi anii trecuser\u0103 \u00eentr-o clip\u0103, iar trecutul, de care fusese at\u00e2t de m\u00e2ndru c\u0103 a sc\u0103pat, se \u00eentorcea \u00een fa\u021ba lui, mai viu \u0219i mai t\u0103ios ca oric\u00e2nd.<\/p>\n\n\n\n<p><\/p>\n\n\n\n<p>\u2014 Bun\u0103 seara, Mihai \u2014 a spus Emilia, cu o voce calm\u0103, dar plin\u0103 de greutate. \u2014 Cred c\u0103 avem de vorbit.<\/p>\n\n\n\n<p><\/p>\n\n\n\n<p>Privirea lui a cobor\u00e2t spre cei doi copii. Erau identici, cu p\u0103rul castaniu \u0219i ochii c\u0103prui, fix aceia\u0219i ochi pe care \u00eei vedea \u00een oglind\u0103 \u00een fiecare diminea\u021b\u0103.<\/p>\n\n\n\n<p><\/p>\n\n\n\n<p>\u2014 Ei\u2026 sunt\u2026? \u2014 cuvintele i-au r\u0103mas ag\u0103\u021bate \u00een g\u00e2t.<\/p>\n\n\n\n<p><\/p>\n\n\n\n<p>\u2014 Da \u2014 a r\u0103spuns Emilia, f\u0103r\u0103 s\u0103 clipeasc\u0103. \u2014 Sunt copiii t\u0103i.<\/p>\n\n\n\n<p><\/p>\n\n\n\n<p>Lini\u0219tea dintre ei era t\u0103iat\u0103 doar de v\u00e2ntul rece de sear\u0103. Dincolo de poart\u0103, lumea mergea mai departe, dar pentru Mihai timpul se oprise.<\/p>\n\n\n\n<p><\/p>\n\n\n\n<p>\u2014 De ce\u2026 de ce nu mi-ai spus? \u2014 a reu\u0219it s\u0103 murmure.<\/p>\n\n\n\n<p>\u2014 \u021ai-am dat \u0219ansa, atunci. Ai ales s\u0103 nu m\u0103 vezi, s\u0103 nu m\u0103 auzi. Mi-ai \u00eentors spatele c\u00e2nd aveam cea mai mare nevoie de tine. \u0218i, sincer, n-am vrut ca ei s\u0103 creasc\u0103 \u00een umbra cuiva care \u00eei considera o povar\u0103 \u2014 spuse ea, ridic\u00e2nd u\u0219or b\u0103rbia.<\/p>\n\n\n\n<p>Mihai \u00ee\u0219i sim\u021bea palmele transpirate. \u00cen tot acest timp, el se l\u0103udase cu noua lui via\u021b\u0103, cu afacerile, cu partenera \u201eperfect\u0103\u201d. Dar \u00een fa\u021ba lui st\u0103tea ceva ce nu putea cump\u0103ra, negocia sau controla: adev\u0103rul.<\/p>\n\n\n\n<p>\u2014 \u0218i acum\u2026 de ce ai venit? \u2014 a \u00eentrebat, \u00eencerc\u00e2nd s\u0103 \u00ee\u0219i recapete controlul.<\/p>\n\n\n\n<p>\u2014 Pentru c\u0103 trebuie s\u0103 \u0219tii cine sunt ei. \u0218i pentru c\u0103\u2026 nu vreau ca peste ani s\u0103 m\u0103 \u00eentrebe: \u201eUnde era tata?\u201d \u2014 a spus Emilia, privind direct \u00een ochii lui. \u2014 Vreau s\u0103 aud\u0103 de la tine r\u0103spunsul.<\/p>\n\n\n\n<p>Gemenii \u00eel priveau curio\u0219i, f\u0103r\u0103 s\u0103 \u0219tie drama din spatele acelui moment. Mihai a sim\u021bit o \u00een\u021bep\u0103tur\u0103 \u00een piept, un amestec de ru\u0219ine \u0219i dorin\u021b\u0103 de a da timpul \u00eenapoi.<\/p>\n\n\n\n<p>\u00cen curtea din spate, mirosul teilor \u00eenflori\u021bi aducea aminte de verile din copil\u0103rie, de serile \u00een care el \u0219i Emilia st\u0103teau pe banc\u0103, f\u0103c\u00e2nd planuri pentru viitor. Un viitor pe care el \u00eel aruncase la gunoi pentru o imagine fals\u0103.<\/p>\n\n\n\n<p>\u2014 Intr\u0103\u2026 \u2014 a spus, cu o voce stins\u0103.<\/p>\n\n\n\n<p>\u00cen\u0103untru, copiii au \u00eenceput s\u0103 exploreze, pun\u00e2nd m\u00e2na pe tot ce li se p\u0103rea interesant. Emilia s-a a\u0219ezat la masa din buc\u0103t\u0103rie, locul unde c\u00e2ndva \u00eei preg\u0103tea lui Mihai cafeaua diminea\u021ba.<\/p>\n\n\n\n<p>\u2014 Nu am venit s\u0103-\u021bi cer nimic. Nu am nevoie de bani, de ajutor sau de explica\u021bii pentru trecut. Am venit s\u0103 \u00ee\u021bi ofer ocazia de a fi parte din via\u021ba lor. Restul\u2026 depinde de tine.<\/p>\n\n\n\n<p>Mihai a sim\u021bit c\u0103 i se str\u00e2nge stomacul. Se g\u00e2ndea la toate nop\u021bile pierdute \u00een localuri, la oamenii fal\u0219i care \u00eei \u021bineau companie, la femeia pe care o alesese \u00een locul Emiliei \u0219i care, \u00een final, \u00eel p\u0103r\u0103sise pentru cineva mai influent.<\/p>\n\n\n\n<p>Privirea lui s-a \u00eentors spre gemeni. Unul dintre ei i-a z\u00e2mbit larg, iar Mihai a sim\u021bit cum ceva se rupe \u00een el \u2014 zidul rece pe care \u00eel ridicase ani la r\u00e2nd.<\/p>\n\n\n\n<p>\u2014 Dac\u0103 m\u0103 mai la\u0219i\u2026 vreau s\u0103 \u00eencerc \u2014 a spus el \u00eencet.<\/p>\n\n\n\n<p>Emilia a r\u0103mas c\u00e2teva clipe \u00een t\u0103cere, apoi a dat din cap. \u2014 Nu e vorba despre mine, Mihai. E vorba despre ei. Dac\u0103 vei reu\u0219i s\u0103 le fii tat\u0103, atunci ai totul de c\u00e2\u0219tigat.<\/p>\n\n\n\n<p>\u0218i, \u00een acel moment, Mihai a \u00een\u021beles. Nu pierduse doar o so\u021bie, pierduse ani \u00eentregi din via\u021ba copiilor s\u0103i. Dar poate, doar poate, nu era prea t\u00e2rziu s\u0103 recupereze.<\/p>\n\n\n\n<p><em>Aceast\u0103 lucrare este inspirat\u0103 din evenimente \u0219i persoane reale, \u00eens\u0103 a fost fic\u021bionalizat\u0103 \u00een scopuri creative. Numele, personajele \u0219i detaliile au fost schimbate pentru a proteja intimitatea \u0219i pentru a \u00eembun\u0103t\u0103\u021bi nara\u021biunea. Orice asem\u0103nare cu persoane reale, \u00een via\u021b\u0103 sau decedate, sau cu evenimente reale este pur \u00eent\u00e2mpl\u0103toare \u0219i nu este inten\u021bionat\u0103 de c\u0103tre autor.<\/em><\/p>\n\n\n\n<p><em>Autorul \u0219i editorul nu \u00ee\u0219i asum\u0103 responsabilitatea pentru exactitatea evenimentelor sau pentru modul \u00een care sunt portretizate personajele \u0219i nu sunt r\u0103spunz\u0103tori pentru eventuale interpret\u0103ri gre\u0219ite. Aceast\u0103 poveste este oferit\u0103 \u201eca atare\u201d, iar orice opinii exprimate apar\u021bin personajelor \u0219i nu reflect\u0103 punctele de vedere ale autorului sau ale editorului.<\/em><\/p>\n","protected":false},"excerpt":{"rendered":"<p>Mihai sim\u021bea cum aerul i se blocheaz\u0103 \u00een piept. Era ca \u0219i cum to\u021bi anii trecuser\u0103 \u00eentr-o clip\u0103, iar trecutul, de care fusese at\u00e2t de<\/p>\n","protected":false},"author":1,"featured_media":40932,"comment_status":"closed","ping_status":"closed","sticky":false,"template":"","format":"standard","meta":[],"categories":[1],"tags":[],"_links":{"self":[{"href":"https:\/\/calatorinromania.com\/index.php?rest_route=\/wp\/v2\/posts\/41197"}],"collection":[{"href":"https:\/\/calatorinromania.com\/index.php?rest_route=\/wp\/v2\/posts"}],"about":[{"href":"https:\/\/calatorinromania.com\/index.php?rest_route=\/wp\/v2\/types\/post"}],"author":[{"embeddable":true,"href":"https:\/\/calatorinromania.com\/index.php?rest_route=\/wp\/v2\/users\/1"}],"replies":[{"embeddable":true,"href":"https:\/\/calatorinromania.com\/index.php?rest_route=%2Fwp%2Fv2%2Fcomments&post=41197"}],"version-history":[{"count":1,"href":"https:\/\/calatorinromania.com\/index.php?rest_route=\/wp\/v2\/posts\/41197\/revisions"}],"predecessor-version":[{"id":41198,"href":"https:\/\/calatorinromania.com\/index.php?rest_route=\/wp\/v2\/posts\/41197\/revisions\/41198"}],"wp:featuredmedia":[{"embeddable":true,"href":"https:\/\/calatorinromania.com\/index.php?rest_route=\/wp\/v2\/media\/40932"}],"wp:attachment":[{"href":"https:\/\/calatorinromania.com\/index.php?rest_route=%2Fwp%2Fv2%2Fmedia&parent=41197"}],"wp:term":[{"taxonomy":"category","embeddable":true,"href":"https:\/\/calatorinromania.com\/index.php?rest_route=%2Fwp%2Fv2%2Fcategories&post=41197"},{"taxonomy":"post_tag","embeddable":true,"href":"https:\/\/calatorinromania.com\/index.php?rest_route=%2Fwp%2Fv2%2Ftags&post=41197"}],"curies":[{"name":"wp","href":"https:\/\/api.w.org\/{rel}","templated":true}]}}