{"id":41195,"date":"2025-08-11T16:38:05","date_gmt":"2025-08-11T16:38:05","guid":{"rendered":"https:\/\/calatorinromania.com\/?p=41195"},"modified":"2025-08-11T16:38:06","modified_gmt":"2025-08-11T16:38:06","slug":"au-batjocorit-fata-imbracata-intr-o-rochie-ieftina","status":"publish","type":"post","link":"https:\/\/calatorinromania.com\/?p=41195","title":{"rendered":"Au batjocorit fata \u00eembr\u0103cat\u0103 \u00eentr-o rochie ieftin\u0103"},"content":{"rendered":"\n<p>Emma a sim\u021bit cum aerul devine greu \u00een jurul ei. Un murmur a \u00eenceput s\u0103 se r\u0103sp\u00e2ndeasc\u0103 printre invita\u021bi, dar nimeni nu \u00eendr\u0103znea s\u0103 se apropie. Henry Blackwell \u00eei \u00eentinse trandafirul alb, iar vocea lui cald\u0103, dar plin\u0103 de gravitate, p\u0103rea s\u0103 poarte o greutate din alt\u0103 lume.<\/p>\n\n\n\n<p><\/p>\n\n\n\n<p>\u2014 Tat\u0103l t\u0103u mi-a salvat via\u021ba, spuse el rar, aleg\u00e2ndu-\u0219i cuvintele. \u00cen urm\u0103 cu mul\u021bi ani, \u00eentr-o noapte geroas\u0103, m-a g\u0103sit r\u0103t\u0103cind printr-un sat de munte. M-a adus \u00een casa lui, mi-a dat de m\u00e2ncare \u0219i mi-a oferit singurul pat liber. Nu am uitat niciodat\u0103 bun\u0103tatea lui.<\/p>\n\n\n\n<p><\/p>\n\n\n\n<p>Ochii lui se umezir\u0103, iar Rachel \u00ee\u0219i duse m\u00e2na la gur\u0103. \u00ce\u0219i amintea noaptea aceea, dar nu \u0219tia c\u0103 omul salvat era acum un om influent, cu o avere uria\u0219\u0103.<\/p>\n\n\n\n<p>\u2014 C\u00e2nd am aflat ce s-a \u00eent\u00e2mplat cu el, am jurat c\u0103, dac\u0103 voi g\u0103si familia lui, voi avea grij\u0103 de ea, continu\u0103 Henry. \u0218i azi\u2026 am venit s\u0103 \u00eemi \u021bin promisiunea.<\/p>\n\n\n\n<p><\/p>\n\n\n\n<p>Mul\u021bimea st\u0103tea nemi\u0219cat\u0103, ca \u0219i cum ar fi asistat la o scen\u0103 dintr-un film. Henry scoase din buzunar un plic gros \u0219i \u00eel puse \u00een m\u00e2na Emmei.<\/p>\n\n\n\n<p><\/p>\n\n\n\n<p>\u2014 Aici este bursa ta complet\u0103 pentru orice \u0219coal\u0103 vrei din \u021bar\u0103. Iar dac\u0103 vei dori, \u00ee\u021bi voi fi mentor, ca s\u0103 \u00ee\u021bi urmezi visurile.<\/p>\n\n\n\n<p>Emma \u00ee\u0219i sim\u021bea inima b\u0103t\u00e2nd nebune\u0219te. Rachel a \u00eencercat s\u0103 spun\u0103 ceva, dar cuvintele i s-au fr\u00e2nt \u00een lacrimi.<\/p>\n\n\n\n<p>Vivian, cea care r\u00e2sese cu pu\u021bin timp \u00een urm\u0103, privea acum \u00een p\u0103m\u00e2nt, ro\u0219ie la fa\u021b\u0103. Oaspe\u021bii care se f\u0103cuser\u0103 de\u0219tep\u021bi mai devreme \u00ee\u0219i schimbaser\u0103 expresiile \u00een unele jenate.<\/p>\n\n\n\n<p>Henry se \u00eentoarse c\u0103tre Rachel.<\/p>\n\n\n\n<p>\u2014 \u0218tiu c\u0103 nu pot umple golul l\u0103sat de so\u021bul t\u0103u, dar vreau s\u0103 \u0219tii c\u0103 bun\u0103tatea lui tr\u0103ie\u0219te mai departe.<\/p>\n\n\n\n<p>\u00cen acel moment, \u00een dep\u0103rtare, orchestra din gr\u0103din\u0103 \u00eencepu s\u0103 c\u00e2nte un vals vechi, acela\u0219i pe care Rachel \u00eel ascultase cu so\u021bul ei \u00een tinere\u021be, la s\u0103rb\u0103torile din sat. V\u00e2ntul aduse miros de iarb\u0103 cosit\u0103 \u0219i de flori de tei, amintind de verile rom\u00e2ne\u0219ti simple, cu mesele pline \u0219i r\u00e2setele vecinilor pe uli\u021b\u0103.<\/p>\n\n\n\n<p>Emma, \u021bin\u00e2nd trandafirul alb la piept, \u00ee\u0219i ridic\u0103 privirea \u0219i z\u00e2mbi, pentru prima dat\u0103 \u00een acea sear\u0103.<\/p>\n\n\n\n<p>\u2014 Mul\u021bumesc, domnule Blackwell, spuse ea cu o voce hot\u0103r\u00e2t\u0103. Promit s\u0103 fac tot ce pot ca s\u0103 fiu demn\u0103 de ceea ce a\u021bi f\u0103cut pentru mine.<\/p>\n\n\n\n<p>Henry \u00eei atinse u\u0219or um\u0103rul, apoi se \u00eendep\u0103rt\u0103, l\u0103s\u00e2nd \u00een urm\u0103 un murmur de uimire \u0219i respect.<\/p>\n\n\n\n<p>\u00cen acea sear\u0103, petrecerea de lux se transform\u0103 \u00eentr-o lec\u021bie despre modestie \u0219i recuno\u0219tin\u021b\u0103. Iar pentru Emma \u0219i Rachel, limuzina alb\u0103 nu fusese doar un vehicul, ci un semn c\u0103, indiferent de c\u00e2t de crud\u0103 poate fi lumea, bun\u0103tatea adev\u0103rat\u0103 g\u0103se\u0219te mereu drumul \u00eenapoi.<\/p>\n\n\n\n<p>Emma str\u00e2nse plicul la piept, iar \u00een ochii ei se aprinse o lumin\u0103 nou\u0103. Nu era doar \u00eenceputul unei alte zile \u2014 era \u00eenceputul unei vie\u021bi \u00een care nu se va mai sim\u021bi niciodat\u0103 invizibil\u0103.<\/p>\n\n\n\n<p><em>Aceast\u0103 lucrare este inspirat\u0103 din evenimente \u0219i persoane reale, \u00eens\u0103 a fost fic\u021bionalizat\u0103 \u00een scopuri creative. Numele, personajele \u0219i detaliile au fost schimbate pentru a proteja intimitatea \u0219i pentru a \u00eembun\u0103t\u0103\u021bi nara\u021biunea. Orice asem\u0103nare cu persoane reale, \u00een via\u021b\u0103 sau decedate, sau cu evenimente reale este pur \u00eent\u00e2mpl\u0103toare \u0219i nu este inten\u021bionat\u0103 de c\u0103tre autor.<\/em><\/p>\n\n\n\n<p><em>Autorul \u0219i editorul nu \u00ee\u0219i asum\u0103 responsabilitatea pentru exactitatea evenimentelor sau pentru modul \u00een care sunt portretizate personajele \u0219i nu sunt r\u0103spunz\u0103tori pentru eventuale interpret\u0103ri gre\u0219ite. Aceast\u0103 poveste este oferit\u0103 \u201eca atare\u201d, iar orice opinii exprimate apar\u021bin personajelor \u0219i nu reflect\u0103 punctele de vedere ale autorului sau ale editorului.<\/em><\/p>\n","protected":false},"excerpt":{"rendered":"<p>Emma a sim\u021bit cum aerul devine greu \u00een jurul ei. Un murmur a \u00eenceput s\u0103 se r\u0103sp\u00e2ndeasc\u0103 printre invita\u021bi, dar nimeni nu \u00eendr\u0103znea s\u0103 se<\/p>\n","protected":false},"author":1,"featured_media":40932,"comment_status":"closed","ping_status":"closed","sticky":false,"template":"","format":"standard","meta":[],"categories":[1],"tags":[],"_links":{"self":[{"href":"https:\/\/calatorinromania.com\/index.php?rest_route=\/wp\/v2\/posts\/41195"}],"collection":[{"href":"https:\/\/calatorinromania.com\/index.php?rest_route=\/wp\/v2\/posts"}],"about":[{"href":"https:\/\/calatorinromania.com\/index.php?rest_route=\/wp\/v2\/types\/post"}],"author":[{"embeddable":true,"href":"https:\/\/calatorinromania.com\/index.php?rest_route=\/wp\/v2\/users\/1"}],"replies":[{"embeddable":true,"href":"https:\/\/calatorinromania.com\/index.php?rest_route=%2Fwp%2Fv2%2Fcomments&post=41195"}],"version-history":[{"count":1,"href":"https:\/\/calatorinromania.com\/index.php?rest_route=\/wp\/v2\/posts\/41195\/revisions"}],"predecessor-version":[{"id":41196,"href":"https:\/\/calatorinromania.com\/index.php?rest_route=\/wp\/v2\/posts\/41195\/revisions\/41196"}],"wp:featuredmedia":[{"embeddable":true,"href":"https:\/\/calatorinromania.com\/index.php?rest_route=\/wp\/v2\/media\/40932"}],"wp:attachment":[{"href":"https:\/\/calatorinromania.com\/index.php?rest_route=%2Fwp%2Fv2%2Fmedia&parent=41195"}],"wp:term":[{"taxonomy":"category","embeddable":true,"href":"https:\/\/calatorinromania.com\/index.php?rest_route=%2Fwp%2Fv2%2Fcategories&post=41195"},{"taxonomy":"post_tag","embeddable":true,"href":"https:\/\/calatorinromania.com\/index.php?rest_route=%2Fwp%2Fv2%2Ftags&post=41195"}],"curies":[{"name":"wp","href":"https:\/\/api.w.org\/{rel}","templated":true}]}}