{"id":41189,"date":"2025-08-11T16:29:30","date_gmt":"2025-08-11T16:29:30","guid":{"rendered":"https:\/\/calatorinromania.com\/?p=41189"},"modified":"2025-10-07T08:40:03","modified_gmt":"2025-10-07T08:40:03","slug":"tripletii-nostri-au-fost-crescuti-in-acelasi-fel-pana-cand-unul-dintre-ei-a-inceput-sa-spuna-lucruri-continuarea","status":"publish","type":"post","link":"https:\/\/calatorinromania.com\/?p=41189","title":{"rendered":"\u201dTriple\u021bii no\u0219tri au fost crescu\u021bi \u00een acela\u0219i fel, p\u00e2n\u0103 c\u00e2nd unul dintre ei a \u00eenceput s\u0103 spun\u0103 lucruri\u201d \u2013 continuarea"},"content":{"rendered":"\n<p>Triple\u021bii no\u0219tri au fost crescu\u021bi \u00een acela\u0219i fel, p\u00e2n\u0103 c\u00e2nd unul dintre ei a \u00eenceput s\u0103 spun\u0103 lucruri pe care n-ar fi avut cum s\u0103 le \u0219tie.<\/p>\n\n\n\n<p><\/p>\n\n\n\n<p>To\u021bi f\u0103ceau mereu haz c\u0103 o s\u0103 ajungem s\u0103 le punem papioane colorate, doar ca s\u0103-i putem deosebi. \u0218i exact asta am f\u0103cut \u2014 unul avea papion albastru, altul turcoaz, iar cel\u0103lalt ro\u0219u. Trei copii des\u0103v\u00e2r\u0219i\u021bi, identici p\u00e2n\u0103 la cele mai mici detalii, chiar \u0219i gropi\u021bele din obraji erau la fel.<\/p>\n\n\n\n<p><\/p>\n\n\n\n<p>\u00ce\u0219i terminau frazele unul altuia, aveau un limbaj numai al lor \u0219i \u00eemp\u0103r\u021beau absolut orice. Era ca \u0219i cum am fi crescut un singur suflet, \u00eemp\u0103r\u021bit \u00een trei trupuri.<\/p>\n\n\n\n<p><\/p>\n\n\n\n<p>Dar acum c\u00e2teva s\u0103pt\u0103m\u00e2ni, Turcoazul \u2014 Eli \u2014 a \u00eenceput s\u0103 se trezeasc\u0103 pl\u00e2ng\u00e2nd. Nu din pricina co\u0219marurilor, ci din ceea ce el numea amintiri.<\/p>\n\n\n\n<p><\/p>\n\n\n\n<p>Spunea lucruri ciudate, de genul: \u201e\u021ai-aminte\u0219ti de casa aceea veche, cu u\u0219a ro\u0219ie?\u201d<\/p>\n\n\n\n<p>Noi n-am avut niciodat\u0103 vreo cas\u0103 cu u\u0219\u0103 ro\u0219ie.<\/p>\n\n\n\n<p>Sau: \u201eDe ce nu o mai vedem pe doamna L\u0103cr\u0103mioara? \u00centotdeauna \u00eemi d\u0103dea bomboane cu ment\u0103.\u201d<\/p>\n\n\n\n<p>Noi nu cunoa\u0219tem pe nimeni cu numele L\u0103cr\u0103mioara.<\/p>\n\n\n\n<p>Noaptea trecut\u0103\u2026<\/p>\n\n\n\n<p>Noaptea trecut\u0103, Eli s-a ridicat din pat, s-a uitat direct spre mine \u0219i a spus cu o voce care p\u0103rea mai matur\u0103 dec\u00e2t a unui copil de patru ani:<\/p>\n\n\n\n<p>\u2014 Mami, o s\u0103 fie bine. L\u0103cr\u0103mioara spune c\u0103 trebuie doar s\u0103 ne bucur\u0103m de via\u021b\u0103. \u0218i c\u0103 ea vegheaz\u0103 mereu asupra noastr\u0103.<\/p>\n\n\n\n<p>Am sim\u021bit cum mi se str\u00e2nge inima. Am \u00eencercat s\u0103-l \u00eentreb cine e L\u0103cr\u0103mioara, dar el a z\u00e2mbit lini\u0219tit \u0219i s-a cuib\u0103rit \u00een bra\u021bele mele, adormind imediat.<\/p>\n\n\n\n<p>A doua zi, am decis s\u0103-l duc pe Eli la plimbare prin cartierul vechi al ora\u0219ului, unde copil\u0103risem \u0219i eu. \u00cen timp ce mergeam, Eli a tras brusc de m\u00e2na mea \u0219i a ar\u0103tat spre o cas\u0103 veche, cu obloane ro\u0219ii, aproape ascunse de ieder\u0103.<\/p>\n\n\n\n<p>\u2014 Uite, mami, acolo locuia doamna L\u0103cr\u0103mioara. Dar acum nu mai e aici. E \u00een cer \u0219i ne trimite bomboane de-acolo, s\u0103 fim ferici\u021bi.<\/p>\n\n\n\n<p>Am r\u0103mas f\u0103r\u0103 cuvinte. Casa aceea fusese a unei b\u0103tr\u00e2ne pe care o \u0219tiam \u0219i eu din copil\u0103rie. O chema, incredibil, L\u0103cr\u0103mioara, \u0219i \u00eemi oferea mereu bomboane cu ment\u0103. Murise cu ani \u00een urm\u0103, mult \u00eenainte ca triple\u021bii s\u0103 se nasc\u0103.<\/p>\n\n\n\n<p>Am plecat de acolo cu o pace greu de descris. Poate c\u0103 unele amintiri sunt mai vechi dec\u00e2t vie\u021bile noastre, poate c\u0103 sufletele au leg\u0103turi tainice, pe care noi nu le putem \u00een\u021belege.<\/p>\n\n\n\n<p>Cert este c\u0103, din ziua aceea, Eli n-a mai pl\u00e2ns niciodat\u0103 \u00een somn. Triple\u021bii au crescut frumos, uni\u021bi cum numai ei \u0219tiau s\u0103 fie. Iar \u00een serile lini\u0219tite, c\u00e2nd \u00eei priveam juc\u00e2ndu-se, aveam sentimentul ciudat, dar minunat, c\u0103 eram \u00eenconjura\u021bi nu doar de dragostea lor, ci \u0219i de o ocrotire nev\u0103zut\u0103, dulce ca o bomboan\u0103 cu ment\u0103.<\/p>\n\n\n\n<p>Dac\u0103 \u021bi-a pl\u0103cut povestea, nu uita s\u0103 o distribui cu prietenii t\u0103i! \u00cempreun\u0103 putem duce mai departe emo\u021bia \u0219i inspira\u021bia.<\/p>\n\n\n\n<p>\u201dAceast\u0103 poveste este inspirat\u0103 din evenimente \u0219i persoane reale, \u00eens\u0103 a fost fic\u021bionalizat\u0103 \u00een scopuri creative. Numele, personajele \u0219i detaliile au fost schimbate pentru a proteja intimitatea \u0219i pentru a \u00eembun\u0103t\u0103\u021bi nara\u021biunea. Orice asem\u0103nare cu persoane reale, sau cu evenimente reale este pur \u00eent\u00e2mpl\u0103toare \u0219i nu este inten\u021bionat\u0103 de c\u0103tre autor.<\/p>\n\n\n\n<p>Autorul \u0219i editorul nu \u00ee\u0219i asum\u0103 responsabilitatea pentru exactitatea evenimentelor sau pentru modul \u00een care sunt portretizate personajele \u0219i nu sunt r\u0103spunz\u0103tori pentru eventuale interpret\u0103ri gre\u0219ite. Aceast\u0103 poveste este oferit\u0103 \u201eca atare\u201d, iar orice opinii exprimate apar\u021bin personajelor \u0219i nu reflect\u0103 punctele de vedere ale autorului sau ale editorului.\u201d<\/p>\n","protected":false},"excerpt":{"rendered":"<p>Triple\u021bii no\u0219tri au fost crescu\u021bi \u00een acela\u0219i fel, p\u00e2n\u0103 c\u00e2nd unul dintre ei a \u00eenceput s\u0103 spun\u0103 lucruri pe care n-ar fi avut cum s\u0103<\/p>\n","protected":false},"author":1,"featured_media":40939,"comment_status":"closed","ping_status":"closed","sticky":false,"template":"","format":"standard","meta":[],"categories":[1],"tags":[],"_links":{"self":[{"href":"https:\/\/calatorinromania.com\/index.php?rest_route=\/wp\/v2\/posts\/41189"}],"collection":[{"href":"https:\/\/calatorinromania.com\/index.php?rest_route=\/wp\/v2\/posts"}],"about":[{"href":"https:\/\/calatorinromania.com\/index.php?rest_route=\/wp\/v2\/types\/post"}],"author":[{"embeddable":true,"href":"https:\/\/calatorinromania.com\/index.php?rest_route=\/wp\/v2\/users\/1"}],"replies":[{"embeddable":true,"href":"https:\/\/calatorinromania.com\/index.php?rest_route=%2Fwp%2Fv2%2Fcomments&post=41189"}],"version-history":[{"count":1,"href":"https:\/\/calatorinromania.com\/index.php?rest_route=\/wp\/v2\/posts\/41189\/revisions"}],"predecessor-version":[{"id":41190,"href":"https:\/\/calatorinromania.com\/index.php?rest_route=\/wp\/v2\/posts\/41189\/revisions\/41190"}],"wp:featuredmedia":[{"embeddable":true,"href":"https:\/\/calatorinromania.com\/index.php?rest_route=\/wp\/v2\/media\/40939"}],"wp:attachment":[{"href":"https:\/\/calatorinromania.com\/index.php?rest_route=%2Fwp%2Fv2%2Fmedia&parent=41189"}],"wp:term":[{"taxonomy":"category","embeddable":true,"href":"https:\/\/calatorinromania.com\/index.php?rest_route=%2Fwp%2Fv2%2Fcategories&post=41189"},{"taxonomy":"post_tag","embeddable":true,"href":"https:\/\/calatorinromania.com\/index.php?rest_route=%2Fwp%2Fv2%2Ftags&post=41189"}],"curies":[{"name":"wp","href":"https:\/\/api.w.org\/{rel}","templated":true}]}}