{"id":41187,"date":"2025-08-11T16:27:09","date_gmt":"2025-08-11T16:27:09","guid":{"rendered":"https:\/\/calatorinromania.com\/?p=41187"},"modified":"2025-08-11T16:27:10","modified_gmt":"2025-08-11T16:27:10","slug":"soacra-mea-a-venit-in-vizita-iar-dupa-plecarea-ei-cainele-nostru-a-inceput-sa-latre-si-sa-sape-intr-un-loc-anume-din-gradina-continuarea","status":"publish","type":"post","link":"https:\/\/calatorinromania.com\/?p=41187","title":{"rendered":"<strong>\u201dSoacra mea a venit \u00een vizit\u0103, iar dup\u0103 plecarea ei, c\u00e2inele nostru a \u00eenceput s\u0103 latre \u0219i s\u0103 sape \u00eentr-un loc anume din gr\u0103din\u0103\u201d \u2013 continuarea<\/strong>"},"content":{"rendered":"\n<p>Soacra mea a venit \u00een vizit\u0103, iar dup\u0103 plecarea ei, c\u00e2inele nostru a \u00eenceput s\u0103 latre \u0219i s\u0103 sape \u00eentr-un loc anume din gr\u0103din\u0103. Am decis s\u0103 sap acolo\u2026 \u0219i ce am descoperit m-a \u00eensp\u0103im\u00e2ntat.<\/p>\n\n\n\n<p>Locuim \u00eempreun\u0103 cu so\u021bul meu \u00een satul Valea Verde, \u00eentr-o zon\u0103 lini\u0219tit\u0103 \u0219i retras\u0103. El lucreaz\u0103 la o ferm\u0103 din apropiere, iar eu m\u0103 ocup de gospod\u0103rie, gr\u0103din\u0103rit \u0219i de cre\u0219terea feti\u021bei noastre de cinci ani, Sofia.<\/p>\n\n\n\n<p>Soacra mea locuie\u0219te \u00een Cluj-Napoca, la fiul ei cel mic, \u0219i niciodat\u0103 nu am avut o rela\u021bie apropiat\u0103. \u00cenc\u0103 din prima clip\u0103 m-a privit cu r\u0103ceal\u0103 \u0219i mi-a adresat comentarii ascu\u021bite. Am \u00eencercat mereu s\u0103 trec peste \u2014 din respect pentru familie \u0219i pentru lini\u0219tea c\u0103minului nostru.<\/p>\n\n\n\n<p>C\u00e2nd a spus c\u0103 ar vrea s\u0103 vin\u0103 la \u021bar\u0103 \u201eca s\u0103-\u0219i lini\u0219teasc\u0103 g\u00e2ndurile\u201d, so\u021bul a insistat s\u0103 o primim. De\u0219i aveam o presim\u021bire ap\u0103s\u0103toare, am acceptat. A sosit cu aceea\u0219i atitudine rigid\u0103. M\u00e2ncarea era mereu \u201eprea s\u0103rat\u0103\u201d, perdelele \u201eprost c\u0103lcate\u201d, iar felul \u00een care o cre\u0219team pe Sofia era, \u00een viziunea ei, total gre\u0219it. A generat tensiuni, a aruncat s\u0103ge\u021bi, \u0219i \u00een doar c\u00e2teva zile, rela\u021bia dintre mine \u0219i so\u021bul meu s-a r\u0103cit vizibil.<\/p>\n\n\n\n<p>Pl\u00e2ngeam pe ascuns, noaptea, rug\u00e2ndu-m\u0103 s\u0103 plece c\u00e2t mai cur\u00e2nd. Iar c\u00e2nd \u00eentr-un final s-a \u00eentors \u00een Cluj-Napoca, m-am sim\u021bit u\u0219urat\u0103. Dar lini\u0219tea nu a durat.<\/p>\n\n\n\n<p>A doua zi, c\u00e2inele nostru, Buster \u2014 un suflet bl\u00e2nd \u0219i prietenos \u2014 s-a comportat complet diferit. Alerga prin curte agitat, l\u0103tra spre col\u021bul gr\u0103dinii \u0219i \u00eencepea s\u0103 sape cu frenezie. Am \u00eencercat s\u0103-l lini\u0219tesc, dar nu m\u0103 asculta. Se vedea clar c\u0103 era nelini\u0219tit.<\/p>\n\n\n\n<p>A continuat \u0219i \u00een ziua urm\u0103toare. Sim\u021beam c\u0103 nu e o \u00eent\u00e2mplare. Ceva \u00eel deranja. Am luat o lopat\u0103 \u0219i am \u00eenceput s\u0103 sap exact \u00een locul unde el zg\u00e2ria. P\u0103m\u00e2ntul era ciudat de moale \u0219i, dup\u0103 c\u00e2teva mi\u0219c\u0103ri, s-a surpat. M-am oprit brusc: \u00een\u0103untru se contura\u2026 o cutie veche din lemn, pr\u0103fuit\u0103, cu margini ruginite.<\/p>\n\n\n\n<p>Cu inima b\u0103t\u00e2nd nebune\u0219te, am scos cutia din p\u0103m\u00e2nt \u0219i am a\u0219ezat-o cu grij\u0103 pe iarb\u0103. Avea un capac greu, prins cu o sfoar\u0103 veche. Am desf\u0103cut \u00eencet nodul \u0219i, c\u00e2nd am ridicat capacul, am tres\u0103rit: \u00een\u0103untru erau scrisori \u00eeng\u0103lbenite, fotografii vechi de familie \u0219i un jurnal.<\/p>\n\n\n\n<p>Am \u00eenceput s\u0103 citesc. Erau scrisori trimise de soacra mea \u00een tinere\u021be c\u0103tre so\u021bul ei \u2014 tat\u0103l so\u021bului meu, trecut \u00een nefiin\u021b\u0103 de mult. Din paginile jurnalului ie\u0219ea la iveal\u0103 o poveste de dragoste sincer\u0103, dar \u0219i o suferin\u021b\u0103 profund\u0103 \u2014 pierderea unei sarcini, o depresie t\u0103cut\u0103, \u0219i decizia de a ascunde acea parte a vie\u021bii ei de restul lumii.<\/p>\n\n\n\n<p>Am realizat c\u0103 r\u0103ceala ei nu venea din dispre\u021b, ci dintr-o suferin\u021b\u0103 nespus\u0103. A doua zi i-am telefonat \u0219i i-am spus ce am g\u0103sit. A pl\u00e2ns \u00een hohote. A doua zi, s-a \u00eentors \u00een sat, \u0219i ne-am a\u0219ezat \u00eempreun\u0103 la mas\u0103. A privit pozele \u0219i a spus:<\/p>\n\n\n\n<p>\u2014 Poate c\u0103 n-am \u0219tiut niciodat\u0103 cum s\u0103 ar\u0103t ce simt\u2026 Dar acum, dac\u0103 vrei, putem \u00eenv\u0103\u021ba \u00eempreun\u0103.<\/p>\n\n\n\n<p>De atunci, rela\u021bia noastr\u0103 s-a schimbat. A \u00eenceput s\u0103 o iubeasc\u0103 pe Sofia ca pe propriul copil, \u0219i chiar a redecorat camera de oaspe\u021bi cu m\u00e2inile ei. Am descoperit c\u0103 uneori, \u00een spatele unui comportament dur, se ascunde o inim\u0103 fr\u00e2nt\u0103 care a\u0219teapt\u0103 doar s\u0103 fie \u00een\u021beleas\u0103.<\/p>\n\n\n\n<p>Dac\u0103 \u021bi-a pl\u0103cut povestea, nu uita s\u0103 o distribui cu prietenii t\u0103i! \u00cempreun\u0103 putem duce mai departe emo\u021bia \u0219i inspira\u021bia.<\/p>\n\n\n\n<p>\u201dAceast\u0103 poveste este inspirat\u0103 din evenimente \u0219i persoane reale, \u00eens\u0103 a fost fic\u021bionalizat\u0103 \u00een scopuri creative. Numele, personajele \u0219i detaliile au fost schimbate pentru a proteja intimitatea \u0219i pentru a \u00eembun\u0103t\u0103\u021bi nara\u021biunea. Orice asem\u0103nare cu persoane reale, sau cu evenimente reale este pur \u00eent\u00e2mpl\u0103toare \u0219i nu este inten\u021bionat\u0103 de c\u0103tre autor.<\/p>\n\n\n\n<p>Autorul \u0219i editorul nu \u00ee\u0219i asum\u0103 responsabilitatea pentru exactitatea evenimentelor sau pentru modul \u00een care sunt portretizate personajele \u0219i nu sunt r\u0103spunz\u0103tori pentru eventuale interpret\u0103ri gre\u0219ite. Aceast\u0103 poveste este oferit\u0103 \u201eca atare\u201d, iar orice opinii exprimate apar\u021bin personajelor \u0219i nu reflect\u0103 punctele de vedere ale autorului sau ale editorului.\u201d<\/p>\n","protected":false},"excerpt":{"rendered":"<p>Soacra mea a venit \u00een vizit\u0103, iar dup\u0103 plecarea ei, c\u00e2inele nostru a \u00eenceput s\u0103 latre \u0219i s\u0103 sape \u00eentr-un loc anume din gr\u0103din\u0103. Am<\/p>\n","protected":false},"author":1,"featured_media":40932,"comment_status":"closed","ping_status":"closed","sticky":false,"template":"","format":"standard","meta":[],"categories":[1],"tags":[],"_links":{"self":[{"href":"https:\/\/calatorinromania.com\/index.php?rest_route=\/wp\/v2\/posts\/41187"}],"collection":[{"href":"https:\/\/calatorinromania.com\/index.php?rest_route=\/wp\/v2\/posts"}],"about":[{"href":"https:\/\/calatorinromania.com\/index.php?rest_route=\/wp\/v2\/types\/post"}],"author":[{"embeddable":true,"href":"https:\/\/calatorinromania.com\/index.php?rest_route=\/wp\/v2\/users\/1"}],"replies":[{"embeddable":true,"href":"https:\/\/calatorinromania.com\/index.php?rest_route=%2Fwp%2Fv2%2Fcomments&post=41187"}],"version-history":[{"count":1,"href":"https:\/\/calatorinromania.com\/index.php?rest_route=\/wp\/v2\/posts\/41187\/revisions"}],"predecessor-version":[{"id":41188,"href":"https:\/\/calatorinromania.com\/index.php?rest_route=\/wp\/v2\/posts\/41187\/revisions\/41188"}],"wp:featuredmedia":[{"embeddable":true,"href":"https:\/\/calatorinromania.com\/index.php?rest_route=\/wp\/v2\/media\/40932"}],"wp:attachment":[{"href":"https:\/\/calatorinromania.com\/index.php?rest_route=%2Fwp%2Fv2%2Fmedia&parent=41187"}],"wp:term":[{"taxonomy":"category","embeddable":true,"href":"https:\/\/calatorinromania.com\/index.php?rest_route=%2Fwp%2Fv2%2Fcategories&post=41187"},{"taxonomy":"post_tag","embeddable":true,"href":"https:\/\/calatorinromania.com\/index.php?rest_route=%2Fwp%2Fv2%2Ftags&post=41187"}],"curies":[{"name":"wp","href":"https:\/\/api.w.org\/{rel}","templated":true}]}}