{"id":41183,"date":"2025-08-11T16:21:06","date_gmt":"2025-08-11T16:21:06","guid":{"rendered":"https:\/\/calatorinromania.com\/?p=41183"},"modified":"2025-08-11T16:21:06","modified_gmt":"2025-08-11T16:21:06","slug":"trei-ani-a-tacut-complet-pana-in-ziua-in-care-un-necunoscut-a-intrat-in-banca-continuarea-3","status":"publish","type":"post","link":"https:\/\/calatorinromania.com\/?p=41183","title":{"rendered":"\u201dTrei ani a t\u0103cut complet, p\u00e2n\u0103 \u00een ziua \u00een care un necunoscut a intrat \u00een banc\u0103\u201d \u2013 continuarea"},"content":{"rendered":"\n<p>Trei ani a t\u0103cut complet, p\u00e2n\u0103 \u00een ziua \u00een care un necunoscut a intrat \u00een banc\u0103 \u0219i s-a a\u0219ezat \u00een genunchi \u00een fa\u021ba femeii de serviciu t\u0103cute, l\u0103s\u00e2nd to\u021bi martorii f\u0103r\u0103 replic\u0103.<\/p>\n\n\n\n<p>De trei ani \u00ee\u0219i f\u0103cea zilnic treaba \u00een banc\u0103, dar niciun angajat nu-i cuno\u0219tea cu adev\u0103rat numele. Purta mereu haine simple, \u00eenchise la culoare, un batic pe cap, \u0219i p\u0103rea c\u0103 face parte din decor. Femeia aceea discret\u0103 \u00ee\u0219i urma rutina, cur\u0103\u021b\u00e2nd cu migal\u0103 fiecare col\u021b, l\u0103s\u00e2nd \u00een urm\u0103 un miros subtil de l\u0103m\u00e2ie \u0219i o ordine lini\u0219titoare.<\/p>\n\n\n\n<p>Pu\u021bini o observau. Cei mai mul\u021bi o ignorau complet. Unii se mai amuzau pe seama ei.<\/p>\n\n\n\n<p>\u2014 Hei, mutulic\u0103, ai ratat un col\u021b! \u2014 glumea uneori un angajat, cu un z\u00e2mbet sarcastic.<\/p>\n\n\n\n<p>Ea nu r\u0103spundea niciodat\u0103. Doar oft\u0103rile u\u0219oare tr\u0103dau vreo emo\u021bie, apoi \u00ee\u0219i relua t\u0103cut\u0103 treaba. Pe foile de eviden\u021b\u0103 ap\u0103rea ca \u201eCristina\u201d, dar pu\u021bini \u0219tiau sau erau interesa\u021bi dac\u0103 acesta era numele ei real.<\/p>\n\n\n\n<p>Cu toate astea, odinioar\u0103 fusese o femeie vibrant\u0103, cu o voce cald\u0103 \u0219i o via\u021b\u0103 plin\u0103 de semnifica\u021bie. Fusese educatoare, pictori\u021b\u0103, o surs\u0103 de inspira\u021bie pentru copii.<\/p>\n\n\n\n<p>Totul s-a n\u0103ruit \u00eentr-o zi fatidic\u0103.<\/p>\n\n\n\n<p>Un incendiu a izbucnit la etajul unde locuia. F\u0103r\u0103 ezitare, Cristina a intervenit. A reu\u0219it s\u0103 salveze un copil \u0219i pe mama acestuia din apartamentul cuprins de fl\u0103c\u0103ri. Doar b\u0103ie\u021belul, Daniel, a supravie\u021buit p\u00e2n\u0103 la urm\u0103. Cristina a fost scoas\u0103 la limit\u0103, abia con\u0219tient\u0103. Trupul ei s-a ref\u0103cut, dar sufletul s-a cufundat \u00een t\u0103cere.<\/p>\n\n\n\n<p>Dup\u0103 \u00eenmorm\u00e2ntare, s-a \u00eenchis \u00een ea. N-a mai rostit un cuv\u00e2nt de atunci. Nu a mai pictat, nu a mai predat. Lumea ei s-a restr\u00e2ns la un acvariu din sufragerie \u0219i la micul apartament de la marginea ora\u0219ului. Mai t\u00e2rziu, s-a angajat ca femeie de serviciu \u00eentr-o banc\u0103 \u2014 unde \u0219i-a dus zilele \u00een anonimat.<\/p>\n\n\n\n<p>P\u00e2n\u0103 \u00eentr-o zi.<\/p>\n\n\n\n<p>\u00cen fa\u021ba institu\u021biei a oprit o limuzin\u0103 luxoas\u0103, neagr\u0103. Din ea a cobor\u00e2t un b\u0103rbat \u00eenalt, \u00eembr\u0103cat impecabil \u2013 era directorul regional, Alexei Radu. Angaja\u021bii s-au \u00eenviorat, gr\u0103bindu-se s\u0103-\u0219i aranjeze cravatele \u0219i coafurile.<\/p>\n\n\n\n<p>Cristina nu a \u00eentors capul. \u0218tergea atent m\u00e2nerul de la intrare, ca \u00een fiecare diminea\u021b\u0103.<\/p>\n\n\n\n<p>B\u0103rbatul, \u00eens\u0103, a z\u0103rit-o. S-a apropiat, apoi, f\u0103r\u0103 ezitare, s-a pus \u00een genunchi \u00een fa\u021ba ei. \u0218i-a dat jos m\u0103nu\u0219ile \u0219i i-a atins cu delicate\u021be m\u00e2inile, s\u0103rut\u00e2nd cicatricile vizibile.<\/p>\n\n\n\n<p>\u2014 Cristina\u2026 \u2014 a spus cu voce tremur\u00e2nd\u0103. \u2014 Te-am c\u0103utat ani \u00eentregi\u2026<\/p>\n\n\n\n<p>\u00cenc\u0103perea a \u00eencremenit. Cine era ea pentru el?<\/p>\n\n\n\n<p>\u0218i atunci, pentru prima oar\u0103 dup\u0103 at\u00e2t timp, ea a rostit un singur cuv\u00e2nt:<\/p>\n\n\n\n<p>\u2014 Daniel\u2026<\/p>\n\n\n\n<p>Pentru o clip\u0103, nimeni nu a \u0219tiut ce s\u0103 spun\u0103. Cristina \u00eel privea cu ochii larg deschi\u0219i, nevenindu-i s\u0103 cread\u0103. Daniel, acel copil pe care \u00eel salvase cu pre\u021bul propriei vie\u021bi, devenise acum un b\u0103rbat \u00een toat\u0103 firea. Fusese crescut de o familie adoptiv\u0103, dar niciodat\u0103 nu uitase chipul femeii care l-a scos din iadul de foc.<\/p>\n\n\n\n<p>\u2014 \u021ai-am c\u0103utat chipul \u00een fiecare persoan\u0103, \u00een fiecare vis\u2026 \u2014 a spus el. \u2014 A fost nevoie de ani \u00eentregi, dar \u00een sf\u00e2r\u0219it te-am g\u0103sit. \u0218i nu am de g\u00e2nd s\u0103 te mai las s\u0103 dispari.<\/p>\n\n\n\n<p>Cristina a \u00eenceput s\u0103 pl\u00e2ng\u0103 \u00een lini\u0219te. Lacrimile nu mai veneau din durere, ci din eliberare.<\/p>\n\n\n\n<p>\u00cen s\u0103pt\u0103m\u00e2nile care au urmat, Daniel a avut grij\u0103 s\u0103 \u00eei redea Cristinei o via\u021b\u0103 demn\u0103. I-a amenajat un atelier de pictur\u0103 \u00eentr-un apartament nou, i-a cump\u0103rat materiale de pictat \u0219i a \u00eencurajat-o s\u0103-\u0219i reia pasiunea.<\/p>\n\n\n\n<p>Primele cuvinte au fost st\u00e2ngace, dar apoi, ca o cascad\u0103, vocea ei a revenit.<\/p>\n\n\n\n<p>\u00centr-o zi, \u00eentr-o expozi\u021bie de art\u0103 organizat\u0103 chiar \u00een centrul Clujului, Cristina a prezentat prima ei colec\u021bie de tablouri. Pe unul dintre ele, \u00een col\u021bul din dreapta jos, era pictat discret chipul unui b\u0103ie\u021bel \u00een fl\u0103c\u0103ri \u2014 \u0219i o m\u00e2n\u0103 \u00eentins\u0103 c\u0103tre el.<\/p>\n\n\n\n<p>Tabloul se numea \u201e\u00centoarcerea\u201d. \u0218i pentru Cristina, via\u021ba chiar s-a \u00eentors.<\/p>\n\n\n\n<p>Dac\u0103 \u021bi-a pl\u0103cut povestea, nu uita s\u0103 o distribui cu prietenii t\u0103i! \u00cempreun\u0103 putem duce mai departe emo\u021bia \u0219i inspira\u021bia.<\/p>\n\n\n\n<p>\u201dAceast\u0103 poveste este inspirat\u0103 din evenimente \u0219i persoane reale, \u00eens\u0103 a fost fic\u021bionalizat\u0103 \u00een scopuri creative. Numele, personajele \u0219i detaliile au fost schimbate pentru a proteja intimitatea \u0219i pentru a \u00eembun\u0103t\u0103\u021bi nara\u021biunea. Orice asem\u0103nare cu persoane reale, sau cu evenimente reale este pur \u00eent\u00e2mpl\u0103toare \u0219i nu este inten\u021bionat\u0103 de c\u0103tre autor.<\/p>\n\n\n\n<p>Autorul \u0219i editorul nu \u00ee\u0219i asum\u0103 responsabilitatea pentru exactitatea evenimentelor sau pentru modul \u00een care sunt portretizate personajele \u0219i nu sunt r\u0103spunz\u0103tori pentru eventuale interpret\u0103ri gre\u0219ite. Aceast\u0103 poveste este oferit\u0103 \u201eca atare\u201d, iar orice opinii exprimate apar\u021bin personajelor \u0219i nu reflect\u0103 punctele de vedere ale autorului sau ale editorului.\u201d<\/p>\n","protected":false},"excerpt":{"rendered":"<p>Trei ani a t\u0103cut complet, p\u00e2n\u0103 \u00een ziua \u00een care un necunoscut a intrat \u00een banc\u0103 \u0219i s-a a\u0219ezat \u00een genunchi \u00een fa\u021ba femeii de<\/p>\n","protected":false},"author":1,"featured_media":0,"comment_status":"closed","ping_status":"closed","sticky":false,"template":"","format":"standard","meta":[],"categories":[1],"tags":[],"_links":{"self":[{"href":"https:\/\/calatorinromania.com\/index.php?rest_route=\/wp\/v2\/posts\/41183"}],"collection":[{"href":"https:\/\/calatorinromania.com\/index.php?rest_route=\/wp\/v2\/posts"}],"about":[{"href":"https:\/\/calatorinromania.com\/index.php?rest_route=\/wp\/v2\/types\/post"}],"author":[{"embeddable":true,"href":"https:\/\/calatorinromania.com\/index.php?rest_route=\/wp\/v2\/users\/1"}],"replies":[{"embeddable":true,"href":"https:\/\/calatorinromania.com\/index.php?rest_route=%2Fwp%2Fv2%2Fcomments&post=41183"}],"version-history":[{"count":1,"href":"https:\/\/calatorinromania.com\/index.php?rest_route=\/wp\/v2\/posts\/41183\/revisions"}],"predecessor-version":[{"id":41184,"href":"https:\/\/calatorinromania.com\/index.php?rest_route=\/wp\/v2\/posts\/41183\/revisions\/41184"}],"wp:attachment":[{"href":"https:\/\/calatorinromania.com\/index.php?rest_route=%2Fwp%2Fv2%2Fmedia&parent=41183"}],"wp:term":[{"taxonomy":"category","embeddable":true,"href":"https:\/\/calatorinromania.com\/index.php?rest_route=%2Fwp%2Fv2%2Fcategories&post=41183"},{"taxonomy":"post_tag","embeddable":true,"href":"https:\/\/calatorinromania.com\/index.php?rest_route=%2Fwp%2Fv2%2Ftags&post=41183"}],"curies":[{"name":"wp","href":"https:\/\/api.w.org\/{rel}","templated":true}]}}