{"id":41181,"date":"2025-08-10T19:18:52","date_gmt":"2025-08-10T19:18:52","guid":{"rendered":"https:\/\/calatorinromania.com\/?p=41181"},"modified":"2025-08-10T19:18:53","modified_gmt":"2025-08-10T19:18:53","slug":"ce-era-pe-cale-sa-atinga-fiica-mea-i-ar-fi-putut-costa-viata","status":"publish","type":"post","link":"https:\/\/calatorinromania.com\/?p=41181","title":{"rendered":"Ce era pe cale s\u0103 ating\u0103 fiica mea i-ar fi putut costa via\u021ba"},"content":{"rendered":"\n<p>Ceea ce fiica mea era pe punctul de a atinge era extrem de periculos \u2013 Nu ignora niciodat\u0103 acest semn al naturii.<\/p>\n\n\n\n<p><\/p>\n\n\n\n<p>Era o dup\u0103-amiaz\u0103 lini\u0219tit\u0103, perfect\u0103 pentru un picnic \u00een familie. Soarele se filtra printre copaci, iar copiii r\u00e2deau, f\u0103r\u0103 griji. Ne-am a\u0219ezat p\u0103turica l\u00e2ng\u0103 un mic p\u00e2lc de copaci, departe de poteca principal\u0103.<\/p>\n\n\n\n<p><\/p>\n\n\n\n<p>Totul p\u0103rea idilic\u2026 p\u00e2n\u0103 c\u00e2nd fiica noastr\u0103 s-a \u00eendep\u0103rtat pu\u021bin, atras\u0103 de un copac cu un aspect ciudat.<\/p>\n\n\n\n<p><\/p>\n\n\n\n<p><\/p>\n\n\n\n<p>\u2014 Mam\u0103, tat\u0103, veni\u021bi s\u0103 vede\u021bi! Copacul are dungi, e at\u00e2t de frumos!<\/p>\n\n\n\n<p><\/p>\n\n\n\n<p>Se apropia tot mai mult, curioas\u0103, \u00eentinz\u00e2nd m\u00e2na. Dar ceva p\u0103rea \u00een neregul\u0103. So\u021bul meu s-a ridicat brusc, instinctele i s-au activat.<\/p>\n\n\n\n<p><\/p>\n\n\n\n<p>\u00a0\u00centr-o frac\u021biune de secund\u0103, a s\u0103rit spre ea. M\u00e2na ei era la doar c\u00e2\u021biva centimetri de ceva care i-ar fi putut lua via\u021ba.<\/p>\n\n\n\n<p>\u00a0Ceea ce am descoperit imediat dup\u0103 aceea ne-a f\u0103cut s\u0103 ne treac\u0103 fiori pe \u0219ira spin\u0103rii. Continu\u0103 s\u0103 cite\u0219ti \u2014 \u00ee\u021bi poate salva via\u021ba.<\/p>\n\n\n\n<p>Ceea ce fiica noastr\u0103 credea c\u0103 este doar un model natural pe scoar\u021ba copacului s-a dovedit a fi un grup periculos de omizi veninoase, cunoscute sub numele de Lonomia.<\/p>\n\n\n\n<p>Aceste insecte sunt mae\u0219tri ai camuflajului, amestec\u00e2ndu-se at\u00e2t de bine cu scoar\u021ba, \u00eenc\u00e2t sunt adesea confundate cu mu\u0219chiul sau cu partea natural\u0103 a copacului.<\/p>\n\n\n\n<p><strong>O singur\u0103 atingere poate fi mortal\u0103<\/strong><br>Omizile Lonomia sunt extrem de veninoase.<\/p>\n\n\n\n<p>Chiar \u0219i o atingere u\u0219oar\u0103 \u2014 sau ruperea accidental\u0103 a \u021bepilor lor minusculi \u2014 poate declan\u0219a reac\u021bii severe, inclusiv le\u0219in, s\u00e2nger\u0103ri interne \u0219i, \u00een cazuri extreme, moarte.<\/p>\n\n\n\n<p>Copiii, persoanele \u00een v\u00e2rst\u0103 \u0219i cei cu sistemul imunitar sl\u0103bit sunt deosebit de expu\u0219i riscului.<\/p>\n\n\n\n<p>Din fericire, so\u021bul meu a reac\u021bionat rapid \u0219i a prevenit o posibil\u0103 tragedie. Am contactat imediat autorit\u0103\u021bile de mediu, care au sosit prompt, au \u00eendep\u0103rtat cu grij\u0103 omizile \u0219i au pus un semn de avertizare pe copac pentru a proteja \u0219i alte persoane.<\/p>\n\n\n\n<p><strong>De atunci, privesc natura altfel<\/strong><\/p>\n\n\n\n<p>Acum, ori de c\u00e2te ori ie\u0219im la plimbare, port mereu cu mine o pereche de m\u0103nu\u0219i, o lup\u0103 \u0219i un kit de prim ajutor de baz\u0103. Nu este vorba despre fric\u0103 \u2014 ci despre a fi preg\u0103tit, respectuos \u0219i con\u0219tient de pericolele ascunse din natur\u0103.<\/p>\n\n\n\n<p><strong>Un mesaj din suflet pentru p\u0103rin\u021bi \u0219i bunici<\/strong><br>Pentru toate mamele \u0219i bunicile: v\u0103 rog s\u0103 vorbi\u021bi cu copiii \u0219i nepo\u021bii vo\u0219tri despre riscurile care nu sunt \u00eentotdeauna vizibile \u00een natur\u0103.<\/p>\n\n\n\n<p>O scurt\u0103 discu\u021bie ar putea preveni un accident grav.<\/p>\n\n\n\n<p>Avem un rol vital \u00een a \u00eemp\u0103rt\u0103\u0219i informa\u021bii care \u00eei pot \u021bine pe ceilal\u021bi \u00een siguran\u021b\u0103. S\u0103 r\u0103m\u00e2nem informa\u021bi, aten\u021bi \u0219i proactivi.<\/p>\n\n\n\n<p>\u0218i, cel mai important \u2014 dac\u0103 observa\u021bi ceva neobi\u0219nuit sau o aglomerare pe un copac, nu \u00eel atinge\u021bi. Contacta\u021bi imediat autorit\u0103\u021bile locale. Un singur apel telefonic chiar poate salva o via\u021b\u0103.<\/p>\n\n\n\n<p><em>Aceast\u0103 lucrare este inspirat\u0103 din evenimente \u0219i persoane reale, \u00eens\u0103 a fost fic\u021bionalizat\u0103 \u00een scopuri creative. Numele, personajele \u0219i detaliile au fost schimbate pentru a proteja intimitatea \u0219i pentru a \u00eembun\u0103t\u0103\u021bi nara\u021biunea. Orice asem\u0103nare cu persoane reale, \u00een via\u021b\u0103 sau decedate, sau cu evenimente reale este pur \u00eent\u00e2mpl\u0103toare \u0219i nu este inten\u021bionat\u0103 de c\u0103tre autor.<\/em><\/p>\n\n\n\n<p><em>Autorul \u0219i editorul nu \u00ee\u0219i asum\u0103 responsabilitatea pentru exactitatea evenimentelor sau pentru modul \u00een care sunt portretizate personajele \u0219i nu sunt r\u0103spunz\u0103tori pentru eventuale interpret\u0103ri gre\u0219ite. Aceast\u0103 poveste este oferit\u0103 \u201eca atare\u201d, iar orice opinii exprimate apar\u021bin personajelor \u0219i nu reflect\u0103 punctele de vedere ale autorului sau ale editorului.<\/em><\/p>\n","protected":false},"excerpt":{"rendered":"<p>Ceea ce fiica mea era pe punctul de a atinge era extrem de periculos \u2013 Nu ignora niciodat\u0103 acest semn al naturii. Era o dup\u0103-amiaz\u0103<\/p>\n","protected":false},"author":1,"featured_media":40939,"comment_status":"closed","ping_status":"closed","sticky":false,"template":"","format":"standard","meta":[],"categories":[1],"tags":[],"_links":{"self":[{"href":"https:\/\/calatorinromania.com\/index.php?rest_route=\/wp\/v2\/posts\/41181"}],"collection":[{"href":"https:\/\/calatorinromania.com\/index.php?rest_route=\/wp\/v2\/posts"}],"about":[{"href":"https:\/\/calatorinromania.com\/index.php?rest_route=\/wp\/v2\/types\/post"}],"author":[{"embeddable":true,"href":"https:\/\/calatorinromania.com\/index.php?rest_route=\/wp\/v2\/users\/1"}],"replies":[{"embeddable":true,"href":"https:\/\/calatorinromania.com\/index.php?rest_route=%2Fwp%2Fv2%2Fcomments&post=41181"}],"version-history":[{"count":1,"href":"https:\/\/calatorinromania.com\/index.php?rest_route=\/wp\/v2\/posts\/41181\/revisions"}],"predecessor-version":[{"id":41182,"href":"https:\/\/calatorinromania.com\/index.php?rest_route=\/wp\/v2\/posts\/41181\/revisions\/41182"}],"wp:featuredmedia":[{"embeddable":true,"href":"https:\/\/calatorinromania.com\/index.php?rest_route=\/wp\/v2\/media\/40939"}],"wp:attachment":[{"href":"https:\/\/calatorinromania.com\/index.php?rest_route=%2Fwp%2Fv2%2Fmedia&parent=41181"}],"wp:term":[{"taxonomy":"category","embeddable":true,"href":"https:\/\/calatorinromania.com\/index.php?rest_route=%2Fwp%2Fv2%2Fcategories&post=41181"},{"taxonomy":"post_tag","embeddable":true,"href":"https:\/\/calatorinromania.com\/index.php?rest_route=%2Fwp%2Fv2%2Ftags&post=41181"}],"curies":[{"name":"wp","href":"https:\/\/api.w.org\/{rel}","templated":true}]}}