{"id":41171,"date":"2025-08-10T18:40:05","date_gmt":"2025-08-10T18:40:05","guid":{"rendered":"https:\/\/calatorinromania.com\/?p=41171"},"modified":"2025-08-10T18:40:06","modified_gmt":"2025-08-10T18:40:06","slug":"a-refuzat-sa-plateasca-pentru-operatia-sotiei-sale","status":"publish","type":"post","link":"https:\/\/calatorinromania.com\/?p=41171","title":{"rendered":"A refuzat s\u0103 pl\u0103teasc\u0103 pentru opera\u021bia so\u021biei sale"},"content":{"rendered":"\n<p>\u00cen timp ce afar\u0103 se l\u0103sa seara, cu lumina filtrat\u0103 prin perdelele albe, Tamara \u00ee\u0219i mi\u0219ca u\u0219or degetele, ca \u0219i cum ar fi vrut s\u0103 prind\u0103 un fir de via\u021b\u0103 ce \u00eei sc\u0103pa printre m\u00e2ini. Infirmiera, o femeie t\u00e2n\u0103r\u0103 dintr-un sat de munte, \u00eei umezea buzele cu un be\u021bi\u0219or, \u0219optindu-i \u00eencet o rug\u0103ciune pe care o \u0219tia de la bunica ei: \u201eDoamne, \u021bine-o pe drumul bun \u0219i d\u0103-i putere s\u0103 r\u0103m\u00e2n\u0103 cu noi.\u201d<\/p>\n\n\n\n<p><\/p>\n\n\n\n<p>\u00cen salon mirosea a medicamente \u0219i a flori ofilite. Pe noptier\u0103, printre flori, era o fotografie cu Tamara \u00een tinere\u021be, z\u00e2mbind la o mas\u0103 de familie, cu ochii plini de lumin\u0103. Oricine ar fi v\u0103zut acea imagine ar fi \u00een\u021beles c\u0103 nu era doar o femeie frumoas\u0103, ci \u0219i una puternic\u0103, obi\u0219nuit\u0103 s\u0103 duc\u0103 greul f\u0103r\u0103 s\u0103 se pl\u00e2ng\u0103.<\/p>\n\n\n\n<p><\/p>\n\n\n\n<p>\u00cen alt col\u021b al ora\u0219ului, Dmitri se relaxa pe o teras\u0103 luxoas\u0103, privind valurile m\u0103rii. P\u0103rea complet rupt de realitatea \u00een care so\u021bia lui \u00eenc\u0103 respira cu ajutorul aparatelor. Vorbea \u0219i r\u00e2dea cu amanta, sorbind dintr-un cocktail scump, f\u0103c\u00e2nd planuri despre \u201enoua via\u021b\u0103\u201d pe care o vor \u00eencepe \u00eempreun\u0103.<\/p>\n\n\n\n<p><\/p>\n\n\n\n<p>La spital, Constantin nu renun\u021ba. \u0218tia c\u0103 fiecare or\u0103 pierdut\u0103 \u00eensemna o \u0219ans\u0103 mai mic\u0103 pentru Tamara. S-a dus din nou la medicul-\u0219ef.<br>\u2014 Domnule doctor, nu putem s\u0103 o l\u0103s\u0103m a\u0219a. V\u0103 rog\u2026 Nu este prea t\u00e2rziu!<br>\u2014 Am m\u00e2inile legate, \u2014 a oftat acesta. \u2014 Decizia apar\u021bine so\u021bului, iar el a semnat refuzul.<\/p>\n\n\n\n<p>Constatin a str\u00e2ns pumnii. \u00cen mintea lui r\u0103sunau cuvintele mamei lui: \u201eC\u00e2nd vezi nedreptate, nu stai cu m\u00e2inile \u00een s\u00e2n, c\u0103 \u0219i t\u0103cerea e p\u0103cat.\u201d Hot\u0103r\u00e2t, a \u00eenceput s\u0103 caute rudele Tamarei. Dup\u0103 c\u00e2teva telefoane, a g\u0103sit-o pe m\u0103tu\u0219a ei dintr-un sat de l\u00e2ng\u0103 Ploie\u0219ti.<\/p>\n\n\n\n<p>Femeia a venit \u00eentr-un suflet, cu autobuzul, aduc\u00e2nd cu ea o icoan\u0103 mic\u0103 \u0219i o sticl\u0103 cu ap\u0103 sfin\u021bit\u0103. C\u00e2nd a aflat ce f\u0103cuse Dmitri, ochii i s-au umplut de lacrimi.<br>\u2014 Nu o s\u0103-l l\u0103s\u0103m s\u0103 o omoare, \u2014 a spus, \u0219terg\u00e2ndu-\u0219i obrajii. \u2014 Eu semnez pentru opera\u021bie!<\/p>\n\n\n\n<p>Cu semn\u0103tura m\u0103tu\u0219ii, Constantin a reu\u0219it s\u0103 ob\u021bin\u0103 acordul legal. \u00cen aceea\u0219i noapte, echipa medical\u0103 a preg\u0103tit sala de opera\u021bie. Erau cu to\u021bii con\u0219tien\u021bi c\u0103 lupt\u0103 \u00eempotriva timpului. \u00cenainte de a intra \u00een sal\u0103, m\u0103tu\u0219a Tamarei i-a f\u0103cut semnul crucii pe frunte \u0219i i-a \u0219optit:<br>\u2014 \u021aine minte, nepoat\u0103, ai un rost pe p\u0103m\u00e2nt \u0219i nu e timpul s\u0103 pleci.<\/p>\n\n\n\n<p>Opera\u021bia a durat ore \u00eentregi. \u00cen spital, personalul a\u0219tepta \u00een t\u0103cere, iar pe holuri se sim\u021bea un amestec de team\u0103 \u0219i speran\u021b\u0103. \u00cen satul de unde era infirmiera, rudele acesteia aprinseser\u0103 lum\u00e2n\u0103ri \u0219i se rugau, a\u0219a cum se face c\u00e2nd cineva drag e \u00eentre via\u021b\u0103 \u0219i moarte.<\/p>\n\n\n\n<p>C\u00e2nd, \u00een sf\u00e2r\u0219it, Constantin a ie\u0219it din sala de opera\u021bie, chipul lui obosit purta un z\u00e2mbet discret.<br>\u2014 A reu\u0219it. Este stabil\u0103.<\/p>\n\n\n\n<p>Vestea s-a r\u0103sp\u00e2ndit repede printre asistente \u0219i medici. M\u0103tu\u0219a a c\u0103zut \u00een genunchi, mul\u021bumind lui Dumnezeu. \u00cen timp ce Tamara era dus\u0103 la terapie intensiv\u0103, \u00een pieptul ei b\u0103tea din nou o inim\u0103 care nu voia s\u0103 cedeze.<\/p>\n\n\n\n<p>C\u00e2teva zile mai t\u00e2rziu, pe patul de spital, Tamara a deschis ochii. Lumea \u00eei p\u0103rea \u00eence\u021bo\u0219at\u0103, dar recuno\u0219tea chipul m\u0103tu\u0219ii \u0219i al medicului care \u00eei salvase via\u021ba.<br>\u2014 \u00cemi pare r\u0103u\u2026 dar trebuie s\u0103 \u0219tii\u2026 \u2014 a \u00eenceput m\u0103tu\u0219a, dar Constantin i-a f\u0103cut semn s\u0103 tac\u0103.<br>\u2014 Ai timp pentru adev\u0103r, \u2014 i-a spus el bl\u00e2nd. \u2014 Deocamdat\u0103, bucur\u0103-te c\u0103 respiri.<\/p>\n\n\n\n<p>\u00centre timp, Dmitri se \u00eentorsese din vacan\u021b\u0103, preg\u0103tit pentru \u00eenmorm\u00e2ntare. C\u00e2nd a intrat \u00een spital \u0219i a aflat c\u0103 so\u021bia lui tr\u0103ie\u0219te \u0219i c\u0103 opera\u021bia fusese f\u0103cut\u0103 f\u0103r\u0103 acordul lui, chipul i s-a \u00eentunecat. Dar legea era de partea Tamarei acum, iar faptele lui nu mai puteau fi ascunse.<\/p>\n\n\n\n<p>A fost chemat la poli\u021bie pentru explica\u021bii, iar investiga\u021biile au scos la iveal\u0103 nu doar inten\u021biile lui, ci \u0219i afacerile murdare din spatele imperiului pe care \u00eel conducea.<\/p>\n\n\n\n<p>Tamara, sl\u0103bit\u0103 dar vie, privea pe fereastra salonului cum frunzele toamnei se leg\u0103nau \u00een v\u00e2nt. \u0218tia c\u0103 drumul spre vindecare va fi lung, dar \u00een inima ei ardea un sentiment nou: libertatea. Libertatea de a tr\u0103i f\u0103r\u0103 omul care \u00eei dorise moartea.<\/p>\n\n\n\n<p>\u00centr-o zi, c\u00e2nd va fi suficient de puternic\u0103, avea s\u0103 se \u00eentoarc\u0103 acas\u0103, s\u0103-\u0219i ia via\u021ba de la cap\u0103t \u0219i s\u0103-\u0219i recl\u0103deasc\u0103 fericirea. Iar atunci, \u00een locul ales de Dmitri la cimitir, nu va ajunge trupul ei, ci doar amintirea unei femei care a refuzat s\u0103 se lase \u00eenfr\u00e2nt\u0103.<\/p>\n\n\n\n<p><em>Aceast\u0103 lucrare este inspirat\u0103 din evenimente \u0219i persoane reale, \u00eens\u0103 a fost fic\u021bionalizat\u0103 \u00een scopuri creative. Numele, personajele \u0219i detaliile au fost schimbate pentru a proteja intimitatea \u0219i pentru a \u00eembun\u0103t\u0103\u021bi nara\u021biunea. Orice asem\u0103nare cu persoane reale, \u00een via\u021b\u0103 sau decedate, sau cu evenimente reale este pur \u00eent\u00e2mpl\u0103toare \u0219i nu este inten\u021bionat\u0103 de c\u0103tre autor.<\/em><\/p>\n\n\n\n<p><em>Autorul \u0219i editorul nu \u00ee\u0219i asum\u0103 responsabilitatea pentru exactitatea evenimentelor sau pentru modul \u00een care sunt portretizate personajele \u0219i nu sunt r\u0103spunz\u0103tori pentru eventuale interpret\u0103ri gre\u0219ite. Aceast\u0103 poveste este oferit\u0103 \u201eca atare\u201d, iar orice opinii exprimate apar\u021bin personajelor \u0219i nu reflect\u0103 punctele de vedere ale autorului sau ale editorului.<\/em><\/p>\n","protected":false},"excerpt":{"rendered":"<p>\u00cen timp ce afar\u0103 se l\u0103sa seara, cu lumina filtrat\u0103 prin perdelele albe, Tamara \u00ee\u0219i mi\u0219ca u\u0219or degetele, ca \u0219i cum ar fi vrut s\u0103<\/p>\n","protected":false},"author":1,"featured_media":40939,"comment_status":"closed","ping_status":"closed","sticky":false,"template":"","format":"standard","meta":[],"categories":[1],"tags":[],"_links":{"self":[{"href":"https:\/\/calatorinromania.com\/index.php?rest_route=\/wp\/v2\/posts\/41171"}],"collection":[{"href":"https:\/\/calatorinromania.com\/index.php?rest_route=\/wp\/v2\/posts"}],"about":[{"href":"https:\/\/calatorinromania.com\/index.php?rest_route=\/wp\/v2\/types\/post"}],"author":[{"embeddable":true,"href":"https:\/\/calatorinromania.com\/index.php?rest_route=\/wp\/v2\/users\/1"}],"replies":[{"embeddable":true,"href":"https:\/\/calatorinromania.com\/index.php?rest_route=%2Fwp%2Fv2%2Fcomments&post=41171"}],"version-history":[{"count":1,"href":"https:\/\/calatorinromania.com\/index.php?rest_route=\/wp\/v2\/posts\/41171\/revisions"}],"predecessor-version":[{"id":41172,"href":"https:\/\/calatorinromania.com\/index.php?rest_route=\/wp\/v2\/posts\/41171\/revisions\/41172"}],"wp:featuredmedia":[{"embeddable":true,"href":"https:\/\/calatorinromania.com\/index.php?rest_route=\/wp\/v2\/media\/40939"}],"wp:attachment":[{"href":"https:\/\/calatorinromania.com\/index.php?rest_route=%2Fwp%2Fv2%2Fmedia&parent=41171"}],"wp:term":[{"taxonomy":"category","embeddable":true,"href":"https:\/\/calatorinromania.com\/index.php?rest_route=%2Fwp%2Fv2%2Fcategories&post=41171"},{"taxonomy":"post_tag","embeddable":true,"href":"https:\/\/calatorinromania.com\/index.php?rest_route=%2Fwp%2Fv2%2Ftags&post=41171"}],"curies":[{"name":"wp","href":"https:\/\/api.w.org\/{rel}","templated":true}]}}