{"id":41169,"date":"2025-08-10T18:35:09","date_gmt":"2025-08-10T18:35:09","guid":{"rendered":"https:\/\/calatorinromania.com\/?p=41169"},"modified":"2025-08-10T18:35:10","modified_gmt":"2025-08-10T18:35:10","slug":"mama-in-varsta-care-a-ajuns-fara-adapost-din-cauza-celor-3-fii","status":"publish","type":"post","link":"https:\/\/calatorinromania.com\/?p=41169","title":{"rendered":"Mam\u0103 \u00een v\u00e2rst\u0103 care a ajuns f\u0103r\u0103 ad\u0103post din cauza celor 3 fii"},"content":{"rendered":"\n<p>Cuvintele avocatului p\u0103reau ireal de grele, ca \u0219i cum ar fi venit dintr-un vis ciudat pe care nu-l putea \u00een\u021belege pe deplin. Rosa, cu telefonul tremur\u00e2nd \u00een m\u00e2n\u0103, a clipit de c\u00e2teva ori \u0219i a \u00eentrebat cu vocea g\u00e2tuit\u0103:<\/p>\n\n\n\n<p><\/p>\n\n\n\n<p>\u2014 \u201eDomnule\u2026 sunte\u021bi sigur c\u0103 vorbi\u021bi cu persoana potrivit\u0103?\u201d<\/p>\n\n\n\n<p><\/p>\n\n\n\n<p>\u2014 \u201eDoamn\u0103, nu este nicio gre\u0219eal\u0103. Sunte\u021bi men\u021bionat\u0103 clar \u00een testament. V\u0103 rog s\u0103 veni\u021bi la birou pentru a discuta detaliile.\u201d<\/p>\n\n\n\n<p><\/p>\n\n\n\n<p>A \u00eenchis telefonul \u0219i a r\u0103mas nemi\u0219cat\u0103 \u00een ma\u0219ina veche, ascult\u00e2nd tic\u0103itul motorului care abia mai prindea via\u021b\u0103. \u00cen jur, frigul dimine\u021bii de toamn\u0103 mu\u0219ca din obrajii trec\u0103torilor, iar frunzele galbene se roteau \u00een v\u00e2nt.<\/p>\n\n\n\n<p><\/p>\n\n\n\n<p>C\u00e2nd a ajuns la biroul avocatului, inima \u00eei b\u0103tea de parc\u0103 urma s\u0103 primeasc\u0103 o sentin\u021b\u0103. \u00cen\u0103untru, i s-a \u00eenm\u00e2nat o map\u0103 groas\u0103. Pe prima pagin\u0103, scria numele ei complet, urmat de adresa unui conac impun\u0103tor aflat la marginea ora\u0219ului.<\/p>\n\n\n\n<p><\/p>\n\n\n\n<p>\u2014 \u201eDar cine\u2026 cine mi-ar putea l\u0103sa a\u0219a ceva?\u201d a \u00eentrebat ea, aproape \u0219optind.<\/p>\n\n\n\n<p>Avocatul a z\u00e2mbit misterios.<br>\u2014 \u201eEste o poveste mai lung\u0103. Conacul a apar\u021binut unei doamne pe care a\u021bi ajutat-o acum mul\u021bi ani, f\u0103r\u0103 s\u0103 \u0219ti\u021bi cine este cu adev\u0103rat.\u201d<\/p>\n\n\n\n<p>\u00cen mintea Rosei au \u00eenceput s\u0103 curg\u0103 amintiri. Era o diminea\u021b\u0103 geroas\u0103 de iarn\u0103, cu mul\u021bi ani \u00een urm\u0103. \u00cent\u00e2rziase la munc\u0103 pentru c\u0103 v\u0103zuse o b\u0103tr\u00e2nic\u0103 \u00eencerc\u00e2nd s\u0103 care o plas\u0103 grea cu lemne de foc. Rosa, \u00een ciuda grabei, o ajutase, a condus-o p\u00e2n\u0103 acas\u0103 \u0219i chiar i-a f\u0103cut focul \u00een sob\u0103. Nu se g\u00e2ndise niciodat\u0103 c\u0103 acest gest simplu va conta.<\/p>\n\n\n\n<p>Conacul nu era doar frumos, ci \u0219i plin de obiecte vechi, sculpturi din lemn, icoane vechi pictate pe sticl\u0103 \u0219i un miros discret de busuioc uscat ag\u0103\u021bat la grind\u0103 \u2014 exact cum se obi\u0219nuia la sat. \u00cen curte, un nuc b\u0103tr\u00e2n st\u0103tea falnic, iar sub el o banc\u0103 din lemn, unde b\u0103tr\u00e2na probabil \u00ee\u0219i bea cafeaua diminea\u021ba.<\/p>\n\n\n\n<p>C\u00e2nd a p\u0103\u0219it \u00een\u0103untru, Rosa a sim\u021bit cum \u00eei dau lacrimile. Nu era vorba doar de luxul din jur, ci de lini\u0219tea pe care o emana acel loc. Lini\u0219tea unei case adev\u0103rate, cum nu mai avusese de la moartea lui Radu.<\/p>\n\n\n\n<p>A doua zi, a mers \u00een pia\u021b\u0103 \u0219i a cump\u0103rat legume, fructe \u0219i c\u00e2teva pl\u0103ntu\u021be de pus \u00een gr\u0103din\u0103. \u0218tia c\u0103 nu are nevoie doar de un acoperi\u0219, ci de via\u021b\u0103 \u00een jurul ei. A invitat vecinii la o mas\u0103 mare, cu sarmale, pl\u0103cinte cu mere \u0219i cozonac, a\u0219a cum f\u0103cea mama ei odinioar\u0103. Lumea a venit, curioas\u0103 de noua \u201edoamn\u0103 de la conac\u201d, dar a plecat impresionat\u0103 de c\u0103ldura cu care fusese primit\u0103.<\/p>\n\n\n\n<p>Vestea s-a r\u0103sp\u00e2ndit repede. Cei trei fii ai Rosei au aflat \u0219i au venit \u00eentr-o bun\u0103 zi la poart\u0103, \u00eencerc\u00e2nd s\u0103 o conving\u0103 s\u0103 le dea \u0219i lor o parte. Ea i-a privit calm, dar ferm.<\/p>\n\n\n\n<p>\u2014 \u201eC\u00e2nd am avut nevoie de voi, m-a\u021bi aruncat \u00een strad\u0103. Azi, tot ce am este rodul bun\u0103t\u0103\u021bii mele \u0219i al unui miracol. Nu am s\u0103-l \u00eempart cu cei care mi-au \u00eentors spatele. Pleca\u021bi.\u201d<\/p>\n\n\n\n<p>Poarta s-a \u00eenchis cu un sc\u00e2r\u021b\u00e2it lung, iar \u00een sufletul Rosei s-a \u00eenchis, pentru prima dat\u0103, \u0219i rana tr\u0103d\u0103rii.<\/p>\n\n\n\n<p>De atunci, via\u021ba ei a devenit un amestec de lini\u0219te \u0219i bucurii simple. Dimine\u021bile le \u00eencepea cu o cafea aburind\u0103 pe banca de sub nuc, ascult\u00e2nd ciripitul p\u0103s\u0103rilor. \u00cen serile de var\u0103, punea muzic\u0103 popular\u0103, iar prietenii din sat veneau s\u0103 joace o hor\u0103 \u00een curte.<\/p>\n\n\n\n<p>Nu era doar o cas\u0103. Era dovada c\u0103 uneori, un gest mic, f\u0103cut din inim\u0103, poate schimba un destin. Iar Rosa, femeia care odinioar\u0103 dormea pe bancheta unei ma\u0219ini, era acum st\u0103p\u00e2na unei case pline de via\u021b\u0103, r\u00e2sete \u0219i amintiri noi.<\/p>\n\n\n\n<p>\u0218i poate, undeva sus, Radu z\u00e2mbea.<\/p>\n\n\n\n<p><em>Aceast\u0103 lucrare este inspirat\u0103 din evenimente \u0219i persoane reale, \u00eens\u0103 a fost fic\u021bionalizat\u0103 \u00een scopuri creative. Numele, personajele \u0219i detaliile au fost schimbate pentru a proteja intimitatea \u0219i pentru a \u00eembun\u0103t\u0103\u021bi nara\u021biunea. Orice asem\u0103nare cu persoane reale, \u00een via\u021b\u0103 sau decedate, sau cu evenimente reale este pur \u00eent\u00e2mpl\u0103toare \u0219i nu este inten\u021bionat\u0103 de c\u0103tre autor.<\/em><\/p>\n\n\n\n<p><em>Autorul \u0219i editorul nu \u00ee\u0219i asum\u0103 responsabilitatea pentru exactitatea evenimentelor sau pentru modul \u00een care sunt portretizate personajele \u0219i nu sunt r\u0103spunz\u0103tori pentru eventuale interpret\u0103ri gre\u0219ite. Aceast\u0103 poveste este oferit\u0103 \u201eca atare\u201d, iar orice opinii exprimate apar\u021bin personajelor \u0219i nu reflect\u0103 punctele de vedere ale autorului sau ale editorului.<\/em><\/p>\n","protected":false},"excerpt":{"rendered":"<p>Cuvintele avocatului p\u0103reau ireal de grele, ca \u0219i cum ar fi venit dintr-un vis ciudat pe care nu-l putea \u00een\u021belege pe deplin. Rosa, cu telefonul<\/p>\n","protected":false},"author":1,"featured_media":40939,"comment_status":"closed","ping_status":"closed","sticky":false,"template":"","format":"standard","meta":[],"categories":[1],"tags":[],"_links":{"self":[{"href":"https:\/\/calatorinromania.com\/index.php?rest_route=\/wp\/v2\/posts\/41169"}],"collection":[{"href":"https:\/\/calatorinromania.com\/index.php?rest_route=\/wp\/v2\/posts"}],"about":[{"href":"https:\/\/calatorinromania.com\/index.php?rest_route=\/wp\/v2\/types\/post"}],"author":[{"embeddable":true,"href":"https:\/\/calatorinromania.com\/index.php?rest_route=\/wp\/v2\/users\/1"}],"replies":[{"embeddable":true,"href":"https:\/\/calatorinromania.com\/index.php?rest_route=%2Fwp%2Fv2%2Fcomments&post=41169"}],"version-history":[{"count":1,"href":"https:\/\/calatorinromania.com\/index.php?rest_route=\/wp\/v2\/posts\/41169\/revisions"}],"predecessor-version":[{"id":41170,"href":"https:\/\/calatorinromania.com\/index.php?rest_route=\/wp\/v2\/posts\/41169\/revisions\/41170"}],"wp:featuredmedia":[{"embeddable":true,"href":"https:\/\/calatorinromania.com\/index.php?rest_route=\/wp\/v2\/media\/40939"}],"wp:attachment":[{"href":"https:\/\/calatorinromania.com\/index.php?rest_route=%2Fwp%2Fv2%2Fmedia&parent=41169"}],"wp:term":[{"taxonomy":"category","embeddable":true,"href":"https:\/\/calatorinromania.com\/index.php?rest_route=%2Fwp%2Fv2%2Fcategories&post=41169"},{"taxonomy":"post_tag","embeddable":true,"href":"https:\/\/calatorinromania.com\/index.php?rest_route=%2Fwp%2Fv2%2Ftags&post=41169"}],"curies":[{"name":"wp","href":"https:\/\/api.w.org\/{rel}","templated":true}]}}