{"id":41165,"date":"2025-08-08T16:44:48","date_gmt":"2025-08-08T16:44:48","guid":{"rendered":"https:\/\/calatorinromania.com\/?p=41165"},"modified":"2025-08-08T16:44:49","modified_gmt":"2025-08-08T16:44:49","slug":"dimineata-am-observat-acea-masa-rozalie-pe-perete","status":"publish","type":"post","link":"https:\/\/calatorinromania.com\/?p=41165","title":{"rendered":"Diminea\u021b\u0103 am observat acea mas\u0103 rozalie pe perete"},"content":{"rendered":"\n<p>Diminea\u021b\u0103 am observat acea mas\u0103 rozalie pe perete \u0219i am sunat imediat proprietarul: am fost \u00eengrozit\u0103 c\u00e2nd mi-am dat seama ce este\u00a0<\/p>\n\n\n\n<p><\/p>\n\n\n\n<p>\u00cen diminea\u021ba aceasta m-am trezit ca de obicei, am mers \u00een buc\u0103t\u0103rie s\u0103 preg\u0103tesc cafeaua \u2014 \u0219i brusc m-am oprit \u00een loc. Pe perete, chiar la grani\u021ba dintre buc\u0103t\u0103rie \u0219i sufragerie, am v\u0103zut ceva ciudat: dintr-o cr\u0103p\u0103tur\u0103 de la suprafa\u021b\u0103 ie\u0219ea o mas\u0103 rozalie. Ar\u0103ta sinistru \u0219i \u00eenfrico\u0219\u0103tor.<\/p>\n\n\n\n<p><\/p>\n\n\n\n<p>Locuiesc \u00eentr-un apartament \u00eenchiriat, a\u0219a c\u0103 am sunat imediat proprietarul. A venit repede \u2014 \u00een jum\u0103tate de or\u0103 era deja la mine.<\/p>\n\n\n\n<p><\/p>\n\n\n\n<figure class=\"wp-block-image\"><img decoding=\"async\" src=\"https:\/\/new.interesnoe.site\/wp-content\/uploads\/2025\/07\/gribok-na-stene1.jpeg\" alt=\"\"\/><\/figure>\n\n\n\n<p>A aruncat o privire scurt\u0103 asupra descoperirii, a \u00eenceput s\u0103 devin\u0103 agitat \u0219i, cu o voce calm\u0103, a spus:<\/p>\n\n\n\n<p>\u2014 Este doar spum\u0103 de montaj veche, nimic grav.<\/p>\n\n\n\n<p>A luat un \u0219erve\u021bel, \u0219i-a pus m\u0103nu\u0219i, a \u0219ters o parte din masa aceea de pe perete \u0219i a plecat, ca \u0219i cum nimic nu s-ar fi \u00eent\u00e2mplat. Dar eu sim\u021beam c\u0103 nu-mi spune totul.<\/p>\n\n\n\n<p>Comportamentul lui m-a pus pe g\u00e2nduri. P\u0103rea c\u0103 se gr\u0103be\u0219te s\u0103 plece, evit\u00e2nd detaliile. Am hot\u0103r\u00e2t c\u0103 nu pot pur \u0219i simplu s\u0103 uit totul.<\/p>\n\n\n\n<p>Dup\u0103 ce a plecat, mi-am pus m\u0103nu\u0219i \u0219i, cu ajutorul unei lanterne \u0219i al unui cu\u021bit, am \u00eencercat cu grij\u0103 s\u0103 m\u0103 uit \u00een cr\u0103p\u0103tur\u0103. Ceva din interiorul peretelui\u2026 se mi\u0219ca. M-a cuprins panica. Mirosul care venea de acolo era slab, dar nepl\u0103cut. C\u00e2nd \u00een cele din urm\u0103 am \u00een\u021beles ce era, am fost pur \u0219i simplu \u00eengrozit\u0103<\/p>\n\n\n\n<figure class=\"wp-block-image\"><img decoding=\"async\" src=\"https:\/\/s.w.org\/images\/core\/emoji\/16.0.1\/svg\/1f447.svg\" alt=\"\ud83d\udc47\"\/><\/figure>\n\n\n\n<figure class=\"wp-block-image\"><img decoding=\"async\" src=\"https:\/\/s.w.org\/images\/core\/emoji\/16.0.1\/svg\/1f447.svg\" alt=\"\ud83d\udc47\"\/><\/figure>\n\n\n\n<figure class=\"wp-block-image\"><img decoding=\"async\" src=\"https:\/\/new.interesnoe.site\/wp-content\/uploads\/2025\/07\/gribok-na-stene2.jpeg\" alt=\"\"\/><\/figure>\n\n\n\n<p>Am f\u0103cut o poz\u0103 \u0219i am trimis-o unui prieten biolog.<\/p>\n\n\n\n<p>Dup\u0103 c\u00e2teva ore, m-a sunat \u00eenapoi \u0219i mi-a spus c\u0103 pare a fi o colonie de ciuperci cu micelii, posibil chiar cu insecte parazite care folosesc materialul izolator \u0219i c\u0103ldura pere\u021bilor ca mediu de trai.<\/p>\n\n\n\n<p>Asemenea lucruri apar \u00een regiunile tropicale sau \u00een locuin\u021be slab ventilate. Dup\u0103 spusele lui, ar fi putut s\u0103 se dezvolte ani de zile \u2014 \u0219i, dac\u0103 nu este \u00eendep\u0103rtat, poate deveni periculos pentru s\u0103n\u0103tate, mai ales pentru sistemul respirator.<\/p>\n\n\n\n<p>Am p\u0103r\u0103sit apartamentul imediat. Proprietarul nu mai r\u0103spunde la telefon.<\/p>\n\n\n\n<figure class=\"wp-block-image\"><img decoding=\"async\" src=\"https:\/\/new.interesnoe.site\/wp-content\/uploads\/2025\/07\/gribok-na-stene3.jpeg\" alt=\"\"\/><\/figure>\n\n\n\n<p>Acum nu pot sc\u0103pa de un g\u00e2nd \u2014 \u0219i dac\u0103 nu era vorba doar de o simpl\u0103 ciuperc\u0103? De ce s-a gr\u0103bit at\u00e2t de tare s\u0103 \u0219tearg\u0103 urmele? De ce a refuzat s\u0103 cerceteze mai departe?<\/p>\n\n\n\n<p>Mi-e team\u0103 c\u0103 \u00een acel perete se afl\u0103 ceva\u2026 ce n-ar fi trebuit s\u0103 aflu niciodat\u0103.<\/p>\n\n\n\n<p><em>Aceast\u0103 lucrare este inspirat\u0103 din evenimente \u0219i persoane reale, \u00eens\u0103 a fost fic\u021bionalizat\u0103 \u00een scopuri creative. Numele, personajele \u0219i detaliile au fost schimbate pentru a proteja intimitatea \u0219i pentru a \u00eembun\u0103t\u0103\u021bi nara\u021biunea. Orice asem\u0103nare cu persoane reale, \u00een via\u021b\u0103 sau decedate, sau cu evenimente reale este pur \u00eent\u00e2mpl\u0103toare \u0219i nu este inten\u021bionat\u0103 de c\u0103tre autor.<\/em><\/p>\n\n\n\n<p><em>Autorul \u0219i editorul nu \u00ee\u0219i asum\u0103 responsabilitatea pentru exactitatea evenimentelor sau pentru modul \u00een care sunt portretizate personajele \u0219i nu sunt r\u0103spunz\u0103tori pentru eventuale interpret\u0103ri gre\u0219ite. Aceast\u0103 poveste este oferit\u0103 \u201eca atare\u201d, iar orice opinii exprimate apar\u021bin personajelor \u0219i nu reflect\u0103 punctele de vedere ale autorului sau ale editorului.<\/em><\/p>\n","protected":false},"excerpt":{"rendered":"<p>Diminea\u021b\u0103 am observat acea mas\u0103 rozalie pe perete \u0219i am sunat imediat proprietarul: am fost \u00eengrozit\u0103 c\u00e2nd mi-am dat seama ce este\u00a0 \u00cen diminea\u021ba aceasta<\/p>\n","protected":false},"author":1,"featured_media":40939,"comment_status":"closed","ping_status":"closed","sticky":false,"template":"","format":"standard","meta":[],"categories":[1],"tags":[],"_links":{"self":[{"href":"https:\/\/calatorinromania.com\/index.php?rest_route=\/wp\/v2\/posts\/41165"}],"collection":[{"href":"https:\/\/calatorinromania.com\/index.php?rest_route=\/wp\/v2\/posts"}],"about":[{"href":"https:\/\/calatorinromania.com\/index.php?rest_route=\/wp\/v2\/types\/post"}],"author":[{"embeddable":true,"href":"https:\/\/calatorinromania.com\/index.php?rest_route=\/wp\/v2\/users\/1"}],"replies":[{"embeddable":true,"href":"https:\/\/calatorinromania.com\/index.php?rest_route=%2Fwp%2Fv2%2Fcomments&post=41165"}],"version-history":[{"count":1,"href":"https:\/\/calatorinromania.com\/index.php?rest_route=\/wp\/v2\/posts\/41165\/revisions"}],"predecessor-version":[{"id":41166,"href":"https:\/\/calatorinromania.com\/index.php?rest_route=\/wp\/v2\/posts\/41165\/revisions\/41166"}],"wp:featuredmedia":[{"embeddable":true,"href":"https:\/\/calatorinromania.com\/index.php?rest_route=\/wp\/v2\/media\/40939"}],"wp:attachment":[{"href":"https:\/\/calatorinromania.com\/index.php?rest_route=%2Fwp%2Fv2%2Fmedia&parent=41165"}],"wp:term":[{"taxonomy":"category","embeddable":true,"href":"https:\/\/calatorinromania.com\/index.php?rest_route=%2Fwp%2Fv2%2Fcategories&post=41165"},{"taxonomy":"post_tag","embeddable":true,"href":"https:\/\/calatorinromania.com\/index.php?rest_route=%2Fwp%2Fv2%2Ftags&post=41165"}],"curies":[{"name":"wp","href":"https:\/\/api.w.org\/{rel}","templated":true}]}}