{"id":41163,"date":"2025-08-08T16:43:25","date_gmt":"2025-08-08T16:43:25","guid":{"rendered":"https:\/\/calatorinromania.com\/?p=41163"},"modified":"2025-08-08T16:43:25","modified_gmt":"2025-08-08T16:43:25","slug":"fiica-mea-abia-intrata-in-viata-adulta-m-a-lasat-fara-cuvinte","status":"publish","type":"post","link":"https:\/\/calatorinromania.com\/?p=41163","title":{"rendered":"Fiica mea, abia intrat\u0103 \u00een via\u021ba adult\u0103, m-a l\u0103sat f\u0103r\u0103 cuvinte"},"content":{"rendered":"\n<p>Vocea lui era joas\u0103, mieros de amabil\u0103. O voce de b\u0103rbat care \u0219tie exact ce spune. Am r\u0103mas nemi\u0219cat\u0103, ascuns\u0103 \u00een spatele unei perdele de ieder\u0103 de la poarta lui.<\/p>\n\n\n\n<p><\/p>\n\n\n\n<p>\u201eStai lini\u0219tit\u0103, iubito\u201d, spunea. \u201e\u00cenc\u0103 o s\u0103pt\u0103m\u00e2n\u0103 \u0219i totul va fi rezolvat. Fata e nebun\u0103 dup\u0103 mine. Dup\u0103 nunt\u0103, \u00eei pun numele pe acte, apoi facem transferul \u0219i totul e al meu.\u201d<\/p>\n\n\n\n<p><\/p>\n\n\n\n<p>M-am sprijinit de gard ca s\u0103 nu cad. M\u00e2inile \u00eemi tremurau, iar g\u00e2ndurile \u00eemi fugeau haotic. Nu voiam s\u0103 cred ce auzisem. Dar era clar. B\u0103rbatul \u0103la nu o iubea. O folosea.<\/p>\n\n\n\n<p><\/p>\n\n\n\n<p>Am fugit de acolo cu inima \u00een g\u00e2t. Nu \u0219tiam ce s\u0103 fac. Dac\u0103 \u00eei spuneam fiicei mele, nu m-ar fi crezut. Era orbit\u0103 de iubire sau, mai bine zis, de iluzia iubirii. Dar nu puteam sta deoparte.<\/p>\n\n\n\n<p><\/p>\n\n\n\n<p>\u00cen noaptea aceea n-am \u00eenchis un ochi. Mi-am adus aminte de toate vorbele mamei mele, Dumnezeu s-o odihneasc\u0103: \u201eC\u00e2nd copilul nu ascult\u0103 de bun\u0103voie, trebuie s\u0103-l fere\u0219ti tu cu de-a sila de pr\u0103pastie.\u201d<\/p>\n\n\n\n<p>A doua zi, m-am dus la preotul din sat. \u00cel cuno\u0219team de c\u00e2nd eram copil\u0103. Un om bl\u00e2nd, dar hot\u0103r\u00e2t. I-am povestit tot, iar el mi-a spus cu o voce grav\u0103:<\/p>\n\n\n\n<p>\u201eAsta e \u00een\u0219el\u0103ciune, fiic\u0103. Fata ta trebuie salvat\u0103, cu orice pre\u021b. Dar nu prin ceart\u0103. Trebuie s\u0103-i ar\u0103\u021bi adev\u0103rul cu ochii ei.\u201d<\/p>\n\n\n\n<p>\u0218i a\u0219a am f\u0103cut. Am vorbit cu un nepot de-al meu care lucra \u00een domeniul IT \u0219i l-am rugat s\u0103 m\u0103 ajute s\u0103 \u00eenregistrez conversa\u021bia. Nu a fost u\u0219or, dar \u00eentr-un final, am avut dovada. Tot ce spusese acel b\u0103rbat b\u0103tr\u00e2n am \u00eenregistrat pe telefon.<\/p>\n\n\n\n<p>Ziua nun\u021bii a venit. Satul forfotea de lume. Flori, muzic\u0103, baloane, fotografi \u0219i rude curioase. Fiica mea era o prin\u021bes\u0103 \u00eentr-o rochie alb\u0103. Frumoas\u0103, t\u00e2n\u0103r\u0103, nevinovat\u0103. Mi-a dat un z\u00e2mbet timid, dar nu mi-a vorbit. \u00cenc\u0103 era sup\u0103rat\u0103 pe mine.<\/p>\n\n\n\n<p>\u00cen biseric\u0103, chiar \u00eenainte ca preotul s\u0103 \u00eentrebe dac\u0103 cineva se \u00eempotrive\u0219te, m-am ridicat. Lumea s-a \u00eentors spre mine. Am sim\u021bit cum toate privirile m\u0103 ard, dar nu mi-a p\u0103sat.<\/p>\n\n\n\n<p>\u201eP\u0103rinte, m\u0103 opun. \u0218i am dovada c\u0103 acest om o minte.\u201d<\/p>\n\n\n\n<p>Am pornit \u00eenregistrarea. Vocea lui s-a auzit clar \u00een boxe. Un fream\u0103t a trecut prin to\u021bi. Fiica mea s-a \u00eentors spre el cu lacrimi \u00een ochi. Iar el\u2026 a fugit. Pur \u0219i simplu a ie\u0219it din biseric\u0103 \u0219i a disp\u0103rut.<\/p>\n\n\n\n<p>Dup\u0103 c\u00e2teva minute de t\u0103cere ap\u0103s\u0103toare, fiica mea s-a pr\u0103bu\u0219it \u00een bra\u021bele mele \u0219i a \u00eenceput s\u0103 pl\u00e2ng\u0103. Am \u021binut-o str\u00e2ns. Nu i-am spus \u201e\u021ai-am zis eu\u201d. I-am spus doar: \u201eTe iubesc. N-ai fost singur\u0103 niciodat\u0103.\u201d<\/p>\n\n\n\n<p>Ast\u0103zi, fiica mea e bine. A \u00eenv\u0103\u021bat din gre\u0219eal\u0103, dar n-a fost nevoie s\u0103 o pl\u0103teasc\u0103 cu un destin ruinat. \u0218i, \u00een fiecare vineri, bem ceai \u00eempreun\u0103 \u0219i r\u00e2dem. Nu de trecut, ci de c\u00e2t de mult am c\u00e2\u0219tigat c\u0103 am avut curajul s\u0103 ne lupt\u0103m pentru ce era corect.<\/p>\n\n\n\n<p><em>Aceast\u0103 lucrare este inspirat\u0103 din evenimente \u0219i persoane reale, \u00eens\u0103 a fost fic\u021bionalizat\u0103 \u00een scopuri creative. Numele, personajele \u0219i detaliile au fost schimbate pentru a proteja intimitatea \u0219i pentru a \u00eembun\u0103t\u0103\u021bi nara\u021biunea. Orice asem\u0103nare cu persoane reale, \u00een via\u021b\u0103 sau decedate, sau cu evenimente reale este pur \u00eent\u00e2mpl\u0103toare \u0219i nu este inten\u021bionat\u0103 de c\u0103tre autor.<\/em><\/p>\n\n\n\n<p><em>Autorul \u0219i editorul nu \u00ee\u0219i asum\u0103 responsabilitatea pentru exactitatea evenimentelor sau pentru modul \u00een care sunt portretizate personajele \u0219i nu sunt r\u0103spunz\u0103tori pentru eventuale interpret\u0103ri gre\u0219ite. Aceast\u0103 poveste este oferit\u0103 \u201eca atare\u201d, iar orice opinii exprimate apar\u021bin personajelor \u0219i nu reflect\u0103 punctele de vedere ale autorului sau ale editorului.<\/em><\/p>\n","protected":false},"excerpt":{"rendered":"<p>Vocea lui era joas\u0103, mieros de amabil\u0103. O voce de b\u0103rbat care \u0219tie exact ce spune. Am r\u0103mas nemi\u0219cat\u0103, ascuns\u0103 \u00een spatele unei perdele de<\/p>\n","protected":false},"author":1,"featured_media":40939,"comment_status":"closed","ping_status":"closed","sticky":false,"template":"","format":"standard","meta":[],"categories":[1],"tags":[],"_links":{"self":[{"href":"https:\/\/calatorinromania.com\/index.php?rest_route=\/wp\/v2\/posts\/41163"}],"collection":[{"href":"https:\/\/calatorinromania.com\/index.php?rest_route=\/wp\/v2\/posts"}],"about":[{"href":"https:\/\/calatorinromania.com\/index.php?rest_route=\/wp\/v2\/types\/post"}],"author":[{"embeddable":true,"href":"https:\/\/calatorinromania.com\/index.php?rest_route=\/wp\/v2\/users\/1"}],"replies":[{"embeddable":true,"href":"https:\/\/calatorinromania.com\/index.php?rest_route=%2Fwp%2Fv2%2Fcomments&post=41163"}],"version-history":[{"count":1,"href":"https:\/\/calatorinromania.com\/index.php?rest_route=\/wp\/v2\/posts\/41163\/revisions"}],"predecessor-version":[{"id":41164,"href":"https:\/\/calatorinromania.com\/index.php?rest_route=\/wp\/v2\/posts\/41163\/revisions\/41164"}],"wp:featuredmedia":[{"embeddable":true,"href":"https:\/\/calatorinromania.com\/index.php?rest_route=\/wp\/v2\/media\/40939"}],"wp:attachment":[{"href":"https:\/\/calatorinromania.com\/index.php?rest_route=%2Fwp%2Fv2%2Fmedia&parent=41163"}],"wp:term":[{"taxonomy":"category","embeddable":true,"href":"https:\/\/calatorinromania.com\/index.php?rest_route=%2Fwp%2Fv2%2Fcategories&post=41163"},{"taxonomy":"post_tag","embeddable":true,"href":"https:\/\/calatorinromania.com\/index.php?rest_route=%2Fwp%2Fv2%2Ftags&post=41163"}],"curies":[{"name":"wp","href":"https:\/\/api.w.org\/{rel}","templated":true}]}}