{"id":41157,"date":"2025-08-08T16:38:06","date_gmt":"2025-08-08T16:38:06","guid":{"rendered":"https:\/\/calatorinromania.com\/?p=41157"},"modified":"2025-08-08T16:38:06","modified_gmt":"2025-08-08T16:38:06","slug":"continuarea-aici-25","status":"publish","type":"post","link":"https:\/\/calatorinromania.com\/?p=41157","title":{"rendered":"Continuarea aici&#8230;."},"content":{"rendered":"\n<h1><\/h1>\n\n\n\n<p><strong>Fiecare familie are propria poveste<\/strong>\u00a0\u2014 unele sunt amuzante, altele emo\u021bionante, iar unele au fost ascunse ani \u00eentregi. Aceast\u0103 carte con\u021bine 12 pove\u0219ti adev\u0103rate despre fapte \u021binute sub t\u0103cere, descoperiri surprinz\u0103toare \u0219i secrete vechi care, \u00een sf\u00e2r\u0219it, au ie\u0219it la lumin\u0103. Sunt momente pasionale, nea\u0219teptate \u0219i de neuitat \u2014 genul de pove\u0219ti pe care le-ai putea vedea \u00eentr-un film.<\/p>\n\n\n\n<p><\/p>\n\n\n\n<p><strong>Povestea 1:<\/strong><br>Mama mea a disp\u0103rut c\u00e2nd aveam 12 ani. Poli\u021bia n-a reu\u0219it s-o g\u0103seasc\u0103 \u0219i nu l-am v\u0103zut niciodat\u0103 pe tata v\u0103rs\u00e2nd o lacrim\u0103. Apoi, a plecat brusc din \u021bar\u0103, iar bunica lui m-a crescut.<\/p>\n\n\n\n<p><\/p>\n\n\n\n<p>S\u0103pt\u0103m\u00e2na trecut\u0103, m-am dus s-o v\u0103d pe bunica pentru ultima oar\u0103 \u00eenainte s\u0103 moar\u0103. A pl\u00e2ns \u0219i mi-a spus: \u201eIart\u0103-m\u0103\u2026 A venit timpul s\u0103 afli adev\u0103rul. Mama ta n-a disp\u0103rut. A ales s\u0103 plece. I-a spus tat\u0103lui t\u0103u s\u0103 n-o mai caute niciodat\u0103.\u201d<\/p>\n\n\n\n<p><\/p>\n\n\n\n<p>Am r\u0103mas uimit. Mama m-a avut la 17 ani \u0219i nu a fost niciodat\u0103 cu adev\u0103rat preg\u0103tit\u0103 pentru via\u021ba de p\u0103rinte. C\u00e2nd aveam 12 ani, l-a cunoscut pe altcineva \u00een Argentina \u0219i a plecat cu acel b\u0103rbat. Tat\u0103l meu a fost at\u00e2t de devastat, \u00eenc\u00e2t n-a mai putut suporta s\u0103 r\u0103m\u00e2n\u0103 \u2014 a\u0219a c\u0103 a plecat \u0219i el, l\u0103s\u00e2ndu-m\u0103 \u00een grija mamei lui.<\/p>\n\n\n\n<p><\/p>\n\n\n\n<p>C\u00e2t despre ancheta poli\u021biei? A fost doar o poveste inventat\u0103, ca s\u0103 cred c\u0103 mama a fost dat\u0103 disp\u0103rut\u0103. \u00centreaga mea via\u021b\u0103 s-a construit pe o minciun\u0103. \u0218i acum\u2026 nu \u0219tiu cum s\u0103 merg mai departe.<\/p>\n\n\n\n<p><\/p>\n\n\n\n<p><strong>Povestea 2:<\/strong><br>Am crezut mereu c\u0103 bunicul meu era un mecanic simplu, cu un garaj pr\u0103fuit \u0219i o mare pasiune pentru discurile de jazz. C\u00e2nd a murit, am g\u0103sit o cheie de la o cutie de valori, lipit\u0103 \u00een spatele vechiului lui stereo. \u00cen acea cutie era un act de proprietate pentru o podgorie din Fran\u021ba\u2026 \u0219i poze cu el \u00een fa\u021ba unui castel, al\u0103turi de o alt\u0103 familie.<\/p>\n\n\n\n<p>Se pare c\u0103 tata \u0219i-a \u00eent\u00e2lnit anul trecut fratele vitreg. Arat\u0103 identic \u2014 p\u00e2n\u0103 \u0219i gropi\u021ba din obrazul st\u00e2ng e la fel de ciudat\u0103.<\/p>\n\n\n\n<p><strong>Povestea 3:<\/strong><\/p>\n\n\n\n<p><strong>Povestea 4:<\/strong><br>(Un text doar pentru ilustrare)<\/p>\n\n\n\n<p>Unchiul meu Joe disp\u0103rea mereu c\u00e2te o s\u0103pt\u0103m\u00e2n\u0103, spun\u00e2nd c\u0103 are \u201e\u00eent\u00e2lniri cu clien\u021bii \u00een Omaha.\u201d Dup\u0103 ce a murit, am g\u0103sit zeci de Polaroiduri vechi \u00een podul lui \u2014 cu el \u00een fa\u021ba piramidelor, cu canguri, ba chiar \u0219i una \u00een care ap\u0103rea cu cineva care sem\u0103na cu Regina. Niciuna dintre fotografii nu era f\u0103cut\u0103 \u00een SUA.<\/p>\n\n\n\n<p>Se pare c\u0103 era \u00eenso\u021bitor de bord la o companie aerian\u0103 \u0219i n-a spus nim\u0103nui, fiindc\u0103 \u00eei era ru\u0219ine c\u0103 nu era \u201eun om de afaceri adev\u0103rat.\u201d Pur \u0219i simplu \u00eei pl\u0103cea s\u0103 par\u0103 misterios.<\/p>\n\n\n\n<p><strong>Povestea 5:<\/strong><br>Nu aveam voie s\u0103 atingem vechiul pian vertical al bunicii. Se enerva chiar \u0219i dac\u0103 te uitai la el prea insistent.<\/p>\n\n\n\n<p>Dup\u0103 ce a murit, mut\u0103torii au \u00eencercat s\u0103-l care afar\u0103 \u0219i l-au sc\u0103pat pe sc\u0103ri. Zeci de monede de aur s-au rostogolit dintr-un compartiment secret. Familia noastr\u0103 nu \u0219tia c\u0103 bunica fugise din \u021bara ei cu o mic\u0103 avere \u2014 pe care o ascunsese la vedere timp de 70 de ani.<\/p>\n\n\n\n<p><strong>Povestea 6:<\/strong><\/p>\n\n\n\n<p><strong>Povestea 7:<\/strong><br>C\u00e2nd m\u0103tu\u0219a Maria a murit, mi-a l\u0103sat mie caietul ei de re\u021bete scris de m\u00e2n\u0103, fiindc\u0103 eram \u201esingura care o ajuta \u00een buc\u0103t\u0103rie.\u201d Mi s-a p\u0103rut un gest frumos\u2026 p\u00e2n\u0103 c\u00e2nd am observat c\u0103 marginile paginilor erau pline de nume \u0219i date scrise m\u0103runt.<\/p>\n\n\n\n<p>Se pare c\u0103 a urm\u0103rit fiecare ceart\u0103 de familie, tr\u0103dare \u0219i scandal \u2014 toate codate l\u00e2ng\u0103 re\u021bete. Banana bread-ul ei? Legat de ziua \u00een care a aflat c\u0103 sora ei a min\u021bit c\u0103 e \u00eens\u0103rcinat\u0103. Practic, e un jurnal delicios al dramelor din familie.<\/p>\n\n\n\n<p><strong>Povestea 8:<\/strong><br>(Un text doar pentru ilustrare)<\/p>\n\n\n\n<p>Bunica mea a fost mereu rea cu fiica ei cea mare (sora mamei). O critica \u0219i o umilea constant. Chiar \u0219i c\u00e2nd eram mic, sim\u021beam c\u0103 e nedreapt\u0103 cu ea, f\u0103r\u0103 vreun motiv clar. Credeam c\u0103 pur \u0219i simplu avea un favoritism extrem fa\u021b\u0103 de ceilal\u021bi copii.<\/p>\n\n\n\n<p>Pe la 20 de ani, am aflat c\u0103 bunica o n\u0103scuse pe m\u0103tu\u0219a mea \u00een afara c\u0103s\u0103toriei, \u00eenainte s\u0103-l cunoasc\u0103 pe bunicul. Era rea cu ea pentru c\u0103 \u00eei amintea de o parte ru\u0219inoas\u0103 din trecut.<\/p>\n\n\n\n<p>\u00cemi pierdusem deja respectul pentru ea c\u00e2nd credeam c\u0103 o trata r\u0103u f\u0103r\u0103 motiv. Dup\u0103 ce am aflat adev\u0103ratul motiv, am pierdut \u0219i mai mult respect.<br>\u00a9 uh_oh_hotdog \/ Reddit<\/p>\n\n\n\n<p><strong>Povestea 9:<\/strong><br>Cresc\u00e2nd, \u00een spatele casei noastre era o magazie mic\u0103 \u00een care ni se interzicea categoric s\u0103 intr\u0103m. N-avea nici m\u0103car ferestre. Dup\u0103 ce tata a murit \u0219i am v\u00e2ndut casa, noii proprietari au g\u0103sit sute de picturi \u00een\u0103untru \u2014 toate semnate cu un nume necunoscut.<\/p>\n\n\n\n<p>Am descoperit c\u0103 tat\u0103l nostru era un artist local semi-celebru, care semna cu pseudonim. N-a vrut ca lumea s\u0103 afle c\u0103 e el, fiindc\u0103 credea c\u0103, dac\u0103 se \u0219tia c\u0103 e \u201eartist\u201d, n-ar mai fi fost luat \u00een serios ca inginer.<\/p>\n\n\n\n<p><strong>Povestea 10:<\/strong><\/p>\n\n\n\n<p><strong>Povestea 11:<\/strong><br>Am aflat c\u0103 am o m\u0103tu\u0219\u0103 din partea tat\u0103lui, care a fost dat\u0103 spre adop\u021bie fiindc\u0103 fusese conceput\u0103 \u00een urma unei aventuri. P\u0103rin\u021bii adoptivi locuiau \u00een acela\u0219i ora\u0219, \u0219i ea a fost la \u0219coal\u0103 cu tata, dar niciunul nu \u0219tia c\u0103 sunt fra\u021bi vitregi.<\/p>\n\n\n\n<p>F\u0103cea parte \u0219i din grupul de prietene al mamei mele, a\u0219a c\u0103 atunci c\u00e2nd am v\u0103zut-o \u0219i am \u00eentrebat-o pe mama dac\u0103 o cunoa\u0219te, ea a zis: \u201eDa, o sun chiar acum\u2026\u201d A fost absolut nebunesc. Bunica neag\u0103 totul \u0219i acum.<br>\u00a9 Islanduniverse \/ Reddit<\/p>\n\n\n\n<p><strong>Povestea 12:<\/strong><br>Dup\u0103 ce tata a murit, cel mai bun prieten al lui a fost al\u0103turi de mama mea. A devenit un apropiat al familiei \u00eenc\u0103 de c\u00e2nd eram mic. Au trecut cam 12 ani de atunci, iar eu am aflat abia luna trecut\u0103 c\u0103 de aproape 8 ani, mama mea \u0219i cel mai bun prieten al tat\u0103lui meu sunt \u00eentr-o rela\u021bie.<\/p>\n\n\n\n<p>B\u0103nuiam ceva, dar cum nu-mi spunea nimeni nimic, am crezut c\u0103 nu se \u00eent\u00e2mpl\u0103 nimic. Se pare c\u0103 m-am \u00een\u0219elat. Mama \u00eenc\u0103 nu \u0219tie c\u0103 eu \u0219tiu\u2026<\/p>\n\n\n\n<p><em>Aceast\u0103 lucrare este inspirat\u0103 din evenimente \u0219i persoane reale, \u00eens\u0103 a fost fic\u021bionalizat\u0103 \u00een scopuri creative. Numele, personajele \u0219i detaliile au fost schimbate pentru a proteja intimitatea \u0219i pentru a \u00eembun\u0103t\u0103\u021bi nara\u021biunea. Orice asem\u0103nare cu persoane reale, \u00een via\u021b\u0103 sau decedate, sau cu evenimente reale este pur \u00eent\u00e2mpl\u0103toare \u0219i nu este inten\u021bionat\u0103 de c\u0103tre autor.<\/em><\/p>\n\n\n\n<p><em>Autorul \u0219i editorul nu \u00ee\u0219i asum\u0103 responsabilitatea pentru exactitatea evenimentelor sau pentru modul \u00een care sunt portretizate personajele \u0219i nu sunt r\u0103spunz\u0103tori pentru eventuale interpret\u0103ri gre\u0219ite. Aceast\u0103 poveste este oferit\u0103 \u201eca atare\u201d, iar orice opinii exprimate apar\u021bin personajelor \u0219i nu reflect\u0103 punctele de vedere ale autorului sau ale editorului.<\/em><\/p>\n","protected":false},"excerpt":{"rendered":"<p>Fiecare familie are propria poveste\u00a0\u2014 unele sunt amuzante, altele emo\u021bionante, iar unele au fost ascunse ani \u00eentregi. Aceast\u0103 carte con\u021bine 12 pove\u0219ti adev\u0103rate despre fapte<\/p>\n","protected":false},"author":1,"featured_media":40939,"comment_status":"closed","ping_status":"closed","sticky":false,"template":"","format":"standard","meta":[],"categories":[1],"tags":[],"_links":{"self":[{"href":"https:\/\/calatorinromania.com\/index.php?rest_route=\/wp\/v2\/posts\/41157"}],"collection":[{"href":"https:\/\/calatorinromania.com\/index.php?rest_route=\/wp\/v2\/posts"}],"about":[{"href":"https:\/\/calatorinromania.com\/index.php?rest_route=\/wp\/v2\/types\/post"}],"author":[{"embeddable":true,"href":"https:\/\/calatorinromania.com\/index.php?rest_route=\/wp\/v2\/users\/1"}],"replies":[{"embeddable":true,"href":"https:\/\/calatorinromania.com\/index.php?rest_route=%2Fwp%2Fv2%2Fcomments&post=41157"}],"version-history":[{"count":1,"href":"https:\/\/calatorinromania.com\/index.php?rest_route=\/wp\/v2\/posts\/41157\/revisions"}],"predecessor-version":[{"id":41158,"href":"https:\/\/calatorinromania.com\/index.php?rest_route=\/wp\/v2\/posts\/41157\/revisions\/41158"}],"wp:featuredmedia":[{"embeddable":true,"href":"https:\/\/calatorinromania.com\/index.php?rest_route=\/wp\/v2\/media\/40939"}],"wp:attachment":[{"href":"https:\/\/calatorinromania.com\/index.php?rest_route=%2Fwp%2Fv2%2Fmedia&parent=41157"}],"wp:term":[{"taxonomy":"category","embeddable":true,"href":"https:\/\/calatorinromania.com\/index.php?rest_route=%2Fwp%2Fv2%2Fcategories&post=41157"},{"taxonomy":"post_tag","embeddable":true,"href":"https:\/\/calatorinromania.com\/index.php?rest_route=%2Fwp%2Fv2%2Ftags&post=41157"}],"curies":[{"name":"wp","href":"https:\/\/api.w.org\/{rel}","templated":true}]}}