{"id":41155,"date":"2025-08-08T16:36:25","date_gmt":"2025-08-08T16:36:25","guid":{"rendered":"https:\/\/calatorinromania.com\/?p=41155"},"modified":"2025-08-08T16:36:25","modified_gmt":"2025-08-08T16:36:25","slug":"am-mari-indoieli-ca-postarea-mea-va-fi-citita-cu-atentie-sau-distribuita","status":"publish","type":"post","link":"https:\/\/calatorinromania.com\/?p=41155","title":{"rendered":"Am mari \u00eendoieli c\u0103 postarea mea va fi citit\u0103 cu aten\u021bie sau distribuit\u0103"},"content":{"rendered":"\n<p><strong>Desigur, dac\u0103 aceast\u0103 postare ar fi fost plin\u0103 cu pisici sau c\u00e2ini \u2013 fiin\u021be pe care majoritatea dintre noi le iubim \u0219i le \u00eengrijim \u2013 recuno\u0219tin\u021ba \u0219i indignarea noastr\u0103 ar fi fost cople\u0219itoare.<\/strong><\/p>\n\n\n\n<p><\/p>\n\n\n\n<p>Dar aceast\u0103 postare nu con\u021bine fotografii indecente.<\/p>\n\n\n\n<p><\/p>\n\n\n\n<p>Din p\u0103cate, este vorba despre mii de albine moarte, afectate de utilizarea pesticidelor \u00een \u021bara noastr\u0103. Din p\u0103cate, undeva pe aici, ciclul nostru de via\u021b\u0103 se opre\u0219te.<\/p>\n\n\n\n<p><br>Dac\u0103 \u00eentr-o zi albinele vor disp\u0103rea de pe fa\u021ba P\u0103m\u00e2ntului, nou\u0103, oamenilor, ne vor mai r\u0103m\u00e2ne doar 4 ani de tr\u0103it\u2026<\/p>\n\n\n\n<p><\/p>\n\n\n\n<p><strong>De ce sunt albinele cele mai importante vie\u021buitoare de pe planet\u0103?<\/strong><\/p>\n\n\n\n<p><\/p>\n\n\n\n<p>Cu to\u021bii \u0219tim c\u00e2t de importante sunt albinele \u00een via\u021ba noastr\u0103 de zi cu zi \u0219i, \u00eenc\u0103 din copil\u0103rie, am fost \u00eenv\u0103\u021ba\u021bi s\u0103 pre\u021buim propriet\u0103\u021bile extraordinare ale produselor din stup. Iat\u0103 concluziile unor cercet\u0103ri recente cu privire la existen\u021ba lor:<\/p>\n\n\n\n<p><\/p>\n\n\n\n<p><strong>Albine moarte. Pesticide.<\/strong><\/p>\n\n\n\n<p><\/p>\n\n\n\n<p>La ultimele dezbateri ale Societ\u0103\u021bii Regale de Geografie din Londra, Institutul Earthwatch a ajuns la concluzia c\u0103 albinele sunt cele mai importante vie\u021buitoare de pe planet\u0103. \u00cens\u0103 odat\u0103 cu aceast\u0103 veste, oamenii de \u0219tiin\u021b\u0103 au f\u0103cut \u0219i o declara\u021bie alarmant\u0103: albinele sunt acum considerate insecte aflate \u00een pericol major de dispari\u021bie.<\/p>\n\n\n\n<p><\/p>\n\n\n\n<blockquote class=\"wp-block-quote\">\n<p><strong>\u201eDAC\u0102 ALBINELE VOR DISP\u0102REA, UMANITATEA VA MAI TR\u0102I DOAR 4 ANI.\u201d<\/strong><\/p>\n\n\n\n<p><br>\u2013 Albert Einstein<\/p>\n<\/blockquote>\n\n\n\n<p>Conform unor cercet\u0103ri recente, albinele au disp\u0103rut \u00een propor\u021bie de 90% la nivel global, iar cauzele variaz\u0103 \u00een func\u021bie de regiune. Printre cele mai importante se num\u0103r\u0103:<br>\u2013 defri\u0219\u0103rile masive<br>\u2013 lipsa unor locuri sigure pentru cuib\u0103rit<br>\u2013 absen\u021ba florilor<br>\u2013 utilizarea necontrolat\u0103 a pesticidelor<br>\u2013 modific\u0103rile solului<br>\u2013 sc\u0103derea num\u0103rului de apicultori<\/p>\n\n\n\n<p>Peste 70% din agricultura mondial\u0103 depinde de aceste insecte. Se poate spune c\u0103 70 din 100 de produse pe care le consum\u0103m sunt posibile datorit\u0103 procesului de polenizare realizat de albine.<\/p>\n\n\n\n<p>\u00cen plus, polenizarea efectuat\u0103 de albine este esen\u021bial\u0103 pentru reproducerea plantelor, care sunt sursa principal\u0103 de hran\u0103 pentru milioane de animale. F\u0103r\u0103 acest proces, fauna s\u0103lbatic\u0103 ar \u00eencepe treptat s\u0103 dispar\u0103.<\/p>\n\n\n\n<p><strong>Exist\u0103 solu\u021bii?<\/strong><\/p>\n\n\n\n<p>Solu\u021biile exist\u0103, dar sunt greu de pus \u00een practic\u0103 \u00een societatea actual\u0103, av\u00e2nd \u00een vedere practicile agricole \u0219i industriale nocive din Rom\u00e2nia.<\/p>\n\n\n\n<p>Cu toate acestea, speciali\u0219tii au propus c\u00e2teva direc\u021bii care ar putea face diferen\u021ba, dac\u0103 ar fi aplicate c\u00e2t mai cur\u00e2nd:<\/p>\n\n\n\n<p>\u2013 Interzicerea total\u0103, nu doar reducerea, utiliz\u0103rii pesticidelor toxice. Se propune tranzi\u021bia c\u0103tre pesticide care nu afecteaz\u0103 negativ polenizatorii.<br>\u2013 Promovarea alternativelor complet naturale \u00een agricultur\u0103.<br>\u2013 Realizarea de cercet\u0103ri constante \u0219i monitorizarea s\u0103n\u0103t\u0103\u021bii, bun\u0103st\u0103rii \u0219i conserv\u0103rii albinelor.<br>\u2013 \u00cencurajarea programelor care implic\u0103 popula\u021bia \u00een salvarea albinelor, prin sus\u021binerea apicultorilor \u2013 de exemplu, prin cump\u0103rarea mierii naturale sau participarea la proiecte na\u021bionale precum \u201eAdopt\u0103 un stup\u201d.<\/p>\n\n\n\n<p>Te po\u021bi al\u0103tura \u0219i tu unei astfel de ini\u021biative datorit\u0103 proiectului\u2026<\/p>\n\n\n\n<p><em>Aceast\u0103 lucrare este inspirat\u0103 din evenimente \u0219i persoane reale, \u00eens\u0103 a fost fic\u021bionalizat\u0103 \u00een scopuri creative. Numele, personajele \u0219i detaliile au fost schimbate pentru a proteja intimitatea \u0219i pentru a \u00eembun\u0103t\u0103\u021bi nara\u021biunea. Orice asem\u0103nare cu persoane reale, \u00een via\u021b\u0103 sau decedate, sau cu evenimente reale este pur \u00eent\u00e2mpl\u0103toare \u0219i nu este inten\u021bionat\u0103 de c\u0103tre autor.<\/em><\/p>\n\n\n\n<p><em>Autorul \u0219i editorul nu \u00ee\u0219i asum\u0103 responsabilitatea pentru exactitatea evenimentelor sau pentru modul \u00een care sunt portretizate personajele \u0219i nu sunt r\u0103spunz\u0103tori pentru eventuale interpret\u0103ri gre\u0219ite. Aceast\u0103 poveste este oferit\u0103 \u201eca atare\u201d, iar orice opinii exprimate apar\u021bin personajelor \u0219i nu reflect\u0103 punctele de vedere ale autorului sau ale editorului.<\/em><\/p>\n","protected":false},"excerpt":{"rendered":"<p>Desigur, dac\u0103 aceast\u0103 postare ar fi fost plin\u0103 cu pisici sau c\u00e2ini \u2013 fiin\u021be pe care majoritatea dintre noi le iubim \u0219i le \u00eengrijim \u2013<\/p>\n","protected":false},"author":1,"featured_media":40939,"comment_status":"closed","ping_status":"closed","sticky":false,"template":"","format":"standard","meta":[],"categories":[1],"tags":[],"_links":{"self":[{"href":"https:\/\/calatorinromania.com\/index.php?rest_route=\/wp\/v2\/posts\/41155"}],"collection":[{"href":"https:\/\/calatorinromania.com\/index.php?rest_route=\/wp\/v2\/posts"}],"about":[{"href":"https:\/\/calatorinromania.com\/index.php?rest_route=\/wp\/v2\/types\/post"}],"author":[{"embeddable":true,"href":"https:\/\/calatorinromania.com\/index.php?rest_route=\/wp\/v2\/users\/1"}],"replies":[{"embeddable":true,"href":"https:\/\/calatorinromania.com\/index.php?rest_route=%2Fwp%2Fv2%2Fcomments&post=41155"}],"version-history":[{"count":1,"href":"https:\/\/calatorinromania.com\/index.php?rest_route=\/wp\/v2\/posts\/41155\/revisions"}],"predecessor-version":[{"id":41156,"href":"https:\/\/calatorinromania.com\/index.php?rest_route=\/wp\/v2\/posts\/41155\/revisions\/41156"}],"wp:featuredmedia":[{"embeddable":true,"href":"https:\/\/calatorinromania.com\/index.php?rest_route=\/wp\/v2\/media\/40939"}],"wp:attachment":[{"href":"https:\/\/calatorinromania.com\/index.php?rest_route=%2Fwp%2Fv2%2Fmedia&parent=41155"}],"wp:term":[{"taxonomy":"category","embeddable":true,"href":"https:\/\/calatorinromania.com\/index.php?rest_route=%2Fwp%2Fv2%2Fcategories&post=41155"},{"taxonomy":"post_tag","embeddable":true,"href":"https:\/\/calatorinromania.com\/index.php?rest_route=%2Fwp%2Fv2%2Ftags&post=41155"}],"curies":[{"name":"wp","href":"https:\/\/api.w.org\/{rel}","templated":true}]}}