{"id":41153,"date":"2025-08-08T16:34:55","date_gmt":"2025-08-08T16:34:55","guid":{"rendered":"https:\/\/calatorinromania.com\/?p=41153"},"modified":"2025-08-08T16:34:55","modified_gmt":"2025-08-08T16:34:55","slug":"parintii-fac-zilnic-lucruri-surprinzatoare","status":"publish","type":"post","link":"https:\/\/calatorinromania.com\/?p=41153","title":{"rendered":"P\u0103rin\u021bii fac zilnic lucruri surprinz\u0103toare"},"content":{"rendered":"\n<p><strong>P\u0103rin\u021bii fac zilnic lucruri surprinz\u0103toare, de multe ori f\u0103r\u0103 ca cineva s\u0103 observe. Ei ne ajut\u0103, ne \u00eengrijesc \u0219i ne \u00eencurajeaz\u0103 \u00eentr-un mod care pare aproape fascinant.<\/strong><\/p>\n\n\n\n<p><br>\u00cen acest articol, am adunat pove\u0219ti reale \u00een care au mers dincolo de ceea ce era de a\u0219teptat. Unele sunt frumoase, altele de-a dreptul tulbur\u0103toare, dar toate arat\u0103 c\u00e2t de puternici \u0219i iubitori pot fi p\u0103rin\u021bii no\u0219tri.<\/p>\n\n\n\n<p><\/p>\n\n\n\n<p><strong>Povestea 1<\/strong><\/p>\n\n\n\n<p><br>Cresc\u00e2nd, nu aveam prea multe. \u00centr-o iarn\u0103, \u00eemi doream enorm o biciclet\u0103 ro\u0219ie. A ap\u0103rut sub brad, ca prin magie.<\/p>\n\n\n\n<p><\/p>\n\n\n\n<p>Ani mai t\u00e2rziu, am aflat c\u0103 tata \u0219i-a v\u00e2ndut chitara ca s\u0103 o cumpere. Nu mi-a spus niciodat\u0103. Am aflat doar c\u00e2nd l-am \u00eentrebat unde e chitara. A ridicat din umeri \u0219i a zis: \u201eBicicleta f\u0103cea mai mult zgomot, oricum.\u201d<\/p>\n\n\n\n<p><\/p>\n\n\n\n<p>Acea biciclet\u0103 m-a purtat ani de zile. Dar chitara nu mi-a ie\u0219it niciodat\u0103 din minte. Nici omul t\u0103cut care a dat-o pentru z\u00e2mbetul meu.<\/p>\n\n\n\n<p><\/p>\n\n\n\n<p><strong>Povestea 2<\/strong><br>Cu o sear\u0103 \u00eenainte de banchet, mi s-a rupt fermoarul rochiei. A fost o criz\u0103 complet\u0103. Pl\u00e2ngeam pe jos. Mama a intrat cu o lantern\u0103 \u0219i un set de cusut. N-a clipit. \u0218i-a dat ochelarii jos, \u0219i-a prins p\u0103rul \u0219i s-a apucat de treab\u0103.<\/p>\n\n\n\n<p><\/p>\n\n\n\n<p><\/p>\n\n\n\n<p>Dup\u0103 dou\u0103 ore, rochia ar\u0103ta mai bine dec\u00e2t atunci c\u00e2nd am cump\u0103rat-o. \u00cei ad\u0103ugase chiar \u0219i un buzunar ascuns, \u201epentru orice eventualitate\u201d. Am intrat la banchet sim\u021bindu-m\u0103 ca o prin\u021bes\u0103. Nimeni nu \u0219tia c\u0103 designerul era, de fapt, mama mea, \u00een pijamale. A z\u00e2mbit \u0219i mi-a spus: \u201eDu-te \u0219i distreaz\u0103-te.\u201d<\/p>\n\n\n\n<p><\/p>\n\n\n\n<p><\/p>\n\n\n\n<hr class=\"wp-block-separator has-alpha-channel-opacity\"\/>\n\n\n\n<p><strong>Povestea 3<\/strong><br>I-am spus mamei c\u0103 vreau s\u0103 \u00eencerc alergarea. Mi-a cump\u0103rat adida\u0219i, m\u0103 trezea \u00een fiecare diminea\u021b\u0103 la 6. Alerga cu mine, de\u0219i o ura. M\u0103 \u021binea \u00een ritm, m\u0103 \u00eencuraja, \u00eencetinea c\u00e2nd oboseam. N-a lipsit nici m\u0103car o diminea\u021b\u0103.<\/p>\n\n\n\n<p>Am intrat \u00een echipa de atletism. A doua zi, mama n-a mai alergat. A zis: \u201eAm vrut doar s\u0103 te pun pe drumul cel bun.\u201d De fapt, \u00ee\u0219i punea ghea\u021b\u0103 pe genunchi \u00een fiecare sear\u0103. Am aflat abia peste ani.<\/p>\n\n\n\n<hr class=\"wp-block-separator has-alpha-channel-opacity\"\/>\n\n\n\n<p><strong>Povestea 4<\/strong><br>Aveam primul meu interviu de angajare \u0219i eram \u00eengrozit\u0103. Mama m-a pus s\u0103 exersez r\u0103spunsurile \u00een sufragerie. M-a \u201einterogat\u201d mai dur dec\u00e2t orice angajator. M-a f\u0103cut s\u0103 stau \u00een picioare c\u00e2nd r\u0103spundeam. \u0218i-a pus ochelari doar ca s\u0103 par\u0103 mai \u201eoficial\u0103\u201d.<\/p>\n\n\n\n<p>\u00cen ziua interviului, eram calm\u0103 \u0219i preg\u0103tit\u0103. Am r\u0103spuns perfect la toate \u00eentreb\u0103rile. Am luat jobul. C\u00e2nd i-am spus, a zis doar: \u201e\u021ai-am spus c\u0103 vor fi mai u\u0219ori dec\u00e2t mine.\u201d Mi-a scris \u0219i un bilet cu noroc, pe care l-am g\u0103sit \u00een buzunar. \u00cel am \u0219i acum\u2026<\/p>\n\n\n\n<hr class=\"wp-block-separator has-alpha-channel-opacity\"\/>\n\n\n\n<p><strong>Povestea 6<\/strong><br>Am picat un test la matematic\u0103. Eram devastat. L-am dus acas\u0103, a\u0219tept\u00e2ndu-m\u0103 la moral\u0103.<\/p>\n\n\n\n<p>\u00cen schimb, mama \u0219i-a scos carnetele de note vechi. Mi-a ar\u0103tat notele ei la matematic\u0103\u2014mai proaste dec\u00e2t ale mele. Apoi mi-a spus cum a ajuns contabil\u0103, totu\u0219i. M-a ajutat s\u0103 facem fi\u0219e \u0219i un plan de \u00eenv\u0103\u021bare.<\/p>\n\n\n\n<p>Un an mai t\u00e2rziu, eram primul din clas\u0103. A \u00eenr\u0103mat testul meu cu nota mare. L-a pus l\u00e2ng\u0103 o poz\u0103 cu ea la 10 ani. \u201eAm\u00e2ndoi ne-am prins p\u00e2n\u0103 la urm\u0103,\u201d mi-a zis.<\/p>\n\n\n\n<hr class=\"wp-block-separator has-alpha-channel-opacity\"\/>\n\n\n\n<p><strong>Povestea 9<\/strong><br>Mama nu mi-a pl\u0103cut niciodat\u0103 so\u021bia. \u00cen ziua nun\u021bii, a pl\u00e2ns: \u201eFiule, nu e fata potrivit\u0103 pentru tine!\u201d<\/p>\n\n\n\n<p>I-am spus: \u201e\u00centr-o zi, o vei iubi \u0219i tu!\u201d A dat din cap.<\/p>\n\n\n\n<p>2 ani mai t\u00e2rziu, mama a murit. Am mers s\u0103 golesc casa. Am \u00eencremenit c\u00e2nd am privit sub pat. Zeci de documente pe numele so\u021biei mele, cu ani \u00een urm\u0103.<\/p>\n\n\n\n<p>Erau toate datorii\u2014taxe de facultate, credite personale, carduri\u2014totul. Toate fuseser\u0103 pl\u0103tite. De mama. Totalul: 48.000 de dolari.<\/p>\n\n\n\n<p>Am \u00een\u021beles atunci: mama descoperise datoriile so\u021biei \u0219i \u0219tia c\u0103, dac\u0103 m\u0103 c\u0103s\u0103toream cu ea, aveam s\u0103 preiau acea povar\u0103\u2014\u0219i s\u0103-mi sacrific propriile studii. A\u0219a c\u0103 \u0219i-a folosit banii de pensie \u0219i economiile de-o via\u021b\u0103 ca s\u0103 le achite, \u00een t\u0103cere.<\/p>\n\n\n\n<p>\u021ainuse totul secret ca s\u0103 m\u0103 protejeze. Asta era adev\u0103rata ei team\u0103, nu femeia \u00een sine. C\u00e2nd am \u00eentrebat-o pe so\u021bia mea, mi-a spus c\u0103 mama vorbise cu ea\u2014\u0219i \u00eei ceruse s\u0103 nu-mi spun\u0103.<\/p>\n\n\n\n<hr class=\"wp-block-separator has-alpha-channel-opacity\"\/>\n\n\n\n<p><strong>Povestea 11<\/strong><br>\u00cen fiecare an de ziua mea, tata \u00eemi d\u0103 un cadou ciudat \u0219i ieftin. O piatr\u0103, un cartof, o lingur\u0103 cu numele meu zg\u00e2riat. Dar fiecare vine cu o poveste. Cum piatra era de la o excursie cu cortul. Sau lingura, de la prima mas\u0103 pe care am m\u00e2ncat-o singur.<\/p>\n\n\n\n<p>Acum am 25 de ani \u0219i o cutie plin\u0103 cu aceste lucruri ciudate. Fiecare declan\u0219eaz\u0103 o amintire mai vie dec\u00e2t orice cadou scump. Tata spune: \u201eLucrurile mari se uit\u0103. Pove\u0219tile r\u0103m\u00e2n.\u201d Acum \u00eel cred. Cutia aia e nepre\u021buit\u0103.<\/p>\n\n\n\n<p><em>Aceast\u0103 lucrare este inspirat\u0103 din evenimente \u0219i persoane reale, \u00eens\u0103 a fost fic\u021bionalizat\u0103 \u00een scopuri creative. Numele, personajele \u0219i detaliile au fost schimbate pentru a proteja intimitatea \u0219i pentru a \u00eembun\u0103t\u0103\u021bi nara\u021biunea. Orice asem\u0103nare cu persoane reale, \u00een via\u021b\u0103 sau decedate, sau cu evenimente reale este pur \u00eent\u00e2mpl\u0103toare \u0219i nu este inten\u021bionat\u0103 de c\u0103tre autor.<\/em><\/p>\n\n\n\n<p><em>Autorul \u0219i editorul nu \u00ee\u0219i asum\u0103 responsabilitatea pentru exactitatea evenimentelor sau pentru modul \u00een care sunt portretizate personajele \u0219i nu sunt r\u0103spunz\u0103tori pentru eventuale interpret\u0103ri gre\u0219ite. Aceast\u0103 poveste este oferit\u0103 \u201eca atare\u201d, iar orice opinii exprimate apar\u021bin personajelor \u0219i nu reflect\u0103 punctele de vedere ale autorului sau ale editorului.<\/em><\/p>\n","protected":false},"excerpt":{"rendered":"<p>P\u0103rin\u021bii fac zilnic lucruri surprinz\u0103toare, de multe ori f\u0103r\u0103 ca cineva s\u0103 observe. Ei ne ajut\u0103, ne \u00eengrijesc \u0219i ne \u00eencurajeaz\u0103 \u00eentr-un mod care pare<\/p>\n","protected":false},"author":1,"featured_media":40939,"comment_status":"closed","ping_status":"closed","sticky":false,"template":"","format":"standard","meta":[],"categories":[1],"tags":[],"_links":{"self":[{"href":"https:\/\/calatorinromania.com\/index.php?rest_route=\/wp\/v2\/posts\/41153"}],"collection":[{"href":"https:\/\/calatorinromania.com\/index.php?rest_route=\/wp\/v2\/posts"}],"about":[{"href":"https:\/\/calatorinromania.com\/index.php?rest_route=\/wp\/v2\/types\/post"}],"author":[{"embeddable":true,"href":"https:\/\/calatorinromania.com\/index.php?rest_route=\/wp\/v2\/users\/1"}],"replies":[{"embeddable":true,"href":"https:\/\/calatorinromania.com\/index.php?rest_route=%2Fwp%2Fv2%2Fcomments&post=41153"}],"version-history":[{"count":1,"href":"https:\/\/calatorinromania.com\/index.php?rest_route=\/wp\/v2\/posts\/41153\/revisions"}],"predecessor-version":[{"id":41154,"href":"https:\/\/calatorinromania.com\/index.php?rest_route=\/wp\/v2\/posts\/41153\/revisions\/41154"}],"wp:featuredmedia":[{"embeddable":true,"href":"https:\/\/calatorinromania.com\/index.php?rest_route=\/wp\/v2\/media\/40939"}],"wp:attachment":[{"href":"https:\/\/calatorinromania.com\/index.php?rest_route=%2Fwp%2Fv2%2Fmedia&parent=41153"}],"wp:term":[{"taxonomy":"category","embeddable":true,"href":"https:\/\/calatorinromania.com\/index.php?rest_route=%2Fwp%2Fv2%2Fcategories&post=41153"},{"taxonomy":"post_tag","embeddable":true,"href":"https:\/\/calatorinromania.com\/index.php?rest_route=%2Fwp%2Fv2%2Ftags&post=41153"}],"curies":[{"name":"wp","href":"https:\/\/api.w.org\/{rel}","templated":true}]}}