{"id":41150,"date":"2025-08-08T16:25:46","date_gmt":"2025-08-08T16:25:46","guid":{"rendered":"https:\/\/calatorinromania.com\/?p=41150"},"modified":"2025-08-08T16:25:47","modified_gmt":"2025-08-08T16:25:47","slug":"o-fata-de-20-de-ani-a-ramas-insarcinata-din-greseala-cu-un-muncitor-in-constructii","status":"publish","type":"post","link":"https:\/\/calatorinromania.com\/?p=41150","title":{"rendered":"\u201dO fat\u0103 de 20 de ani a r\u0103mas \u00eens\u0103rcinat\u0103 din gre\u0219eal\u0103 cu un muncitor \u00een construc\u021bii\u201d"},"content":{"rendered":"\n<p>O fat\u0103 de 20 de ani a r\u0103mas \u00eens\u0103rcinat\u0103 din gre\u0219eal\u0103 cu un muncitor \u00een construc\u021bii\u2026<\/p>\n\n\n\n<p><\/p>\n\n\n\n<p>La doar 20 de ani, Andreea \u2014 student\u0103 \u00een anul al doilea la contabilitate, \u00eentr-o facultate din Ploie\u0219ti \u2014 s-a \u00eendr\u0103gostit de Radu, un muncitor lini\u0219tit dintr-un sat din Bistri\u021ba, pe care l-a cunoscut \u00een timp ce lucra part-time la o teras\u0103 de pe marginea drumului.<\/p>\n\n\n\n<p><\/p>\n\n\n\n<p>Rela\u021bia lor a fost scurt\u0103, dar intens\u0103. Iar c\u00e2nd a aflat c\u0103 este \u00eens\u0103rcinat\u0103, Radu i-a promis c\u0103 o va duce acas\u0103 la el \u0219i c\u0103 se vor c\u0103s\u0103tori. Andreea l-a crezut.<\/p>\n\n\n\n<p><\/p>\n\n\n\n<p>\u00cens\u0103 vizita la familia lui i-a spulberat toate speran\u021bele.<\/p>\n\n\n\n<p><\/p>\n\n\n\n<p>P\u0103rin\u021bii lui Radu s-au ar\u0103tat reci \u0219i plini de prejudec\u0103\u021bi. C\u00e2nd au aflat c\u0103 ea era \u00eens\u0103rcinat\u0103, mama lui a spus cu dispre\u021b: \u201eFetele din ziua de azi nu mai \u0219tiu ce e ru\u0219inea. De unde \u0219tim c\u0103 e copilul lui Radu?\u201d Acea singur\u0103 replic\u0103 a fost suficient\u0103 pentru ca lumea Andreei s\u0103 se pr\u0103bu\u0219easc\u0103.<\/p>\n\n\n\n<p><\/p>\n\n\n\n<p>S-au \u00eentors acas\u0103 \u00een t\u0103cere. La scurt timp, Radu a \u00eenceput s-o evite \u2014 mereu cu aceea\u0219i explica\u021bie: \u201eP\u0103rin\u021bii mei nu sunt \u00eenc\u0103 de acord. Mai a\u0219teapt\u0103 pu\u021bin.\u201d<\/p>\n\n\n\n<p>Au trecut trei luni. Sarcina ei avansa, dar Radu se \u00eendep\u0103rta tot mai mult. P\u00e2n\u0103 \u00eentr-o sear\u0103 ploioas\u0103, c\u00e2nd Andreea a primit un apel de la o coleg\u0103.<\/p>\n\n\n\n<p>\u2014 Andreea\u2026 Radu tocmai s-a c\u0103s\u0103torit. \u00cen Bistri\u021ba. Cu o fat\u0103 aleas\u0103 de p\u0103rin\u021bii lui cu ceva timp \u00een urm\u0103.<\/p>\n\n\n\n<p>N-a pl\u00e2ns. N-a strigat. \u0218i-a str\u00e2ns lucrurile \u0219i a plecat din ora\u0219 f\u0103r\u0103 s\u0103 spun\u0103 nimic. Cu copilul nen\u0103scut \u0219i sufletul fr\u00e2nt, s-a mutat \u00eentr-un or\u0103\u0219el din apropierea T\u00e2rgovi\u0219tei.<\/p>\n\n\n\n<p>Acolo, \u00eentr-o camer\u0103 modest\u0103 pe care o \u00eenchiriase, a n\u0103scut singur\u0103, \u00een mijlocul unei furtuni. \u0218i-a numit b\u0103ie\u021belul Rare\u0219 \u2014 noul ei \u00eenceput.<\/p>\n\n\n\n<p>Au trecut \u0219aptesprezece ani. Andreea l-a crescut singur\u0103, f\u0103r\u0103 s\u0103 spun\u0103 vreodat\u0103 un cuv\u00e2nt despre Radu. A muncit ne\u00eentrerupt, a economisit fiecare leu \u0219i i-a oferit b\u0103iatului tot ce a avut mai bun.<\/p>\n\n\n\n<p>P\u00e2n\u0103 \u00eentr-o dup\u0103-amiaz\u0103 mohor\u00e2t\u0103 de iunie, c\u00e2nd str\u0103zile din Pite\u0219ti erau acoperite de ploaie, iar Andreea st\u0103tea \u00een fa\u021ba liceului unde \u00eenv\u0103\u021ba Rare\u0219. \u00cel privea ie\u0219ind din cl\u0103dire, cu acea privire at\u00e2t de familiar\u0103 \u00een ochi.<\/p>\n\n\n\n<p>\u0218aptesprezece ani de t\u0103cere. \u0218aptesprezece ani de r\u0103ni nespuse.<\/p>\n\n\n\n<p>Acum, adev\u0103rul st\u0103tea s\u0103 ias\u0103 la lumin\u0103 \u2014 fie c\u0103 era preg\u0103tit\u0103, fie c\u0103 nu.<\/p>\n\n\n\n<p>Rare\u0219 s-a apropiat de ma\u0219in\u0103 \u0219i a urcat pe bancheta din fa\u021b\u0103, ud p\u00e2n\u0103 la genunchi. \u0218i-a l\u0103sat ghiozdanul jos, apoi a privit-o direct pe Andreea, cu o expresie serioas\u0103.<\/p>\n\n\n\n<p>\u2014 Mam\u0103\u2026 cine e tata?<\/p>\n\n\n\n<p>Inima Andreei s-a oprit pentru o secund\u0103. Nu pentru c\u0103 nu se a\u0219tepta, ci pentru c\u0103 se temea c\u0103 acel moment o va rupe din nou \u00een dou\u0103. A inspirat ad\u00e2nc, apoi a spus sincer:<\/p>\n\n\n\n<p>\u2014 E cineva care nu a \u0219tiut s\u0103 ne pre\u021buiasc\u0103. N-a fost niciodat\u0103 aici pentru tine. Dar nu pentru c\u0103 ai fi gre\u0219it tu cu ceva. Ci pentru c\u0103 el\u2026 nu a avut curaj.<\/p>\n\n\n\n<p>Rare\u0219 s-a uitat \u00een jos. Apoi a ridicat din nou ochii.<\/p>\n\n\n\n<p>\u2014 L-am v\u0103zut, cred. A venit la \u0219coal\u0103 s\u0103pt\u0103m\u00e2na trecut\u0103. A vorbit cu diriginta. \u00cel cheam\u0103 Radu. Avea ochii ca ai mei.<\/p>\n\n\n\n<p>Andreea a \u00eencremenit.<\/p>\n\n\n\n<p>\u2014 A zis c\u0103\u2026 vrea s\u0103 te vad\u0103. C\u0103 regret\u0103 tot.<\/p>\n\n\n\n<p>Dup\u0103 o t\u0103cere lung\u0103, Andreea a spus:<\/p>\n\n\n\n<p>\u2014 Dac\u0103 tu sim\u021bi c\u0103 vrei s\u0103-l cuno\u0219ti, nu te voi opri. Dar vreau s\u0103 \u0219tii c\u0103 indiferent ce alegi\u2026 eu sunt aici.<\/p>\n\n\n\n<p>Dou\u0103 s\u0103pt\u0103m\u00e2ni mai t\u00e2rziu, Rare\u0219 l-a \u00eent\u00e2lnit pe Radu \u00eentr-un parc din ora\u0219. Nu a fost o scen\u0103 dramatic\u0103. Nu au fost lacrimi. Doar un \u00eenceput timid.<\/p>\n\n\n\n<p>Iar peste c\u00e2teva luni, dup\u0103 mai multe \u00eent\u00e2lniri, Radu i-a cerut iertare Andreei \u2014 sincer, umil, cu ochii \u00een lacrimi. A spus c\u0103 via\u021ba i-a ar\u0103tat c\u00e2t de mult a gre\u0219it.<\/p>\n\n\n\n<p>Andreea nu l-a reprimit \u00een via\u021ba ei ca partener. Dar l-a primit ca tat\u0103 pentru Rare\u0219. Iar b\u0103iatul, cu sufletul s\u0103u cald, a \u00een\u021beles c\u0103 iertarea poate deschide drumuri nea\u0219teptate.<\/p>\n\n\n\n<p>Trei ani mai t\u00e2rziu, Andreea avea propria firm\u0103 de contabilitate. Rare\u0219 se preg\u0103tea s\u0103 plece la facultate. Iar \u00eentr-o zi, pe o banc\u0103 din acela\u0219i parc, Andreea l-a cunoscut pe Mihai \u2014 un b\u0103rbat simplu, pasionat de educa\u021bie, care lucra la biblioteca din ora\u0219.<\/p>\n\n\n\n<p>\u0218i, de data asta, via\u021ba chiar i-a z\u00e2mbit.<\/p>\n\n\n\n<p>Dac\u0103 \u021bi-a pl\u0103cut povestea, nu uita s\u0103 o distribui cu prietenii t\u0103i! \u00cempreun\u0103 putem duce mai departe emo\u021bia \u0219i inspira\u021bia.<\/p>\n\n\n\n<p>\u201dAceast\u0103 poveste este inspirat\u0103 din evenimente \u0219i persoane reale, \u00eens\u0103 a fost fic\u021bionalizat\u0103 \u00een scopuri creative. Numele, personajele \u0219i detaliile au fost schimbate pentru a proteja intimitatea \u0219i pentru a \u00eembun\u0103t\u0103\u021bi nara\u021biunea. Orice asem\u0103nare cu persoane reale, sau cu evenimente reale este pur \u00eent\u00e2mpl\u0103toare \u0219i nu este inten\u021bionat\u0103 de c\u0103tre autor.<\/p>\n\n\n\n<p>Autorul \u0219i editorul nu \u00ee\u0219i asum\u0103 responsabilitatea pentru exactitatea evenimentelor sau pentru modul \u00een care sunt portretizate personajele \u0219i nu sunt r\u0103spunz\u0103tori pentru eventuale interpret\u0103ri gre\u0219ite. Aceast\u0103 poveste este oferit\u0103 \u201eca atare\u201d, iar orice opinii exprimate apar\u021bin personajelor \u0219i nu reflect\u0103 punctele de vedere ale autorului sau ale editorului.\u201d<\/p>\n","protected":false},"excerpt":{"rendered":"<p>O fat\u0103 de 20 de ani a r\u0103mas \u00eens\u0103rcinat\u0103 din gre\u0219eal\u0103 cu un muncitor \u00een construc\u021bii\u2026 La doar 20 de ani, Andreea \u2014 student\u0103 \u00een<\/p>\n","protected":false},"author":1,"featured_media":40939,"comment_status":"closed","ping_status":"closed","sticky":false,"template":"","format":"standard","meta":[],"categories":[1],"tags":[],"_links":{"self":[{"href":"https:\/\/calatorinromania.com\/index.php?rest_route=\/wp\/v2\/posts\/41150"}],"collection":[{"href":"https:\/\/calatorinromania.com\/index.php?rest_route=\/wp\/v2\/posts"}],"about":[{"href":"https:\/\/calatorinromania.com\/index.php?rest_route=\/wp\/v2\/types\/post"}],"author":[{"embeddable":true,"href":"https:\/\/calatorinromania.com\/index.php?rest_route=\/wp\/v2\/users\/1"}],"replies":[{"embeddable":true,"href":"https:\/\/calatorinromania.com\/index.php?rest_route=%2Fwp%2Fv2%2Fcomments&post=41150"}],"version-history":[{"count":1,"href":"https:\/\/calatorinromania.com\/index.php?rest_route=\/wp\/v2\/posts\/41150\/revisions"}],"predecessor-version":[{"id":41151,"href":"https:\/\/calatorinromania.com\/index.php?rest_route=\/wp\/v2\/posts\/41150\/revisions\/41151"}],"wp:featuredmedia":[{"embeddable":true,"href":"https:\/\/calatorinromania.com\/index.php?rest_route=\/wp\/v2\/media\/40939"}],"wp:attachment":[{"href":"https:\/\/calatorinromania.com\/index.php?rest_route=%2Fwp%2Fv2%2Fmedia&parent=41150"}],"wp:term":[{"taxonomy":"category","embeddable":true,"href":"https:\/\/calatorinromania.com\/index.php?rest_route=%2Fwp%2Fv2%2Fcategories&post=41150"},{"taxonomy":"post_tag","embeddable":true,"href":"https:\/\/calatorinromania.com\/index.php?rest_route=%2Fwp%2Fv2%2Ftags&post=41150"}],"curies":[{"name":"wp","href":"https:\/\/api.w.org\/{rel}","templated":true}]}}