{"id":41148,"date":"2025-08-08T16:23:08","date_gmt":"2025-08-08T16:23:08","guid":{"rendered":"https:\/\/calatorinromania.com\/?p=41148"},"modified":"2025-08-08T16:23:09","modified_gmt":"2025-08-08T16:23:09","slug":"oamenii-din-autobuz-au-observat-un-cal-care-alerga-alaturi","status":"publish","type":"post","link":"https:\/\/calatorinromania.com\/?p=41148","title":{"rendered":"Oamenii din autobuz au observat un cal care alerga al\u0103turi"},"content":{"rendered":"\n<p>Oamenii din autobuz au observat un cal care alerga al\u0103turi, f\u0103r\u0103 s\u0103 r\u0103m\u00e2n\u0103 \u00een urm\u0103 \u2014 to\u021bi au fost \u00eengrozi\u021bi c\u00e2nd au \u00een\u021beles de ce animalul se comporta at\u00e2t de ciudat&#8230;<\/p>\n\n\n\n<p><\/p>\n\n\n\n<p>Era o zi obi\u0219nuit\u0103 pe \u0219oseaua dintre ora\u0219e. Un autobuz plin cu turi\u0219ti se \u00eendrepta spre atrac\u021biile locale. Pasagerii \u2014 veseli, entuziasma\u021bi de excursie \u2014 c\u00e2ntau, povesteau, se cuno\u0219teau \u00eentre ei.<\/p>\n\n\n\n<p><\/p>\n\n\n\n<p>Atmosfera din autobuz era relaxat\u0103 \u0219i festiv\u0103. La volan se afla un \u0219ofer cu experien\u021b\u0103, atent la drum, calm \u0219i sigur pe sine, a\u0219a cum era de obicei.<\/p>\n\n\n\n<p><\/p>\n\n\n\n<p>Drumul \u0219erpuia printr-o p\u0103dure deas\u0103, totul p\u0103rea absolut normal\u2026 p\u00e2n\u0103 \u00een acel moment.<\/p>\n\n\n\n<p><\/p>\n\n\n\n<p>Dintre copaci, ca ap\u0103rut de nic\u0103ieri, a ie\u0219it pe \u0219osea un cal. Negru, lucios, evident nu s\u0103lbatic \u2014 \u00eengrijit, cu coam\u0103 bogat\u0103 \u0219i ochi bl\u00e2nzi. Alerga cu u\u0219urin\u021b\u0103 \u00een pasul autobuzului, \u021bin\u00e2ndu-se exact l\u00e2ng\u0103 el, f\u0103r\u0103 s\u0103 r\u0103m\u00e2n\u0103 niciun metru \u00een urm\u0103.<\/p>\n\n\n\n<p><\/p>\n\n\n\n<p>Turi\u0219tii, uimi\u021bi, au scos telefoanele. Unii r\u00e2deau, al\u021bii strigau \u201eFilmeaz\u0103, filmeaz\u0103!\u201d, crez\u00e2nd c\u0103 era doar un moment frumos, spontan, din natur\u0103.<\/p>\n\n\n\n<p><\/p>\n\n\n\n<p>Totu\u0219i, comportamentul animalului avea ceva ciudat. Calul scotea sunete \u2014 ca \u0219i cum ar fi chemat, ca \u0219i cum ar fi cerut ajutor. \u0218oferul a sim\u021bit c\u0103 ceva nu este \u00een regul\u0103. A redus viteza \u0219i, \u00een cele din urm\u0103, a oprit complet autobuzul.<\/p>\n\n\n\n<p><\/p>\n\n\n\n<p>A deschis u\u0219a \u2014 calul s-a oprit l\u00e2ng\u0103 vehicul. \u0218oferul a cobor\u00e2t \u0219i s-a apropiat de animal, privind atent: nicio ran\u0103, p\u0103rea perfect s\u0103n\u0103tos.<\/p>\n\n\n\n<p><\/p>\n\n\n\n<p>\u2014 \u0218i ce-ai vrut s\u0103-mi spui? \u2014 a murmurat el z\u00e2mbind, gata s\u0103 se \u00eentoarc\u0103 la volan.<\/p>\n\n\n\n<p><\/p>\n\n\n\n<p>Dar calul i-a t\u0103iat brusc calea. S-a pus de-a curmezi\u0219ul \u00een fa\u021ba u\u0219ii, a dat din cap, de parc\u0103 \u00eel ruga s\u0103 nu mai plece mai departe. Atunci, to\u021bi cei care p\u00e2n\u0103 atunci priveau cu amuzament au \u00eenceput s\u0103 simt\u0103 o nelini\u0219te.<\/p>\n\n\n\n<p>C\u00e2teva secunde \u2014 lini\u0219te, fo\u0219netul p\u0103durii, murmurul v\u00e2ntului\u2026 \u0219i, dintr-odat\u0103, \u00een dep\u0103rtare a r\u0103sunat o explozie puternic\u0103.<\/p>\n\n\n\n<p>Dup\u0103 un minut, deasupra copacilor s-a ridicat un st\u00e2lp gros de fum. Drumul din fa\u021b\u0103 disp\u0103ruse \u2014 podul care unea cele dou\u0103 maluri ale unei pr\u0103p\u0103stii se pr\u0103bu\u0219ise. Explodase.<\/p>\n\n\n\n<p>Panic\u0103. \u0218oc. T\u0103cere \u00een autobuz. To\u021bi au \u00een\u021beles: dac\u0103 nu s-ar fi oprit, \u00een c\u00e2teva minute s-ar fi aflat pe acel pod\u2026<\/p>\n\n\n\n<p>Mai t\u00e2rziu s-a aflat c\u0103 explozia fusese provocat\u0103 de o scurgere de gaz la o cl\u0103dire de depozit din apropiere, iar fragmentele aruncate au avariat podul. Doar un lan\u021b de coinciden\u021be, o neaten\u021bie a cuiva \u0219i un joc fatal al sor\u021bii.<\/p>\n\n\n\n<p>Calul st\u0103tea l\u00e2ng\u0103 ei. Lini\u0219tit. De parc\u0103 \u0219tia c\u0103 totul trecuse.<\/p>\n\n\n\n<p>Pentru omenire r\u0103m\u00e2ne un mister cum animalele simt apropierea unei nenorociri. A fost o salvare, un miracol sau doar instinct \u2014 nimeni nu \u0219tie. Dar to\u021bi cei din acel autobuz \u0219tiu un singur lucru: dac\u0103 nu ar fi fost acel cal, nimeni nu ar fi r\u0103mas s\u0103 spun\u0103 povestea.<\/p>\n\n\n\n<p><em>Aceast\u0103 lucrare este inspirat\u0103 din evenimente \u0219i persoane reale, \u00eens\u0103 a fost fic\u021bionalizat\u0103 \u00een scopuri creative. Numele, personajele \u0219i detaliile au fost schimbate pentru a proteja intimitatea \u0219i pentru a \u00eembun\u0103t\u0103\u021bi nara\u021biunea. Orice asem\u0103nare cu persoane reale, \u00een via\u021b\u0103 sau decedate, sau cu evenimente reale este pur \u00eent\u00e2mpl\u0103toare \u0219i nu este inten\u021bionat\u0103 de c\u0103tre autor.<\/em><\/p>\n\n\n\n<p><em>Autorul \u0219i editorul nu \u00ee\u0219i asum\u0103 responsabilitatea pentru exactitatea evenimentelor sau pentru modul \u00een care sunt portretizate personajele \u0219i nu sunt r\u0103spunz\u0103tori pentru eventuale interpret\u0103ri gre\u0219ite. Aceast\u0103 poveste este oferit\u0103 \u201eca atare\u201d, iar orice opinii exprimate apar\u021bin personajelor \u0219i nu reflect\u0103 punctele de vedere ale autorului sau ale editorului.<\/em><\/p>\n","protected":false},"excerpt":{"rendered":"<p>Oamenii din autobuz au observat un cal care alerga al\u0103turi, f\u0103r\u0103 s\u0103 r\u0103m\u00e2n\u0103 \u00een urm\u0103 \u2014 to\u021bi au fost \u00eengrozi\u021bi c\u00e2nd au \u00een\u021beles de ce<\/p>\n","protected":false},"author":1,"featured_media":40939,"comment_status":"closed","ping_status":"closed","sticky":false,"template":"","format":"standard","meta":[],"categories":[1],"tags":[],"_links":{"self":[{"href":"https:\/\/calatorinromania.com\/index.php?rest_route=\/wp\/v2\/posts\/41148"}],"collection":[{"href":"https:\/\/calatorinromania.com\/index.php?rest_route=\/wp\/v2\/posts"}],"about":[{"href":"https:\/\/calatorinromania.com\/index.php?rest_route=\/wp\/v2\/types\/post"}],"author":[{"embeddable":true,"href":"https:\/\/calatorinromania.com\/index.php?rest_route=\/wp\/v2\/users\/1"}],"replies":[{"embeddable":true,"href":"https:\/\/calatorinromania.com\/index.php?rest_route=%2Fwp%2Fv2%2Fcomments&post=41148"}],"version-history":[{"count":1,"href":"https:\/\/calatorinromania.com\/index.php?rest_route=\/wp\/v2\/posts\/41148\/revisions"}],"predecessor-version":[{"id":41149,"href":"https:\/\/calatorinromania.com\/index.php?rest_route=\/wp\/v2\/posts\/41148\/revisions\/41149"}],"wp:featuredmedia":[{"embeddable":true,"href":"https:\/\/calatorinromania.com\/index.php?rest_route=\/wp\/v2\/media\/40939"}],"wp:attachment":[{"href":"https:\/\/calatorinromania.com\/index.php?rest_route=%2Fwp%2Fv2%2Fmedia&parent=41148"}],"wp:term":[{"taxonomy":"category","embeddable":true,"href":"https:\/\/calatorinromania.com\/index.php?rest_route=%2Fwp%2Fv2%2Fcategories&post=41148"},{"taxonomy":"post_tag","embeddable":true,"href":"https:\/\/calatorinromania.com\/index.php?rest_route=%2Fwp%2Fv2%2Ftags&post=41148"}],"curies":[{"name":"wp","href":"https:\/\/api.w.org\/{rel}","templated":true}]}}