{"id":41143,"date":"2025-08-08T07:05:26","date_gmt":"2025-08-08T07:05:26","guid":{"rendered":"https:\/\/calatorinromania.com\/?p=41143"},"modified":"2025-08-08T07:05:27","modified_gmt":"2025-08-08T07:05:27","slug":"a-ales-sa-si-pastreze-copilul-nu-banii-lui","status":"publish","type":"post","link":"https:\/\/calatorinromania.com\/?p=41143","title":{"rendered":"A ALES S\u0102-\u0218I P\u0102STREZE COPILUL, NU BANII LUI"},"content":{"rendered":"\n<p>\u2026ci ca pe o mam\u0103 demn\u0103, curajoas\u0103 \u0219i puternic\u0103.<\/p>\n\n\n\n<p><\/p>\n\n\n\n<p>Maria nu a cerut ajutor. Dar a primit, pentru prima dat\u0103, un gest sincer de omenie. Banii trimi\u0219i lunar de b\u0103tr\u00e2nul Vlad i-au permis s\u0103 m\u0103n\u00e2nce, s\u0103 mearg\u0103 la controale, s\u0103 se odihneasc\u0103. Niciodat\u0103 nu a risipit un leu. \u00cei nota pe to\u021bi \u00eentr-un caiet \u0219i spunea:<\/p>\n\n\n\n<p><\/p>\n\n\n\n<p>\u201eAce\u0219tia nu sunt bani pentru mine. Sunt pentru viitorul copilului meu.\u201d<\/p>\n\n\n\n<p><\/p>\n\n\n\n<p>C\u00e2nd a venit pe lume micu\u021bul Andrei, ochii lui erau identici cu ai tat\u0103lui s\u0103u biologic, dar z\u00e2mbetul\u2026 z\u00e2mbetul era al Mariei.<\/p>\n\n\n\n<p><\/p>\n\n\n\n<p>La dou\u0103 luni dup\u0103 na\u0219tere, a mers la vila Vlad cu copilul \u00een bra\u021be. Nu cu team\u0103, ci cu demnitate.<\/p>\n\n\n\n<p><\/p>\n\n\n\n<p>Testul ADN a confirmat: Sorin era tat\u0103l.<\/p>\n\n\n\n<p><\/p>\n\n\n\n<p>Tat\u0103l lui Sorin a t\u0103cut \u00eendelung. Apoi a spus:<\/p>\n\n\n\n<p><\/p>\n\n\n\n<p>\u2014 \u00cemi pare r\u0103u c\u0103 el nu a fost b\u0103rbat. Dar vreau ca acest copil s\u0103 aib\u0103 un nume. S\u0103 poarte ceva mai mult dec\u00e2t amintirea unui tat\u0103 absent.<\/p>\n\n\n\n<p>\u0218i i-a dat numele Vlad. Cu acte. L-a trecut \u00een testament. Iar Maria\u2026 a fost invitat\u0103 s\u0103 fac\u0103 parte din consiliul de administrare al uneia dintre funda\u021biile familiei.<\/p>\n\n\n\n<p>A refuzat polite\u021bea. A cerut ceva mai simplu.<\/p>\n\n\n\n<p>\u2014 Vreau doar un spa\u021biu unde s\u0103 pot deschide o \u0219coal\u0103 pentru mame singure. Unde s\u0103 le \u00eenv\u0103\u021b\u0103m c\u0103 demnitatea nu se vinde. C\u0103 nu trebuie s\u0103 te ag\u0103\u021bi de un b\u0103rbat, ci de propriul t\u0103u vis.<\/p>\n\n\n\n<p>B\u0103tr\u00e2nul a z\u00e2mbit.<\/p>\n\n\n\n<p>\u2014 Exact asta ar fi spus \u0219i mama lui Sorin\u2026 \u00eenainte s\u0103 moar\u0103.<\/p>\n\n\n\n<p>Au trecut zece ani. Maria a crescut un b\u0103iat iste\u021b, politicos \u0219i bun la suflet. Nu i-a vorbit niciodat\u0103 cu ur\u0103 despre tat\u0103l lui, dar nici nu i-a ascuns adev\u0103rul.<\/p>\n\n\n\n<p>Andrei a \u00eenv\u0103\u021bat c\u0103 numele pe care \u00eel por\u021bi nu te define\u0219te \u2014 ci faptele.<\/p>\n\n\n\n<p>La v\u00e2rsta de 10 ani, a \u021binut primul lui discurs la deschiderea noii \u0219coli pentru mame. A spus:<\/p>\n\n\n\n<p>\u2014 Mama mea m-a ales pe mine, nu banii. \u0218i, pentru asta, voi fi mereu m\u00e2ndru c\u0103 sunt fiul Mariei.<\/p>\n\n\n\n<p>Iar \u00een mul\u021bime, b\u0103tr\u00e2nul Vlad a l\u0103crimat. Nu pentru imperiul s\u0103u, nu pentru averea ce urma s\u0103 o lase\u2026 ci pentru c\u0103, \u00eentr-un final, \u00eenv\u0103\u021base ce \u00eenseamn\u0103 cu adev\u0103rat mo\u0219tenirea.<\/p>\n\n\n\n<p><em>Aceast\u0103 lucrare este inspirat\u0103 din evenimente \u0219i persoane reale, \u00eens\u0103 a fost fic\u021bionalizat\u0103 \u00een scopuri creative. Numele, personajele \u0219i detaliile au fost schimbate pentru a proteja intimitatea \u0219i pentru a \u00eembun\u0103t\u0103\u021bi nara\u021biunea. Orice asem\u0103nare cu persoane reale, \u00een via\u021b\u0103 sau decedate, sau cu evenimente reale este pur \u00eent\u00e2mpl\u0103toare \u0219i nu este inten\u021bionat\u0103 de c\u0103tre autor.<\/em><\/p>\n\n\n\n<p><em>Autorul \u0219i editorul nu \u00ee\u0219i asum\u0103 responsabilitatea pentru exactitatea evenimentelor sau pentru modul \u00een care sunt portretizate personajele \u0219i nu sunt r\u0103spunz\u0103tori pentru eventuale interpret\u0103ri gre\u0219ite. Aceast\u0103 poveste este oferit\u0103 \u201eca atare\u201d, iar orice opinii exprimate apar\u021bin personajelor \u0219i nu reflect\u0103 punctele de vedere ale autorului sau ale editorului.<\/em><\/p>\n","protected":false},"excerpt":{"rendered":"<p>\u2026ci ca pe o mam\u0103 demn\u0103, curajoas\u0103 \u0219i puternic\u0103. Maria nu a cerut ajutor. Dar a primit, pentru prima dat\u0103, un gest sincer de omenie.<\/p>\n","protected":false},"author":1,"featured_media":40932,"comment_status":"closed","ping_status":"closed","sticky":false,"template":"","format":"standard","meta":[],"categories":[1],"tags":[],"_links":{"self":[{"href":"https:\/\/calatorinromania.com\/index.php?rest_route=\/wp\/v2\/posts\/41143"}],"collection":[{"href":"https:\/\/calatorinromania.com\/index.php?rest_route=\/wp\/v2\/posts"}],"about":[{"href":"https:\/\/calatorinromania.com\/index.php?rest_route=\/wp\/v2\/types\/post"}],"author":[{"embeddable":true,"href":"https:\/\/calatorinromania.com\/index.php?rest_route=\/wp\/v2\/users\/1"}],"replies":[{"embeddable":true,"href":"https:\/\/calatorinromania.com\/index.php?rest_route=%2Fwp%2Fv2%2Fcomments&post=41143"}],"version-history":[{"count":1,"href":"https:\/\/calatorinromania.com\/index.php?rest_route=\/wp\/v2\/posts\/41143\/revisions"}],"predecessor-version":[{"id":41144,"href":"https:\/\/calatorinromania.com\/index.php?rest_route=\/wp\/v2\/posts\/41143\/revisions\/41144"}],"wp:featuredmedia":[{"embeddable":true,"href":"https:\/\/calatorinromania.com\/index.php?rest_route=\/wp\/v2\/media\/40932"}],"wp:attachment":[{"href":"https:\/\/calatorinromania.com\/index.php?rest_route=%2Fwp%2Fv2%2Fmedia&parent=41143"}],"wp:term":[{"taxonomy":"category","embeddable":true,"href":"https:\/\/calatorinromania.com\/index.php?rest_route=%2Fwp%2Fv2%2Fcategories&post=41143"},{"taxonomy":"post_tag","embeddable":true,"href":"https:\/\/calatorinromania.com\/index.php?rest_route=%2Fwp%2Fv2%2Ftags&post=41143"}],"curies":[{"name":"wp","href":"https:\/\/api.w.org\/{rel}","templated":true}]}}